{"id":160360,"date":"2025-10-07T03:48:14","date_gmt":"2025-10-07T03:48:14","guid":{"rendered":"https:\/\/www.europesays.com\/es\/160360\/"},"modified":"2025-10-07T03:48:14","modified_gmt":"2025-10-07T03:48:14","slug":"el-congreso-decide-hoy-si-avanza-hacia-la-derogacion-de-la-proteccion-cultural-a-la-tauromaquia-cultura","status":"publish","type":"post","link":"https:\/\/www.europesays.com\/es\/160360\/","title":{"rendered":"El Congreso decide hoy si avanza hacia la derogaci\u00f3n de la protecci\u00f3n cultural a la tauromaquia | Cultura"},"content":{"rendered":"<p class=\"\">Estas semanas, en la madrile\u00f1a plaza de Las Ventas, seis toros cada d\u00eda se ven plantados, de repente, en medio de un estadio, frente a una amenaza mortal, entre gradas repletas de asistentes. Solo los animales sabr\u00e1n qu\u00e9 se siente. Sin embargo, la propia tauromaquia experimentar\u00e1 este martes una peque\u00f1a cata: su destino sale al ruedo del Congreso. El pleno votar\u00e1, por la tarde, la toma en consideraci\u00f3n de<a href=\"https:\/\/elpais.com\/cultura\/2025-04-07\/una-iniciativa-legislativa-popular-obligara-al-congreso-a-votar-si-deroga-la-proteccion-cultural-a-los-toros.html\" target=\"_self\" rel=\"nofollow noopener\" title=\"https:\/\/elpais.com\/cultura\/2025-04-07\/una-iniciativa-legislativa-popular-obligara-al-congreso-a-votar-si-deroga-la-proteccion-cultural-a-los-toros.html\"> una Iniciativa Legislativa Popular (ILP) que propone derogar la protecci\u00f3n cultural<\/a> a las corridas de toros. Es decir, cancelar el estatus de la tauromaquia como patrimonio cultural nacional y, por lo tanto, devolver a cada poder auton\u00f3mico la opci\u00f3n de mantener o vetar sus espect\u00e1culos. Un rechazo a la ILP, en cambio, supondr\u00eda el fin de su recorrido. Y, de paso, un alivio y todo un capote para los festejos taurinos. <\/p>\n<p>M\u00e1s informaci\u00f3n<\/p>\n<p class=\"\">\u201cNo se trata de prohibir los toros. Planteamos \u00fanicamente<a href=\"https:\/\/www.boe.es\/buscar\/act.php?id=BOE-A-2013-11837\" target=\"_self\" rel=\"nofollow noopener\" title=\"https:\/\/www.boe.es\/buscar\/act.php?id=BOE-A-2013-11837\"> derogar la ley 18\/2013<\/a>, que regul\u00f3 la tauromaquia como patrimonio cultural. Nuestra propuesta tiene dos almas: la protecci\u00f3n a los animales y la devoluci\u00f3n de la competencia a las autonom\u00edas\u201d, explica A\u00efda Gasc\u00f3n, miembro de la Comisi\u00f3n Promotora de la ILP No es mi Cultura. Su movimiento, curiosamente, surgi\u00f3 justo en respuesta a otra iniciativa popular: la que present\u00f3 <a href=\"https:\/\/elpais.com\/politica\/2012\/03\/22\/actualidad\/1332420896_634433.html\" rel=\"nofollow noopener\" target=\"_blank\">la Federaci\u00f3n de Entidades Taurinas de Catalu\u00f1a en marzo de 2012<\/a> para que la tauromaquia fuera declarada Bien de Inter\u00e9s Cultural (BIC). El entonces Gobierno, del PP de Mariano Rajoy, recogi\u00f3 el guante y sac\u00f3 adelante un a\u00f1o y medio despu\u00e9s una ley que establec\u00eda, <a href=\"https:\/\/www.boe.es\/buscar\/act.php?id=BOE-A-2013-11837\" target=\"_self\" rel=\"nofollow noopener\" title=\"https:\/\/www.boe.es\/buscar\/act.php?id=BOE-A-2013-11837\">en su art\u00edculo 2,<\/a> que la tauromaquia \u201cforma parte del patrimonio cultural digno de protecci\u00f3n en todo el territorio nacional\u201d. <a href=\"https:\/\/www.boe.es\/buscar\/act.php?id=BOE-A-2013-11837\" target=\"_self\" rel=\"nofollow noopener\" title=\"https:\/\/www.boe.es\/buscar\/act.php?id=BOE-A-2013-11837\">Y en el 3:<\/a> \u201cLos poderes p\u00fablicos garantizar\u00e1n la conservaci\u00f3n de la Tauromaquia y promover\u00e1n su enriquecimiento\u201d. Eso es lo que pretende cancelar la nueva ILP. <\/p>\n<p><img decoding=\"auto\" class=\"_re lazyload a_m-h\" height=\"277\"  width=\"414\"  src=\"https:\/\/www.europesays.com\/es\/wp-content\/uploads\/2025\/10\/1759808891_740_D6SEFMQPTVE2XEUJWM6RUBJFEQ.jpg\" loading=\"lazy\"\/>V\u00edctor Hern\u00e1ndez, durante una corrida de toros en la plaza madrile\u00f1a de Las Ventas el  domingo 5 de octubre. Borja S\u00e1nchez-Trillo (Efe)<\/p>\n<p class=\"\">De ah\u00ed que 3.000 voluntarios se movilizaran durante meses, recogieran <a href=\"https:\/\/elpais.com\/cultura\/2025-02-17\/el-congreso-recibe-mas-de-700000-firmas-contra-la-tauromaquia-como-patrimonio-cultural.html\" target=\"_self\" rel=\"nofollow noopener\" title=\"https:\/\/elpais.com\/cultura\/2025-02-17\/el-congreso-recibe-mas-de-700000-firmas-contra-la-tauromaquia-como-patrimonio-cultural.html\">715.606 firmas ciudadanas<\/a> \u2014la Junta Electoral Central certific\u00f3 <a href=\"https:\/\/elpais.com\/cultura\/2025-02-17\/el-congreso-recibe-mas-de-700000-firmas-contra-la-tauromaquia-como-patrimonio-cultural.html\" target=\"_self\" rel=\"nofollow noopener\" title=\"https:\/\/elpais.com\/cultura\/2025-02-17\/el-congreso-recibe-mas-de-700000-firmas-contra-la-tauromaquia-como-patrimonio-cultural.html\">como v\u00e1lidas 664.777<\/a>\u2014 y fuercen ahora a los diputados a posicionarse. Ha quedado as\u00ed en evidencia que el principal partido de Gobierno, el PSOE, parece igual de dividido que sus votantes. Ayer, a \u00faltima hora, una fuente socialista aseguraba que la formaci\u00f3n a\u00fan estaba decidiendo su postura de cara a la votaci\u00f3n. <\/p>\n<p class=\"\">Muy a favor se ha mostrado<a href=\"https:\/\/elpais.com\/cultura\/2024-05-03\/el-ministerio-de-cultura-elimina-el-premio-nacional-de-tauromaquia.html\" target=\"_self\" rel=\"nofollow noopener\" title=\"https:\/\/elpais.com\/cultura\/2024-05-03\/el-ministerio-de-cultura-elimina-el-premio-nacional-de-tauromaquia.html\"> el socio minoritario del Ejecutivo<\/a>. \u201cEl futuro es animalista, pero la apoyamos tambi\u00e9n porque viene de abajo, del impulso popular. Es mucho m\u00e1s importante as\u00ed que si la hubi\u00e9ramos presentado nosotros\u201d, resume Nahuel Gonz\u00e1lez, diputado de Sumar responsable de este asunto. Las dem\u00e1s formaciones de izquierdas, como Unidas Podemos, Esquerra Republicana de Catalunya o Bildu, tambi\u00e9n han adelantado su visto bueno. <\/p>\n<p class=\"\">A la vez, el Partido Popular y la extrema derecha de Vox se opondr\u00e1n. Son las \u00fanicas dos formaciones, junto con los nacionalistas vascos del PNV, que no se reunieron con los impulsores, seg\u00fan Gasc\u00f3n. \u201cEs una ley de censura. Aludiendo a una revisi\u00f3n de las competencias, viene escondiendo la potestad de cada comunidad y municipio para censurar o prohibir la tauromaquia. Para nosotros, es cultura y arte porque tiene un valor patrimonial, material e inmaterial incontestable, y debe seguir contando con ese reconocimiento\u201d, apunta Mar\u00eda Soledad Cruz Guzm\u00e1n Garc\u00eda, encargada de expresar la postura del PP.<\/p>\n<p class=\"\">Cierta incertidumbre rodea tambi\u00e9n el voto del independentismo catal\u00e1n conservador de Junts. Resulta, en todo caso, poco probable que las formaciones nacionalistas se opongan de salida a una norma que devuelve competencias a las autonom\u00edas. De ah\u00ed que las dudas, y los focos, principales miren hacia el PSOE. <\/p>\n<p><img decoding=\"auto\" class=\"_re lazyload a_m-h\" height=\"276\"  width=\"414\"  src=\"https:\/\/www.europesays.com\/es\/wp-content\/uploads\/2025\/10\/P3G3BYYODZPRVAGLACQW4V6274.jpg\" loading=\"lazy\"\/>Pablo Aguado, durante la corrida de la Feria de Oto\u00f1o celebrada el s\u00e1bado 4 de octubre en la plaza de toros de Las Ventas, en Madrid. Borja S\u00e1nchez-Trillo (EFE)<\/p>\n<p class=\"\">Hace unos d\u00edas, <a href=\"https:\/\/elpais.com\/cultura\/2025-09-23\/la-propuesta-popular-contra-la-tauromaquia-empieza-un-complicado-tramite-en-el-congreso-que-el-psoe-tendra-que-resolver.html\" target=\"_self\" rel=\"nofollow noopener\" title=\"https:\/\/elpais.com\/cultura\/2025-09-23\/la-propuesta-popular-contra-la-tauromaquia-empieza-un-complicado-tramite-en-el-congreso-que-el-psoe-tendra-que-resolver.html\">en un debate sobre la ILP en la Comisi\u00f3n de Cultura del Congreso<\/a>, Marc Lamu\u00e0 Esta\u00f1ol, portavoz socialista para este tema, afirm\u00f3: \u201cLa cultura no es un campo de batalla, sino un \u00e1gora de encuentro. Simplificar un hecho cultural como la tauromaquia a <a href=\"https:\/\/elpais.com\/opinion\/2024-05-17\/los-toros-pijos-de-barcelona-vs-pijos-de-madrid.html\" rel=\"nofollow noopener\" title=\"https:\/\/elpais.com\/opinion\/2024-05-17\/los-toros-pijos-de-barcelona-vs-pijos-de-madrid.html\" target=\"_blank\">un acto atendido por casposos o seres de luz<\/a> es injusto porque distorsiona y polariza\u201d. Tanto la comisi\u00f3n promotora como Sumar interpretaron sus palabras, y posteriores conversaciones, como un respaldo. \u201cNo nos esperamos sorpresas\u201d, confiaba ayer Gasc\u00f3n, que participar\u00e1 en una concentraci\u00f3n esta tarde ante el Congreso. <\/p>\n<p class=\"\">M\u00e1s dif\u00edcil a\u00fan resulta aventurar qu\u00e9 har\u00eda el PSOE si se llegara a la encrucijada final. Siempre y cuando, eso s\u00ed, suceda: aprobar la toma en consideraci\u00f3n supone devolver <a href=\"https:\/\/elpais.com\/cultura\/2025-09-23\/la-propuesta-popular-contra-la-tauromaquia-empieza-un-complicado-tramite-en-el-congreso-que-el-psoe-tendra-que-resolver.html\" target=\"_self\" rel=\"nofollow noopener\" title=\"https:\/\/elpais.com\/cultura\/2025-09-23\/la-propuesta-popular-contra-la-tauromaquia-empieza-un-complicado-tramite-en-el-congreso-que-el-psoe-tendra-que-resolver.html\">el texto a la Comisi\u00f3n de Cultura, <\/a>para el proceso de enmiendas. Una propuesta tan sencilla no augurar\u00eda dilaciones hasta llegar a un dictamen, pero el asunto se antoja tan sensible como polarizado, lo que invita a la prudencia. Si prosperara, la ILP regresar\u00eda al pleno de los diputados por la puerta grande: para votar s\u00ed o no. Y repetir el proceso, en caso de \u00e9xito, en el Senado. El a\u00f1o pr\u00f3ximo, espera Gasc\u00f3n. Pero el inmovilismo parlamentario y la fr\u00e1gil mayor\u00eda de Gobierno amenazan cualquier propuesta de ley. Si la legislatura terminara antes de tiempo, o sin haber afrontado la cuesti\u00f3n<a href=\"https:\/\/elpais.com\/cultura\/el-toro-por-los-cuernos\/2025-02-21\/la-ilp-antitaurina-en-el-congreso-se-prohibiran-los-toros.html\" target=\"_self\" rel=\"nofollow noopener\" title=\"https:\/\/elpais.com\/cultura\/el-toro-por-los-cuernos\/2025-02-21\/la-ilp-antitaurina-en-el-congreso-se-prohibiran-los-toros.html\">, la ILP quedar\u00eda en un intento.<\/a> De las 154 presentadas desde 1984, al fin y al cabo, solo dos fueron avaladas por el Congreso, con modificaciones, y otras dos quedaron incorporadas en otras normas.<\/p>\n<p><img decoding=\"auto\" class=\"_re lazyload a_m-h\" height=\"276\"  width=\"414\"  src=\"https:\/\/www.europesays.com\/es\/wp-content\/uploads\/2025\/10\/SDE6OUIA3ZI3FHBTOJQ3HOA53A.jpg\" loading=\"lazy\"\/>Manifestaci\u00f3n antitaurina de PACMA Misi\u00f3n Abolici\u00f3n 2025, en 20 de septiembre de 2025, en Madrid.Alejandro Mart\u00ednez V\u00e9lez (Europa Press)<\/p>\n<p class=\"\">La hemeroteca aumenta las dudas. Porque <a href=\"https:\/\/elpais.com\/cultura\/2024-05-03\/el-ministerio-de-cultura-elimina-el-premio-nacional-de-tauromaquia.html\" rel=\"nofollow noopener\" target=\"_blank\">el Ministerio de Cultura, dirigido por Ernest Urtasun y Sumar, suprimi\u00f3<\/a> en 2024 el Premio Nacional de Tauromaquia, que se entregaba desde 2013 con una dotaci\u00f3n de 30.000 euros. Y los socialistas se abstuvieron ante la moci\u00f3n que el PP present\u00f3 en el Senado para volver a convocar el galard\u00f3n. \u201cEl PSOE aclara, anuncia y determina que no solamente respeta la tauromaquia, sino que, como legalmente se recoge en el ordenamiento jur\u00eddico, la vamos a seguir ayudando y manteniendo\u201d, afirm\u00f3 entonces el senador Alfonso Moscoso. Finalmente, <a href=\"https:\/\/elpais.com\/cultura\/2025-02-11\/albert-serra-y-la-real-union-de-criadores-de-toros-de-lidia-ructl-galardonados-con-el-premio-nacional-de-tauromaquia-alternativo.html\" rel=\"nofollow noopener\" target=\"_blank\">el reconocimiento alternativo naci\u00f3<\/a>, impulsado tambi\u00e9n por Castilla-La Mancha, gobernada por los socialistas. Pero <a href=\"https:\/\/elpais.com\/espana\/2024-06-26\/el-psoe-avala-ahora-la-cancelacion-del-premio-nacional-de-tauromaquia-que-impulso-sumar.html\" rel=\"nofollow noopener\" target=\"_blank\">hace algo m\u00e1s de un a\u00f1o el PSOE se opuso a una proposici\u00f3n <\/a>no de ley del PP en el Congreso para recuperar el premio nacional. <\/p>\n<p class=\"\">El debate, en todo caso, se antoja mucho m\u00e1s complejo. En la Comisi\u00f3n de Cultura, la semana pasada, <a href=\"https:\/\/elpais.com\/cultura\/2025-09-23\/la-propuesta-popular-contra-la-tauromaquia-empieza-un-complicado-tramite-en-el-congreso-que-el-psoe-tendra-que-resolver.html\" target=\"_self\" rel=\"nofollow noopener\" title=\"https:\/\/elpais.com\/cultura\/2025-09-23\/la-propuesta-popular-contra-la-tauromaquia-empieza-un-complicado-tramite-en-el-congreso-que-el-psoe-tendra-que-resolver.html\">salieron a relucir Goya, Lorca, Camar\u00f3n o Joaqu\u00edn Sabina. <\/a>La popular Cruz Guzm\u00e1n Garc\u00eda alude a una \u201chistoria milenaria que empieza en las cuevas de Altamira\u201d. A lo que Gonz\u00e1lez, de Sumar, responde: \u201cLa derecha se ha bunkerizado en la tauromaquia. Buscan a trav\u00e9s de esta identidad el orgullo de ser espa\u00f1oles. A nosotros no nos enorgullece, nos averg\u00fcenza\u201d. <a href=\"https:\/\/estadisticas.cultura.gob.es\/CulturaDynPx\/culturabase\/index.htm?type=pcaxis&amp;path=\/t9\/p9\/a1a2024-2025\/c10\/&amp;file=pcaxis\" target=\"_self\" rel=\"nofollow noopener\" title=\"https:\/\/estadisticas.cultura.gob.es\/CulturaDynPx\/culturabase\/index.htm?type=pcaxis&amp;path=\/t9\/p9\/a1a2024-2025\/c10\/&amp;file=pcaxis\">Las cifras dan fe de que solo un 8% de la poblaci\u00f3n<\/a> acudi\u00f3 a espect\u00e1culos taurinos en el \u00faltimo a\u00f1o, seg\u00fan datos oficiales, con m\u00e1s participaci\u00f3n masculina y en las franjas de edad de 15-24 a\u00f1os y 45-64. <a href=\"https:\/\/estadisticas.cultura.gob.es\/CulturaDynPx\/culturabase\/index.htm?type=pcaxis&amp;path=\/t9\/p9\/a1a2024-2025\/c10\/&amp;file=pcaxis\" target=\"_self\" rel=\"nofollow noopener\" title=\"https:\/\/estadisticas.cultura.gob.es\/CulturaDynPx\/culturabase\/index.htm?type=pcaxis&amp;path=\/t9\/p9\/a1a2024-2025\/c10\/&amp;file=pcaxis\">Las estad\u00edsticas tambi\u00e9n se\u00f1alan que, en una escala de 1 a 10<\/a>, la tauromaquia interesa entre 5 y 10 a una cuarta parte de la ciudadan\u00eda. Sin embargo, un 68,4% le otorga un valor entre 0 y 2.<\/p>\n<p><img decoding=\"auto\" class=\"_re lazyload a_m-h\" height=\"277\"  width=\"414\"  src=\"https:\/\/www.europesays.com\/es\/wp-content\/uploads\/2025\/10\/UTPTDEYHK4E3KSOBQVOHP7OXPU.jpg\" loading=\"lazy\"\/>Dos personas se abrazan en el Parlamento de Catalu\u00f1a el 28 de julio de 2010 tras la votaci\u00f3n que prohibi\u00f3 los toros.CARLES RIBAS<\/p>\n<p class=\"\"><a href=\"https:\/\/libreria.cultura.gob.es\/libro\/anuario-de-estadisticas-culturales-2024_10628\/\" target=\"_self\" rel=\"nofollow noopener\" title=\"https:\/\/libreria.cultura.gob.es\/libro\/anuario-de-estadisticas-culturales-2024_10628\/\">En cuanto a la actividad, en 2023, \u00faltima cifra disponible<\/a>, los festejos bajaron: 1.474 frente a 1.546 en 2022. Aunque superaron los n\u00fameros prepandemia: en 2019 hab\u00edan sido 1.425. La gran mayor\u00eda se concentr\u00f3 entre Madrid, Castilla-La Mancha, Castilla y Le\u00f3n y Andaluc\u00eda. Las \u00faltimas dos afrontan elecciones el a\u00f1o pr\u00f3ximo, otro elemento que puede mover la balanza. \u201cCreemos que la tauromaquia no tiene ideolog\u00eda. M\u00e1s de un 60% de los municipios, de todos los colores pol\u00edticos, desarrolla festejos\u201d, destaca Cruz Guzm\u00e1n Garc\u00eda. A la vez,<a href=\"https:\/\/libreria.cultura.gob.es\/libro\/anuario-de-estadisticas-culturales-2024_10628\/\" target=\"_self\" rel=\"nofollow noopener\" title=\"https:\/\/libreria.cultura.gob.es\/libro\/anuario-de-estadisticas-culturales-2024_10628\/\"> crecieron los profesionales del sector<\/a> en todas las categor\u00edas, hasta su cifra m\u00e1s alta en un lustro: matadores, rejoneadores, novilleros, banderilleros o picadores. <\/p>\n<p class=\"\">Al menos en esto, de alguna manera, coinciden todos. La portavoz del PP subraya que \u201cla tauromaquia tiene un indudable valor medioambiental, en un ecosistema \u00fanico en el mundo, la dehesa, y representa una cadena de valor imprescindible que empieza en el campo y los ganaderos\u201d. Gonz\u00e1lez, de Sumar, expresa comprensi\u00f3n hacia los trabajadores del sector y considera fundamental, incluso en el mundo ideal que \u00e9l desea, sin tauromaquia, un plan de transici\u00f3n y recolocaci\u00f3n laboral como el que <a href=\"https:\/\/elpais.com\/america-colombia\/2024-05-28\/el-congreso-colombiano-aprueba-la-prohibicion-de-las-corridas-de-toros.html\" target=\"_self\" rel=\"nofollow noopener\" title=\"https:\/\/elpais.com\/america-colombia\/2024-05-28\/el-congreso-colombiano-aprueba-la-prohibicion-de-las-corridas-de-toros.html\">aprob\u00f3 el Congreso de Colombia, al cancelar estos espect\u00e1culos<\/a>. \u201cAhora mismo est\u00e1n hipersubvencionados. Se podr\u00eda reutilizar parte de ese dinero\u201d, a\u00f1ade. <\/p>\n<p class=\"\">Un futuro hipot\u00e9tico, y por ahora remoto. Bastantes inc\u00f3gnitas tiene ya el presente. Gasc\u00f3n sostiene que el <a href=\"https:\/\/elpais.com\/politica\/2016\/11\/08\/actualidad\/1478630543_939368.html\" target=\"_self\" rel=\"nofollow noopener\" title=\"https:\/\/elpais.com\/politica\/2016\/11\/08\/actualidad\/1478630543_939368.html\">Tribunal Constitucional anul\u00f3<\/a> la <a href=\"https:\/\/elpais.com\/elpais\/2010\/07\/28\/actualidad\/1280305017_850215.html\" target=\"_self\" rel=\"nofollow noopener\" title=\"https:\/\/elpais.com\/elpais\/2010\/07\/28\/actualidad\/1280305017_850215.html\">prohibici\u00f3n de los toros en Catalu\u00f1a<\/a> o su modificaci\u00f3n en Baleares por <a href=\"https:\/\/www.boe.es\/buscar\/act.php?id=BOE-A-2013-11837\" target=\"_self\" rel=\"nofollow noopener\" title=\"https:\/\/www.boe.es\/buscar\/act.php?id=BOE-A-2013-11837\">la protecci\u00f3n que establece la ley <\/a>que la ILP pide derogar. Y cuando el anterior ministro de Cultura, el socialista Miquel Iceta, intent\u00f3 en 2023 excluir los toros de las actividades en las que pod\u00eda gastarse el Bono Cultural Joven \u2014los 400 euros que el Gobierno regala a quien cumpla 18 a\u00f1os\u2014, <a href=\"https:\/\/elpais.com\/cultura\/2023-02-07\/el-supremo-anula-la-exclusion-de-los-toros-del-bono-cultural-joven.html\" rel=\"nofollow noopener\" target=\"_blank\">el Supremo le oblig\u00f3 a recular <\/a>por la misma normativa. Es posible que en unos meses todo eso cambie. O siga igual, y reforzado. \u201cLa sociedad est\u00e1 con nosotras\u201d, dice Gasc\u00f3n. Por lo pronto, habr\u00e1 que ver si lo est\u00e1 el Congreso.<\/p>\n","protected":false},"excerpt":{"rendered":"Estas semanas, en la madrile\u00f1a plaza de Las Ventas, seis toros cada d\u00eda se ven plantados, de repente,&hellip;\n","protected":false},"author":2,"featured_media":160361,"comment_status":"","ping_status":"","sticky":false,"template":"","format":"standard","meta":{"footnotes":""},"categories":[277],"tags":[373,209,168,25,24,1485,3728,6476,45929,11860,23,167,374,2487,444],"class_list":{"0":"post-160360","1":"post","2":"type-post","3":"status-publish","4":"format-standard","5":"has-post-thumbnail","7":"category-toreo","8":"tag-bullfighting","9":"tag-cultura","10":"tag-deportes","11":"tag-es","12":"tag-espana","13":"tag-ferias-taurinas","14":"tag-las-ventas","15":"tag-patrimonio-cultural","16":"tag-patrimonio-cultural-inmaterial","17":"tag-plazas-toros","18":"tag-spain","19":"tag-sports","20":"tag-toreo","21":"tag-toreros","22":"tag-toros"},"share_on_mastodon":{"url":"","error":""},"_links":{"self":[{"href":"https:\/\/www.europesays.com\/es\/wp-json\/wp\/v2\/posts\/160360","targetHints":{"allow":["GET"]}}],"collection":[{"href":"https:\/\/www.europesays.com\/es\/wp-json\/wp\/v2\/posts"}],"about":[{"href":"https:\/\/www.europesays.com\/es\/wp-json\/wp\/v2\/types\/post"}],"author":[{"embeddable":true,"href":"https:\/\/www.europesays.com\/es\/wp-json\/wp\/v2\/users\/2"}],"replies":[{"embeddable":true,"href":"https:\/\/www.europesays.com\/es\/wp-json\/wp\/v2\/comments?post=160360"}],"version-history":[{"count":0,"href":"https:\/\/www.europesays.com\/es\/wp-json\/wp\/v2\/posts\/160360\/revisions"}],"wp:featuredmedia":[{"embeddable":true,"href":"https:\/\/www.europesays.com\/es\/wp-json\/wp\/v2\/media\/160361"}],"wp:attachment":[{"href":"https:\/\/www.europesays.com\/es\/wp-json\/wp\/v2\/media?parent=160360"}],"wp:term":[{"taxonomy":"category","embeddable":true,"href":"https:\/\/www.europesays.com\/es\/wp-json\/wp\/v2\/categories?post=160360"},{"taxonomy":"post_tag","embeddable":true,"href":"https:\/\/www.europesays.com\/es\/wp-json\/wp\/v2\/tags?post=160360"}],"curies":[{"name":"wp","href":"https:\/\/api.w.org\/{rel}","templated":true}]}}