{"id":160362,"date":"2025-10-07T03:49:13","date_gmt":"2025-10-07T03:49:13","guid":{"rendered":"https:\/\/www.europesays.com\/es\/160362\/"},"modified":"2025-10-07T03:49:13","modified_gmt":"2025-10-07T03:49:13","slug":"cuando-son-y-como-ver-los-mejores-combates-de-ufc-fecha-hora-y-tv-en-vivo-8","status":"publish","type":"post","link":"https:\/\/www.europesays.com\/es\/160362\/","title":{"rendered":"Cu\u00e1ndo son y c\u00f3mo ver los mejores combates de UFC: fecha, hora y TV en vivo"},"content":{"rendered":"<p>El<strong> UFC 320<\/strong> sacar\u00e1 chispas este <strong>s\u00e1bado 4 de octubre<\/strong> cuando en vivo <strong>por ESPN KNOCKOUT en el Plan Premium Disney+<\/strong> habr\u00e1 garant\u00eda de espect\u00e1culo, drama y emociones al por mayor con dos campeonatos en juego, en el T-Mobile Arena de Las Vegas.<\/p>\n<p>En el combate principal, <strong>el brasile\u00f1o Alex \u2018Poatan\u2019 Pereira buscar\u00e1 revancha ante Magomed Ankalaev por el cetro Semicompleto<\/strong> en una velada imperdible y llena de historia ya que quedan cuentas pendientes de lo sucedido en marzo pasado, cuando el sudamericano perdi\u00f3 el cintur\u00f3n.<\/p>\n<p><strong>La batalla coestelar<\/strong> nos trae tambi\u00e9n fuegos artificiales, y es que <strong>Merab Dvalishvili, uno de los campeones m\u00e1s s\u00f3lidos de la actualidad, expondr\u00e1 por tercera vez este a\u00f1o el t\u00edtulo de peso Gallo. Esta vez ante el peligroso Cory Sandhagen<\/strong>, que dio la sorpresa en su \u00faltima pelea venciendo a Deiveson Figueiredo.<\/p>\n<p>La cartelera, que ser\u00e1 llevada a todos a trav\u00e9s de las voces de Andr\u00e9s Berm\u00fadez, Ivette Hern\u00e1ndez y Gast\u00f3n \u2018Tonga\u2019 Reyno, tambi\u00e9n tendr\u00e1 la atracci\u00f3n especial entre Jiri Prochazka y Khalil Rountree Jr. \u00a1Est\u00e1n todos invitados!<\/p>\n<p>Cartelera del UFC Fight Nights\u00e1bado 4 de octubre<\/p>\n<p>Desde el T-Mobile Arena, Las Vegas, Nevada, EE. UU.<\/p>\n<p><strong>Preliminares<\/strong><\/p>\n<p>19:00 ARG\/CHI \/\/ <strong>Plan Premium Disney<\/strong><br \/>19:00 PAR\/URU<br \/>18:00 BOL\/VEN<br \/>17:00 COL\/ECU\/PER \/\/<br \/><strong>ESPN5 y Plan Premium Disney<\/strong><\/p>\n<p>Ateba Gautier (Camer\u00fan) vs. Ozzy Diaz (EE. UU.)<\/p>\n<p>Edmen Shahbazyan (EE. UU.) vs. Andre Muniz (Brasil)<\/p>\n<p>Chris Gutierrez (EE. UU.) vs. Farid Basharat (Afganist\u00e1n)<\/p>\n<p>Daniel Santos (Brasil) vs. JooSang Yoo (Corea del Sur)<\/p>\n<p><strong>Estelares<\/strong><\/p>\n<p>23:00 ARG\/CHI\/PAR\/URU<br \/>22:00 BOL\/VEN<br \/>21:00 COL\/ECU\/PER \/\/<br \/><strong>Plan Premium Disney<\/strong><\/p>\n<p>Magomed Ankalaev (Rusia) vs. Alex Pereira (Brasil)<\/p>\n<p>Merab Dvalishvili (Georgia) vs. Cory Sandhagen (EE. UU.)<\/p>\n<p>Ji\u0159\u00ed Proch\u00e1zka (Rep\u00fablica Checa) vs. Khalil Rountree Jr. (EE. UU.)<\/p>\n<p>Josh Emmett (EE. UU.) vs. Youssef Zalal (Marruecos)<\/p>\n<p>Abus Magomedov (Alemania) vs. Joe Pyfer (EE. UU.)<\/p>\n","protected":false},"excerpt":{"rendered":"El UFC 320 sacar\u00e1 chispas este s\u00e1bado 4 de octubre cuando en vivo por ESPN KNOCKOUT en el&hellip;\n","protected":false},"author":2,"featured_media":160363,"comment_status":"","ping_status":"","sticky":false,"template":"","format":"standard","meta":{"footnotes":""},"categories":[276],"tags":[168,25,24,23,167,343],"class_list":{"0":"post-160362","1":"post","2":"type-post","3":"status-publish","4":"format-standard","5":"has-post-thumbnail","7":"category-ufc","8":"tag-deportes","9":"tag-es","10":"tag-espana","11":"tag-spain","12":"tag-sports","13":"tag-ufc"},"share_on_mastodon":{"url":"","error":""},"_links":{"self":[{"href":"https:\/\/www.europesays.com\/es\/wp-json\/wp\/v2\/posts\/160362","targetHints":{"allow":["GET"]}}],"collection":[{"href":"https:\/\/www.europesays.com\/es\/wp-json\/wp\/v2\/posts"}],"about":[{"href":"https:\/\/www.europesays.com\/es\/wp-json\/wp\/v2\/types\/post"}],"author":[{"embeddable":true,"href":"https:\/\/www.europesays.com\/es\/wp-json\/wp\/v2\/users\/2"}],"replies":[{"embeddable":true,"href":"https:\/\/www.europesays.com\/es\/wp-json\/wp\/v2\/comments?post=160362"}],"version-history":[{"count":0,"href":"https:\/\/www.europesays.com\/es\/wp-json\/wp\/v2\/posts\/160362\/revisions"}],"wp:featuredmedia":[{"embeddable":true,"href":"https:\/\/www.europesays.com\/es\/wp-json\/wp\/v2\/media\/160363"}],"wp:attachment":[{"href":"https:\/\/www.europesays.com\/es\/wp-json\/wp\/v2\/media?parent=160362"}],"wp:term":[{"taxonomy":"category","embeddable":true,"href":"https:\/\/www.europesays.com\/es\/wp-json\/wp\/v2\/categories?post=160362"},{"taxonomy":"post_tag","embeddable":true,"href":"https:\/\/www.europesays.com\/es\/wp-json\/wp\/v2\/tags?post=160362"}],"curies":[{"name":"wp","href":"https:\/\/api.w.org\/{rel}","templated":true}]}}