{"id":160382,"date":"2025-10-07T04:12:14","date_gmt":"2025-10-07T04:12:14","guid":{"rendered":"https:\/\/www.europesays.com\/es\/160382\/"},"modified":"2025-10-07T04:12:14","modified_gmt":"2025-10-07T04:12:14","slug":"radio-marca-lanzarote-fallece-el-padre-de-hecher-sosa-antes-de-su-debut-en-la-ufc","status":"publish","type":"post","link":"https:\/\/www.europesays.com\/es\/160382\/","title":{"rendered":"Radio Marca Lanzarote &#8211; Fallece el padre de Hecher Sosa antes de su debut en la UFC"},"content":{"rendered":"<p><img decoding=\"async\" itemprop=\"image\" src=\"https:\/\/www.europesays.com\/es\/wp-content\/uploads\/2025\/10\/Hecher_Sosa_Las_Vegas.jpg\" alt=\"\"\/><\/p>\n<p>&#13;<\/p>\n<p><strong>Tras una larga enfermedad ha fallecido su padre en la previa de la cita para entrar en la UFC<\/strong><\/p>\n<p>&#13;<br \/>\n &#13;<\/p>\n<li class=\"texto\">Radio Marca Lanzarote<\/li>\n<li class=\"imagen\">Archivo<\/li>\n<p>\u00a0&#13;<\/p>\n<p>Este martes de madrugada llega la gran cita de su vida deportiva para Hecher Sosa. El luchador lanzarote\u00f1o pelear\u00e1 por entrar en la UFC y se <strong>encuentra desde hace unos d\u00edas en Las Vegas<\/strong>. Su padre, desde hace tiempo padece una enfermedad y en el d\u00eda de hoy fallec\u00eda en Lanzarote.<\/p>\n<p>&#13;<br \/>\n&#13;<\/p>\n<p>De hecho, Sosa ha comentado en muchas entrevistas que hasta la fecha estaba peleando por \u00e9l, por su familia y <strong>en especial por su padre<\/strong>. El lanzarote\u00f1o coment\u00f3 en la previa que quer\u00eda que llegase el momento para que su padre lo viera a sabiendas que se encontraba en un estado de salud delicado.<\/p>\n<p>&#13;<\/p>\n<p>\t&#13;<\/p>\n<p>La pelea <strong>ser\u00e1 la madrugada de este martes (2:00 hora espa\u00f1ola)<\/strong> y se medir\u00e1 Mackson Lee que llega a la cita invicto.<\/p>\n<p>&#13;<\/p>\n<p>Desde Lancelot Medios mandamos nuestro m\u00e1s sentido p\u00e9same a familiares y amigos por tan dolorosa p\u00e9rdida.<\/p>\n","protected":false},"excerpt":{"rendered":"&#13; Tras una larga enfermedad ha fallecido su padre en la previa de la cita para entrar en&hellip;\n","protected":false},"author":2,"featured_media":160383,"comment_status":"","ping_status":"","sticky":false,"template":"","format":"standard","meta":{"footnotes":""},"categories":[276],"tags":[168,25,24,5328,23,167,343],"class_list":{"0":"post-160382","1":"post","2":"type-post","3":"status-publish","4":"format-standard","5":"has-post-thumbnail","7":"category-ufc","8":"tag-deportes","9":"tag-es","10":"tag-espana","11":"tag-radio-marca-deportes-noticias-lanzarote-deportiva-futbol-baloncesto-balonmano-lucha-canaria","12":"tag-spain","13":"tag-sports","14":"tag-ufc"},"share_on_mastodon":{"url":"","error":""},"_links":{"self":[{"href":"https:\/\/www.europesays.com\/es\/wp-json\/wp\/v2\/posts\/160382","targetHints":{"allow":["GET"]}}],"collection":[{"href":"https:\/\/www.europesays.com\/es\/wp-json\/wp\/v2\/posts"}],"about":[{"href":"https:\/\/www.europesays.com\/es\/wp-json\/wp\/v2\/types\/post"}],"author":[{"embeddable":true,"href":"https:\/\/www.europesays.com\/es\/wp-json\/wp\/v2\/users\/2"}],"replies":[{"embeddable":true,"href":"https:\/\/www.europesays.com\/es\/wp-json\/wp\/v2\/comments?post=160382"}],"version-history":[{"count":0,"href":"https:\/\/www.europesays.com\/es\/wp-json\/wp\/v2\/posts\/160382\/revisions"}],"wp:featuredmedia":[{"embeddable":true,"href":"https:\/\/www.europesays.com\/es\/wp-json\/wp\/v2\/media\/160383"}],"wp:attachment":[{"href":"https:\/\/www.europesays.com\/es\/wp-json\/wp\/v2\/media?parent=160382"}],"wp:term":[{"taxonomy":"category","embeddable":true,"href":"https:\/\/www.europesays.com\/es\/wp-json\/wp\/v2\/categories?post=160382"},{"taxonomy":"post_tag","embeddable":true,"href":"https:\/\/www.europesays.com\/es\/wp-json\/wp\/v2\/tags?post=160382"}],"curies":[{"name":"wp","href":"https:\/\/api.w.org\/{rel}","templated":true}]}}