{"id":160399,"date":"2025-10-07T04:33:11","date_gmt":"2025-10-07T04:33:11","guid":{"rendered":"https:\/\/www.europesays.com\/es\/160399\/"},"modified":"2025-10-07T04:33:11","modified_gmt":"2025-10-07T04:33:11","slug":"defender-al-equipo-de-tu-pueblo","status":"publish","type":"post","link":"https:\/\/www.europesays.com\/es\/160399\/","title":{"rendered":"defender al equipo de tu pueblo\u00bb"},"content":{"rendered":"<p class=\"ft-text ft-helper-closenews\"><strong>Iago Iglesias<\/strong> combina sus estudios en la Universidade de Vigo, donde cursa <strong>Derecho y Direcci\u00f3n y Administraci\u00f3n de Empresas<\/strong>, con su pasi\u00f3n por el balonmano. Una pasi\u00f3n que comenz\u00f3 con apenas 6 a\u00f1os en el colegio de Castrill\u00f3n-Coiro, con las actividades del Frigor\u00edficos del Morrazo, y que casi a continuaci\u00f3n le llev\u00f3 a ingresar en las categor\u00edas inferiores del club. Jugador del Automan\u00eda Luceros, entrenador del cadete de Liga Ouro y <a class=\"ft-link ft-link--decoration\" href=\"https:\/\/www.farodevigo.es\/deportes\/morrazo\/2025\/10\/05\/frigorificos-cumple-tramite-campeon-liga-122280636.html\" rel=\"nofollow noopener\" target=\"_blank\">este s\u00e1bado por fin pudo debutar con el dorsal 61 como integrante del Frigor\u00edficos del Morrazo<\/a>.<\/p>\n<p class=\"ft-text\"><strong>-\u00bfC\u00f3mo se siente despu\u00e9s de jugar con la camiseta del Cangas en un lugar como el Palau Blaugrana y ante el F.C.Barcelona? <\/strong><\/p>\n<p class=\"ft-text\">-Hace un par de semanas estuve de cumplea\u00f1os y este es el mejor regalo que pod\u00eda recibir. Para m\u00ed es lo m\u00e1ximo, poder defender los colores del equipo de tu pueblo.<\/p>\n<p class=\"ft-text\"><strong>-El d\u00eda de la presentaci\u00f3n oficial del club, en ese acto tan emotivo en el atrio de Darbo, Quique Dom\u00ednguez se refiri\u00f3 expresamente a usted y destac\u00f3 su ilusi\u00f3n por entrenar y por llegar a defender la camiseta del Cangas.<\/strong><\/p>\n<p class=\"ft-text\">-S\u00ed. Cuando comienzas tan joven en el club vas al pabell\u00f3n todos los partidos, tus \u00eddolos son jugadores de aqu\u00ed y del club. Por eso siempre quieres llegar a vestir esos colores. Cuando el entrenador me dijo en la pretemporada que iba a debutar en un amistoso [en Pontevedra, contra el Cisne] me hizo mucha ilusi\u00f3n. Pero lo del s\u00e1bado en el Palau ante el Barcelona fue otra cosa. Fue una experiencia inolvidable, que significa cumplir mi sue\u00f1o desde que era peque\u00f1o. Un subid\u00f3n. Pero no por creerse nada ni nadie, sino por ver tus sue\u00f1os cumplidos y que todo el trabajo realizado dio sus frutos.<\/p>\n<p><img decoding=\"async\" src=\"https:\/\/www.europesays.com\/es\/wp-content\/uploads\/2025\/10\/4d527c58-ce2e-4271-a195-c90315131a61_alta-libre-aspect-ratio_default_0.jpg\" width=\"1200\" height=\"800\" alt=\"Iago Iglesias con el bal\u00f3n en el partido de pretemporada ante el Cisne en Pontevedra.\" class=\"ft-helper-img-rd\" loading=\"lazy\" hasdataaida=\"true\"\/><\/p>\n<p class=\"ft-helper-fontColor-quaternary ft-helper-fontSize-body-S ft-helper-spacer-t-xxs\">Iago Iglesias con el bal\u00f3n en el partido de pretemporada ante el Cisne en Pontevedra.  \/ R\u00f3ber Pastoriza<\/p>\n<p class=\"ft-text\"><strong>-Poder debutar en Asobal en el Palau Blaugrana y ante el Bar\u00e7a debe ser incre\u00edble&#8230; pero quiz\u00e1s no tanto como poder hacerlo en O Gata\u00f1al. <\/strong><\/p>\n<p class=\"ft-text\">-Al final es casi la \u00fanica puntilla que se le puede poner [risas]. El Palau probablemente sea el segundo mejor sitio porque desde ni\u00f1os todos deseamos con jugar un partido as\u00ed con O Gata\u00f1al lleno.<\/p>\n<p class=\"ft-text\"><strong>-\u00bfC\u00f3mo se sinti\u00f3 durante el partido, en el que el objetivo del Cangas ten\u00eda que ser competir y seguir sumando sensaciones para \u00absu\u00bb liga? <\/strong><\/p>\n<p class=\"ft-text\">-Llegamos pronto al pabell\u00f3n, es un sitio espectacular. Los nervios se quedaron fuera, estaba muy tranquilo y convencido de que me hab\u00eda hecho acreedor de esta oportunidad. Lo disfrut\u00e9 much\u00edsimo. A nivel colectivo el encuentro fue bastante correcto, fuimos all\u00ed con bajas y el equipo dio un buen nivel. Fuimos a competir sin complejos, a correr e intentar ponerles en apuros. Nos quedamos con sensaciones bastante aceptables para afrontar este fin de semana y que el equipo sume dos puntos muy importantes contra Guadalajara.<\/p>\n<p class=\"ft-text\"><strong>-El s\u00e1bado sobre la pista del Palau Blaugrana estaban usted, Manu P\u00e9rez, Pablo Castro, Juan Rodr\u00edguez, Mart\u00edn Fuentes o Mateo Pallas. Todos canteranos del club. \u00bfQu\u00e9 mensaje cree pueden recibir los j\u00f3venes de las categor\u00edas inferiores?<\/strong><\/p>\n<p class=\"ft-text\">-Desde peque\u00f1o en este club tus \u00eddolos son los de todos, como Suso Soli\u00f1o, Dani Cerqueira, Muratovic&#8230; Pero yo en los que m\u00e1s me fijaba era en los jugadores del Luceros, en los partidos del domingo por la ma\u00f1ana, que eran jugadores normales, como yo, sin ning\u00fan s\u00faper talento pero que curraban un mont\u00f3n para llegar arriba. Cuando ve\u00edas que llegaban al primer equipo recuerdo que a los ni\u00f1os nos hac\u00eda mucha ilusi\u00f3n. Puedo recordar a Mendu, Pumar, Hugo, Pepe, Pablo Castro, que ahora es compa\u00f1ero,&#8230; que al final tuvieron su oportunidad. Verlos en la pista, cuando durante la semana te entrenaban a ti o estaban en las escuelas de verano, te marca mucho.<\/p>\n<p><img decoding=\"async\" src=\"https:\/\/www.europesays.com\/es\/wp-content\/uploads\/2025\/10\/7d56f189-68a4-4c55-8daf-df036707fd66_alta-libre-aspect-ratio_default_0.jpg\" width=\"1200\" height=\"800\" alt=\"Iago Iglesias durante un entrenamiento con el primer equipo en el pabell\u00f3n de O Gata\u00f1al.\" class=\"ft-helper-img-rd\" loading=\"lazy\" hasdataaida=\"true\"\/><\/p>\n<p class=\"ft-helper-fontColor-quaternary ft-helper-fontSize-body-S ft-helper-spacer-t-xxs\">Iago Iglesias durante un entrenamiento con el primer equipo en el pabell\u00f3n de O Gata\u00f1al.  \/ R\u00f3ber Pastoriza<\/p>\n<p class=\"ft-text\"><strong>-\u00bfC\u00f3mo recibieron sus pupilos del equipo cadete la noticia de que iba con el primer equipo a Barcelona? <\/strong><\/p>\n<p class=\"ft-text\">-Este fin de semana ten\u00edamos un partido muy importante contra el Cisne. El d\u00eda anterior les dije que no iba a estar y les hizo mucha ilusi\u00f3n, como me pasaba a m\u00ed cuando Mendu era mi entrenador. El mensaje final es que en este club hay oportunidades y que hay que hacerse acreedor de ellas. Con trabajo y esfuerzo se pueden tener estas oportunidades y premios, que compensan todo el trabajo. Pero hay que seguir trabajando mucho para asentarse y seguir. El Cangas est\u00e1 haciendo bien las cosas en la base porque en los ni\u00f1os y ni\u00f1as ves ilusi\u00f3n y ganas, algo que es muy sano y que ayuda a seguir creciendo al club.<\/p>\n<p class=\"ft-text\"><strong>-Ahora toca centrarse en lo que viene este fin de semana, con la visita a O Gata\u00f1al del Guadalajara. <\/strong><\/p>\n<p class=\"ft-text\">Es un partido muy importante, pero como cualquier otro en esta liga. Esta temporada nosotros tenemos una plantilla muy compensada, con mucho sentimiento de equipo y con muy buena conexi\u00f3n entre todos los jugadores, tanto dentro como fuera de la pista. Estoy seguro de que el s\u00e1bado vamos a sacar los dos puntos y estoy convencido de que vendr\u00e1n muchos m\u00e1s. Seguro que habr\u00e1 bastantes victorias.<\/p>\n<p data-close=\"closedContent\" class=\"subscribeHideForDisplay\">Suscr\u00edbete para seguir leyendo<\/p>\n","protected":false},"excerpt":{"rendered":"Iago Iglesias combina sus estudios en la Universidade de Vigo, donde cursa Derecho y Direcci\u00f3n y Administraci\u00f3n de&hellip;\n","protected":false},"author":2,"featured_media":160400,"comment_status":"","ping_status":"","sticky":false,"template":"","format":"standard","meta":{"footnotes":""},"categories":[278],"tags":[2906,4062,376,210,2903,5437,168,25,24,4063,375,34193,7534,1044,4064,23,167],"class_list":{"0":"post-160399","1":"post","2":"type-post","3":"status-publish","4":"format-standard","5":"has-post-thumbnail","7":"category-balonmano","8":"tag-asobal","9":"tag-balonman","10":"tag-balonmano","11":"tag-barcelona","12":"tag-cangas","13":"tag-debut","14":"tag-deportes","15":"tag-es","16":"tag-espana","17":"tag-frigorificos","18":"tag-handball","19":"tag-iago","20":"tag-iglesias","21":"tag-liga","22":"tag-morrazo","23":"tag-spain","24":"tag-sports"},"share_on_mastodon":{"url":"","error":""},"_links":{"self":[{"href":"https:\/\/www.europesays.com\/es\/wp-json\/wp\/v2\/posts\/160399","targetHints":{"allow":["GET"]}}],"collection":[{"href":"https:\/\/www.europesays.com\/es\/wp-json\/wp\/v2\/posts"}],"about":[{"href":"https:\/\/www.europesays.com\/es\/wp-json\/wp\/v2\/types\/post"}],"author":[{"embeddable":true,"href":"https:\/\/www.europesays.com\/es\/wp-json\/wp\/v2\/users\/2"}],"replies":[{"embeddable":true,"href":"https:\/\/www.europesays.com\/es\/wp-json\/wp\/v2\/comments?post=160399"}],"version-history":[{"count":0,"href":"https:\/\/www.europesays.com\/es\/wp-json\/wp\/v2\/posts\/160399\/revisions"}],"wp:featuredmedia":[{"embeddable":true,"href":"https:\/\/www.europesays.com\/es\/wp-json\/wp\/v2\/media\/160400"}],"wp:attachment":[{"href":"https:\/\/www.europesays.com\/es\/wp-json\/wp\/v2\/media?parent=160399"}],"wp:term":[{"taxonomy":"category","embeddable":true,"href":"https:\/\/www.europesays.com\/es\/wp-json\/wp\/v2\/categories?post=160399"},{"taxonomy":"post_tag","embeddable":true,"href":"https:\/\/www.europesays.com\/es\/wp-json\/wp\/v2\/tags?post=160399"}],"curies":[{"name":"wp","href":"https:\/\/api.w.org\/{rel}","templated":true}]}}