{"id":160407,"date":"2025-10-07T04:50:15","date_gmt":"2025-10-07T04:50:15","guid":{"rendered":"https:\/\/www.europesays.com\/es\/160407\/"},"modified":"2025-10-07T04:50:15","modified_gmt":"2025-10-07T04:50:15","slug":"el-caballero-de-los-siete-reinos-la-nueva-precuela-de-juego-de-tronos-ya-tiene-fecha-de-estreno","status":"publish","type":"post","link":"https:\/\/www.europesays.com\/es\/160407\/","title":{"rendered":"\u00abEl caballero de los siete reinos\u00bb, la nueva precuela de \u00abJuego de tronos\u00bb,\u00a0ya tiene fecha de estreno"},"content":{"rendered":"<p>\t\t\t \t\t \t\t\t\t\t\t\tFotograma del tr\u00e1iler de la serie \u00abEl caballero de los siete reinos\u00bb <strong class=\"pd-l\">HBO MAX  <\/strong><\/p>\n<p>\t\t\t\t\t\tLa ficci\u00f3n de HBO Max, cuyo estreno estaba inicialmente previsto para verano del 2025, llegar\u00e1 a la plataforma en enero del pr\u00f3ximo a\u00f1o<br \/>\n\t\t\t\t\t\t\t\t\t\t\t\t<strong>06 oct 2025<\/strong> . Actualizado a las 20:00 h.\t\t\t\t\t\t<\/p>\n<p class=\"first-paragraph txt\">El universo de <strong><a href=\"https:\/\/www.lavozdegalicia.es\/temas\/juego-de-tronos\" rel=\"nofollow noopener\" target=\"_blank\">Juego de tronos<\/a><\/strong> sigue expandi\u00e9ndose en la peque\u00f1a pantalla. La nueva precuela de la saga de fantas\u00eda basada en las novelas de <strong>George R. R. Martin<\/strong> presentar\u00e1 otro pedacito de la intrincada historia de Poniente con el estreno de <strong>El caballero de los siete reinos<\/strong>, una serie de seis cap\u00edtulos que se\u00a0lanzar\u00e1 en <strong><a href=\"https:\/\/www.lavozdegalicia.es\/temas\/hbo-max\" rel=\"nofollow noopener\" target=\"_blank\">HBO Max<\/a><\/strong> el pr\u00f3ximo mes de enero del 2026.\u00a0<\/p>\n<p class=\"txt\">La serie se ha hecho de rogar. <a class=\"link-txt\" href=\"https:\/\/www.lavozdegalicia.es\/noticia\/series\/2024\/06\/21\/comienza-rodaje-caballero-siete-reinos-nueva-precuela-juego-tronos\/0003_202406G21P47999.htm\" rel=\"nofollow noopener\" target=\"_blank\">Su estreno estaba inicialmente previsto para el verano de este mismo a\u00f1o<\/a>, y as\u00ed se pudo ver, con algunas im\u00e1genes exclusivas, en el avance lanzado a finales del a\u00f1o anterior. La idea de HBO Max era alternar cada a\u00f1o nuevas temporadas de La casa del drag\u00f3n y de esta nueva serie. Finalmente, esta ficci\u00f3n, que adapta los populares <strong>Cuentos de Dunk y Egg<\/strong>, se estrenar\u00e1 a principios del 2026, mientras que la historia de rivalidad entre Rhaenyra\u00a0Targaryen y Alicent Hightower se mantendr\u00e1 en la \u00e9poca estival.<\/p>\n<p class=\"txt\">Las estaciones, que tanto definen al universo ficticio, han tenido precisamente un papel destacado en la promoci\u00f3n de esta nueva serie. La plataforma de streaming jug\u00f3 al misterio este domingo, <a class=\"link-txt\" href=\"https:\/\/x.com\/GameOfThrones\/status\/1974836984053924136\" rel=\"nofollow\">con un\u00a0evocador tuit en X en la cuenta oficial de Juego de tronos<\/a> que solo indicaba: \u00abEste invierno&#8230;\u00bb. La reacci\u00f3n de los fans fue instant\u00e1nea, y muchos acertaron. La\u00a0inc\u00f3gnita se resolvi\u00f3 en menos de 24 hotras. <strong>\u00abEste invierno, llega la primavera\u00bb<\/strong>, indic\u00f3\u00a0HBO Max a trav\u00e9s de su cuenta de <a href=\"https:\/\/www.lavozdegalicia.es\/temas\/instagram\" rel=\"nofollow noopener\" target=\"_blank\">Instagram<\/a>, en una publicaci\u00f3n en la que desvelaba oficialmente su mes de estreno\u00a0y el primer p\u00f3ster oficial de la serie.<\/p>\n<blockquote class=\"instagram-media\" data-instgrm-captioned=\"\" data-instgrm-permalink=\"https:\/\/www.instagram.com\/p\/DPeOYMEjMqf\/?utm_source=ig_embed&amp;utm_campaign=loading\" data-instgrm-version=\"14\" style=\" background:#FFF; border:0; border-radius:3px; box-shadow:0 0 1px 0 rgba(0,0,0,0.5),0 1px 10px 0 rgba(0,0,0,0.15); margin: 1px; max-width:658px; min-width:326px; padding:0; width:99.375%; width:-webkit-calc(100% - 2px); width:calc(100% - 2px);\"\/>\n<p class=\"txt\">\u00abUn gran relato que se convirti\u00f3 en leyenda\u00bb, se lee en la imagen, que muestra al peque\u00f1o <strong>Egg<\/strong> (Dexter Sol Ansell), que al inicio de la historia de El caballero errante \u2014peque\u00f1o relato en el que se basa la primera temporada\u2014 se convierte en el fiel escudero del aspirante a caballero <strong>Duncan el Alto<\/strong> (Peter Claffey), sosteniendo la espada de su compa\u00f1ero, del que solo se aciertan a ver las piernas y una mano.<\/p>\n<p class=\"txt\">Los<strong> relatos cortos de George R. R. Martin<\/strong>, agrupados en los llamados Cuentos de Dunk y Egg, narran la historia de dos personajes en una acci\u00f3n que transcurre\u00a0a medio camino entre\u00a0las dos series de este universo ficticio lanzadas hasta el momento: alrededor de\u00a070 a\u00f1os despu\u00e9s de La casa del drag\u00f3n y unos 90 a\u00f1os del inicio de la aclamada\u00a0Juego de tronos.<\/p>\n<p class=\"txt\">En este caso, la historia <strong>ser\u00e1 mucho menos \u00e9pica<\/strong> que sus series hermanas. Sus personajes, especialmente el protagonista, Duncan el Alto, tienen los pies m\u00e1s pegados a la tierra, al pueblo llano y\u00a0permiten ver las luchas entre se\u00f1ores desde el barro. As\u00ed se har\u00e1 ver desde los propios t\u00edtulos de cr\u00e9dito, como ha avanzado el creador de la serie,<strong> Ian Parker<\/strong>. \u00abLas secuencias de la serie original y en La Casa del drag\u00f3n son grandes, \u00e9picas e incre\u00edbles.\u00a0La banda sonora de Ramin Djawadi es orquestal, grande y hermosa, pero ese no es el modus operandi de Dunk. \u00c9l es <strong>simple, sencillo y directo, sin ostentaci\u00f3n<\/strong>\u00bb, ha destacado, \u00abser\u00e1 una simple tarjeta de t\u00edtulo con tipograf\u00eda medieval entre la acci\u00f3n inicial de cada episodio\u00bb.<\/p>\n<p class=\"txt\">Quienes hayan disfrutado de la fantas\u00eda que ha plagado el resto del universo de George R. R. Martin, con sus temibles dragones, fieros lobos huargos o monstruosos caminantes blancos se encontrar\u00e1 aqu\u00ed con algo muy diferente. \u00abEl \u00faltimo drag\u00f3n muri\u00f3 hace 50 a\u00f1os, y ni siquiera se podr\u00eda llamar a eso drag\u00f3n, era m\u00e1s como una lagartija elegante, as\u00ed que ya nadie\u00a0tiene presente la\u00a0magia en esta \u00e9poca\u00bb, ha indicado. \u00abEmpezamos desde abajo, dejando de lado los se\u00f1ores y las damas, los reyes y las reinas. Podr\u00eda ser una historia de la Gran Breta\u00f1a del siglo XIV, con caballeros medievales duros y aguerridos, fr\u00edos, aunque con un toque esperanzador\u00bb, <a class=\"link-txt\" href=\"https:\/\/ew.com\/a-knight-of-the-seven-kingdoms-game-of-thrones-differences-ira-parker-exclusive-11822602\" rel=\"nofollow noopener\" target=\"_blank\">destac\u00f3 en una entrevista a Entertainment Weekly<\/a>.<\/p>\n<p class=\"txt\">Aun as\u00ed, habr\u00e1 sitio para <strong>algunos Targaryen<\/strong> entre los personajes con los que se cruzar\u00e1 el d\u00fao protagonista. El pr\u00edncipe Baelor (Berti Carvel), heredero al\u00a0Trono de Hierro; el pr\u00edncipe Maekar (Sam Spruell) o su p\u00e9rfido sobrino, el\u00a0pr\u00edncipe Aerion (Finn Bennett), ser\u00e1n algunos de los descendientes de la dinast\u00eda del drag\u00f3n que\u00a0aparecer\u00e1n en la nueva serie que nos permitir\u00e1 echar un ojo a otro cap\u00edtulo de Poniente.<\/p>\n<p>&#13;<br \/>\n\tArchivado en:&#13;<br \/>\n\t\t\t\t\t<a href=\"https:\/\/www.lavozdegalicia.es\/temas\/juego-de-tronos\/\" target=\"_blank\" class=\"mg-l\" rel=\"nofollow noopener\">Juego de Tronos<\/a>&#13;<br \/>\n\t\t\t\t\t<a href=\"https:\/\/www.lavozdegalicia.es\/temas\/hbo-max\/\" target=\"_blank\" class=\"mg-l\" rel=\"nofollow noopener\">HBO Max<\/a>&#13;<br \/>\n\t\t\t\t\t<a href=\"https:\/\/www.lavozdegalicia.es\/temas\/novela\/\" target=\"_blank\" class=\"mg-l\" rel=\"nofollow noopener\">Novela<\/a>&#13;<br \/>\n\t\t\t\t\t<a href=\"https:\/\/www.lavozdegalicia.es\/temas\/cuento\/\" target=\"_blank\" class=\"mg-l\" rel=\"nofollow noopener\">Cuento<\/a>&#13;<br \/>\n\t\t\t\t\t<a href=\"https:\/\/www.lavozdegalicia.es\/temas\/instagram\/\" target=\"_blank\" class=\"mg-l\" rel=\"nofollow noopener\">Instagram<\/a>&#13;<br \/>\n\t&#13;<\/p>\n<p>\t\t\t\t<script async src=\"\/\/www.instagram.com\/embed.js\"><\/script><\/p>\n","protected":false},"excerpt":{"rendered":"Fotograma del tr\u00e1iler de la serie \u00abEl caballero de los siete reinos\u00bb HBO MAX La ficci\u00f3n de HBO&hellip;\n","protected":false},"author":2,"featured_media":160408,"comment_status":"","ping_status":"","sticky":false,"template":"","format":"standard","meta":{"footnotes":""},"categories":[91],"tags":[3831,146,147,25,24,3526,4536,24169,1645,23],"class_list":{"0":"post-160407","1":"post","2":"type-post","3":"status-publish","4":"format-standard","5":"has-post-thumbnail","7":"category-entretenimiento","8":"tag-cuento","9":"tag-entertainment","10":"tag-entretenimiento","11":"tag-es","12":"tag-espana","13":"tag-hbo-max","14":"tag-instagram","15":"tag-juego-de-tronos","16":"tag-novela","17":"tag-spain"},"share_on_mastodon":{"url":"","error":""},"_links":{"self":[{"href":"https:\/\/www.europesays.com\/es\/wp-json\/wp\/v2\/posts\/160407","targetHints":{"allow":["GET"]}}],"collection":[{"href":"https:\/\/www.europesays.com\/es\/wp-json\/wp\/v2\/posts"}],"about":[{"href":"https:\/\/www.europesays.com\/es\/wp-json\/wp\/v2\/types\/post"}],"author":[{"embeddable":true,"href":"https:\/\/www.europesays.com\/es\/wp-json\/wp\/v2\/users\/2"}],"replies":[{"embeddable":true,"href":"https:\/\/www.europesays.com\/es\/wp-json\/wp\/v2\/comments?post=160407"}],"version-history":[{"count":0,"href":"https:\/\/www.europesays.com\/es\/wp-json\/wp\/v2\/posts\/160407\/revisions"}],"wp:featuredmedia":[{"embeddable":true,"href":"https:\/\/www.europesays.com\/es\/wp-json\/wp\/v2\/media\/160408"}],"wp:attachment":[{"href":"https:\/\/www.europesays.com\/es\/wp-json\/wp\/v2\/media?parent=160407"}],"wp:term":[{"taxonomy":"category","embeddable":true,"href":"https:\/\/www.europesays.com\/es\/wp-json\/wp\/v2\/categories?post=160407"},{"taxonomy":"post_tag","embeddable":true,"href":"https:\/\/www.europesays.com\/es\/wp-json\/wp\/v2\/tags?post=160407"}],"curies":[{"name":"wp","href":"https:\/\/api.w.org\/{rel}","templated":true}]}}