{"id":160415,"date":"2025-10-07T04:55:26","date_gmt":"2025-10-07T04:55:26","guid":{"rendered":"https:\/\/www.europesays.com\/es\/160415\/"},"modified":"2025-10-07T04:55:26","modified_gmt":"2025-10-07T04:55:26","slug":"alemania-partidaria-de-retirarse-de-eurovision-si-se-excluye-a-israel-internacional","status":"publish","type":"post","link":"https:\/\/www.europesays.com\/es\/160415\/","title":{"rendered":"Alemania, partidaria de retirarse de Eurovisi\u00f3n si se excluye a Israel | Internacional"},"content":{"rendered":"<p>El canciller <a href=\"https:\/\/cadenaser.com\/nacional\/2025\/07\/28\/alemania-anuncia-un-puente-aereo-para-llevar-ayuda-humanitaria-a-gaza-cadena-ser\/\" target=\"_blank\" rel=\"noreferrer nofollow noopener\" title=\"https:\/\/cadenaser.com\/nacional\/2025\/07\/28\/alemania-anuncia-un-puente-aereo-para-llevar-ayuda-humanitaria-a-gaza-cadena-ser\/\">alem\u00e1n<\/a>, Friedrich Merz, ha afirmado que una potencial exclusi\u00f3n de <a href=\"https:\/\/cadenaser.com\/cataluna\/2025\/10\/06\/jaume-asens-sobre-el-trato-de-israel-a-la-flotilla-estamos-estudiando-acciones-legales-incluso-por-torturas-sercat\/\" target=\"_blank\" rel=\"noreferrer nofollow noopener\" title=\"https:\/\/cadenaser.com\/cataluna\/2025\/10\/06\/jaume-asens-sobre-el-trato-de-israel-a-la-flotilla-estamos-estudiando-acciones-legales-incluso-por-torturas-sercat\/\">Israel<\/a> de <a href=\"https:\/\/cadenaser.com\/nacional\/2025\/09\/20\/austria-critica-a-espana-y-a-otros-paises-por-amenazar-con-boicotear-eurovision-si-participa-israel-cadena-ser\/\" target=\"_blank\" rel=\"noreferrer nofollow noopener\" title=\"https:\/\/cadenaser.com\/nacional\/2025\/09\/20\/austria-critica-a-espana-y-a-otros-paises-por-amenazar-con-boicotear-eurovision-si-participa-israel-cadena-ser\/\">Eurovisi\u00f3n<\/a> supondr\u00eda un esc\u00e1ndalo y que ser\u00eda partidario de que Alemania se retirase del concurso en este caso.<\/p>\n<p>Al ser preguntado en una entrevista en la cadena p\u00fablica ARD si favorecer\u00eda un boicot alem\u00e1n de Eurovisi\u00f3n en el caso de que se excluyese a Israel debido a su ofensiva en Gaza, el pol\u00edtico conservador respondi\u00f3: \u00abYo abogar\u00eda por ello\u00bb.<\/p>\n<p>\u00abMe parece un esc\u00e1ndalo que esta posibilidad se discuta siquiera. Israel debe estar\u00bb, dijo en el programa de entrevistas de Caren Miosga.<\/p>\n<p>M\u00e1s informaci\u00f3n<\/p>\n<p>Seg\u00fan un sondeo realizado por encargo de la misma cadena p\u00fablica alemana, el 65 % de los entrevistados estar\u00edan en contra de que se excluya a Israel del concurso, al aducir que los artistas o deportistas israel\u00edes no deben ser castigados por la actuaci\u00f3n de su Gobierno.<\/p>\n<p>Por el contrario, el 24 % estaba a favor de la medida, para ejercer m\u00e1s presi\u00f3n sobre el Ejecutivo de Benjam\u00edn Netanyahu, seg\u00fan el sondeo realizado por Infratest dimap entre el 29 de septiembre y el 1 de octubre.<\/p>\n<p>La pr\u00f3xima edici\u00f3n de Eurovisi\u00f3n se celebrar\u00e1 en Viena, con la final programada para el pr\u00f3ximo 16 de mayo.<\/p>\n<p>La Uni\u00f3n Europea de Radiodifusi\u00f3n (UER), organizadora del festival, anunci\u00f3 que ha convocado una asamblea extraordinaria en noviembre para que las televisiones p\u00fablicas que la componen voten si Israel participa o no en la edici\u00f3n de 2026, ante la oposici\u00f3n de varios miembros.<\/p>\n<p>Las televisiones p\u00fablicas de pa\u00edses como Espa\u00f1a, Irlanda, Eslovenia y Pa\u00edses Bajos han expresado p\u00fablicamente su intenci\u00f3n de no participar el pr\u00f3ximo a\u00f1o si lo hace Israel.<\/p>\n","protected":false},"excerpt":{"rendered":"El canciller alem\u00e1n, Friedrich Merz, ha afirmado que una potencial exclusi\u00f3n de Israel de Eurovisi\u00f3n supondr\u00eda un esc\u00e1ndalo&hellip;\n","protected":false},"author":2,"featured_media":160416,"comment_status":"","ping_status":"","sticky":false,"template":"","format":"standard","meta":{"footnotes":""},"categories":[5],"tags":[17,18,25,37706,41184,24,24121,13,14,11,62,19,20,9,10,15,16,41185,23,12,21,22],"class_list":{"0":"post-160415","1":"post","2":"type-post","3":"status-publish","4":"format-standard","5":"has-post-thumbnail","7":"category-titulares","8":"tag-breaking-news","9":"tag-breakingnews","10":"tag-es","11":"tag-esc","12":"tag-esc2025","13":"tag-espana","14":"tag-eurovision","15":"tag-featured-news","16":"tag-featurednews","17":"tag-headlines","18":"tag-international","19":"tag-latest-news","20":"tag-latestnews","21":"tag-news","22":"tag-noticias","23":"tag-noticias-destacadas","24":"tag-noticiasdestacadas","25":"tag-song-contest","26":"tag-spain","27":"tag-titulares","28":"tag-ultimas-noticias","29":"tag-ultimasnoticias"},"share_on_mastodon":{"url":"","error":""},"_links":{"self":[{"href":"https:\/\/www.europesays.com\/es\/wp-json\/wp\/v2\/posts\/160415","targetHints":{"allow":["GET"]}}],"collection":[{"href":"https:\/\/www.europesays.com\/es\/wp-json\/wp\/v2\/posts"}],"about":[{"href":"https:\/\/www.europesays.com\/es\/wp-json\/wp\/v2\/types\/post"}],"author":[{"embeddable":true,"href":"https:\/\/www.europesays.com\/es\/wp-json\/wp\/v2\/users\/2"}],"replies":[{"embeddable":true,"href":"https:\/\/www.europesays.com\/es\/wp-json\/wp\/v2\/comments?post=160415"}],"version-history":[{"count":0,"href":"https:\/\/www.europesays.com\/es\/wp-json\/wp\/v2\/posts\/160415\/revisions"}],"wp:featuredmedia":[{"embeddable":true,"href":"https:\/\/www.europesays.com\/es\/wp-json\/wp\/v2\/media\/160416"}],"wp:attachment":[{"href":"https:\/\/www.europesays.com\/es\/wp-json\/wp\/v2\/media?parent=160415"}],"wp:term":[{"taxonomy":"category","embeddable":true,"href":"https:\/\/www.europesays.com\/es\/wp-json\/wp\/v2\/categories?post=160415"},{"taxonomy":"post_tag","embeddable":true,"href":"https:\/\/www.europesays.com\/es\/wp-json\/wp\/v2\/tags?post=160415"}],"curies":[{"name":"wp","href":"https:\/\/api.w.org\/{rel}","templated":true}]}}