{"id":160421,"date":"2025-10-07T05:04:17","date_gmt":"2025-10-07T05:04:17","guid":{"rendered":"https:\/\/www.europesays.com\/es\/160421\/"},"modified":"2025-10-07T05:04:17","modified_gmt":"2025-10-07T05:04:17","slug":"este-es-el-tiempo-de-baja-que-le-queda-a-los-lesionados-del-malaga-cf","status":"publish","type":"post","link":"https:\/\/www.europesays.com\/es\/160421\/","title":{"rendered":"Este es el tiempo de baja que le queda a los lesionados del M\u00e1laga CF"},"content":{"rendered":"<p>            <a href=\"https:\/\/www.merchanendirecto.es\/wp-content\/uploads\/2025\/09\/grupo-entrenamiento-malaga-cf-3.webp\" data-caption=\"Foto: Javi D\u00edaz\" rel=\"nofollow noopener\" target=\"_blank\"><img loading=\"lazy\" decoding=\"async\" width=\"696\" height=\"463\" class=\"entry-thumb td-modal-image\" src=\"https:\/\/www.europesays.com\/es\/wp-content\/uploads\/2025\/10\/grupo-entrenamiento-malaga-cf-3-696x463.webp.webp\"   alt=\"\" title=\"grupo entrenamiento m\u00e1laga cf 3\"\/><\/a>Foto: Javi D\u00edaz<\/p>\n<p>Una de las grandes preguntas que tiene el malaguismo es sobre el tiempo de baja que tienen los jugadores blanquiazules que est\u00e1n lesionados. La enfermer\u00eda malacitana se llen\u00f3 desde principio de curso con algunas lesiones graves y otras m\u00e1s leves que han complicado los onces de<a href=\"http:\/\/MALAGACF.ES\" target=\"_blank\" rel=\"noreferrer noopener nofollow\"> Sergio Pellicer<\/a>. Hasta ocho bajas ha tenido el equipo en las \u00faltimas dos jornadas. En la lista hay de todo. Jugadores que volver\u00e1n en octubre y otros a los que se les espera ya en el a\u00f1o 2026.<strong> \u00bfQu\u00e9 tiempo de baja tienen los jugadores del M\u00e1laga CF que est\u00e1n actualmente lesiones? Radio MARCA M\u00e1laga contesta la pregunta de los aficionados malaguistas.<\/strong><\/p>\n<p>Hay que empezar por los que tienen lesiones menores. Carlos Puga es el primero de esta lista. <a href=\"https:\/\/www.merchanendirecto.es\/malaga-cf\/lesion-carlos-puga-problemas-musculares-y-presencia-de-molestias-en-el-pubis\/\" target=\"_blank\" rel=\"noreferrer noopener nofollow\">El club comunic\u00f3 el pasado 9 de septiembre que Puga sufr\u00eda una lesi\u00f3n miotendinosa de la musculatura aductora<\/a> de su pierna izquierda, adem\u00e1s de signos de osteopat\u00eda din\u00e1mica de pubis aguda. <strong>En La Rosaleda creen que el jugador a\u00fan estar\u00e1 de baja al menos dos semanas m\u00e1s<\/strong>. No quieren forzar y podr\u00edan ser tres.\u00a0<\/p>\n<p>Es un caso parecido al de Joaqu\u00edn Mu\u00f1oz. <strong>El extremo del barrio de Miraflores estar\u00e1 en el dique seco al menos otras tres semanas m\u00e1s<\/strong>. El club confirm\u00f3 <a href=\"https:\/\/www.merchanendirecto.es\/malaga-cf\/una-nueva-baja-atormenta-al-malaga-cf\/\" target=\"_blank\" rel=\"noreferrer noopener nofollow\">una lesi\u00f3n en el aductor de su pierna derecha el pasado 18 de septiembre<\/a> tras la visita a Huesca. A\u00fan habr\u00e1 que esperar para verle. Adri\u00e1n Ni\u00f1o, que todav\u00eda no ha podido entrenar con el equipo podr\u00eda regresar esta semana. No hay preocupaci\u00f3n y la idea es que entre en la convocatoria de Santander. Eso s\u00ed, el club ha aprendido la lecci\u00f3n y no le forzar\u00e1.<\/p>\n<p>La siguiente parte de la lista la conforman los lesionados de larga duraci\u00f3n. <strong>Ram\u00f3n est\u00e1 avanzando bien y se le espera para la segunda vuelta de la competici\u00f3n<\/strong>. El club anda con pies de plomo al respecto y no quiere forzar al jugador. Moussa podr\u00eda volver un poco antes, para el mes de diciembre aunque no se descarta que como Ram\u00f3n vuelva en enero. <strong>Lo de Luismi S\u00e1nchez ser\u00e1n cuatro o cinco meses y se le espera para enero<\/strong>, pero en este caso el club quiere intentar acelerar lo que pueda al no ser una lesi\u00f3n muscular. \u00bfQu\u00e9 tiempo de baja tienen los jugadores del M\u00e1laga CF que est\u00e1n actualmente lesiones? <strong>Radio MARCA M\u00e1laga<\/strong> contesta la pregunta de los aficionados malaguistas.<\/p>\n","protected":false},"excerpt":{"rendered":"Foto: Javi D\u00edaz Una de las grandes preguntas que tiene el malaguismo es sobre el tiempo de baja&hellip;\n","protected":false},"author":2,"featured_media":160422,"comment_status":"","ping_status":"","sticky":false,"template":"","format":"standard","meta":{"footnotes":""},"categories":[268],"tags":[20162,47632,168,25,24,280,282,35229,15304,1963,47633,20165,281,23,167],"class_list":{"0":"post-160421","1":"post","2":"type-post","3":"status-publish","4":"format-standard","5":"has-post-thumbnail","7":"category-futbol","8":"tag-adrian-nino","9":"tag-carlos-puga","10":"tag-deportes","11":"tag-es","12":"tag-espana","13":"tag-football","14":"tag-futbol","15":"tag-joaquin-munoz","16":"tag-luismi-sanchez","17":"tag-malaga-cf","18":"tag-moussa-diarra","19":"tag-ramon-enriquez","20":"tag-soccer","21":"tag-spain","22":"tag-sports"},"share_on_mastodon":{"url":"","error":""},"_links":{"self":[{"href":"https:\/\/www.europesays.com\/es\/wp-json\/wp\/v2\/posts\/160421","targetHints":{"allow":["GET"]}}],"collection":[{"href":"https:\/\/www.europesays.com\/es\/wp-json\/wp\/v2\/posts"}],"about":[{"href":"https:\/\/www.europesays.com\/es\/wp-json\/wp\/v2\/types\/post"}],"author":[{"embeddable":true,"href":"https:\/\/www.europesays.com\/es\/wp-json\/wp\/v2\/users\/2"}],"replies":[{"embeddable":true,"href":"https:\/\/www.europesays.com\/es\/wp-json\/wp\/v2\/comments?post=160421"}],"version-history":[{"count":0,"href":"https:\/\/www.europesays.com\/es\/wp-json\/wp\/v2\/posts\/160421\/revisions"}],"wp:featuredmedia":[{"embeddable":true,"href":"https:\/\/www.europesays.com\/es\/wp-json\/wp\/v2\/media\/160422"}],"wp:attachment":[{"href":"https:\/\/www.europesays.com\/es\/wp-json\/wp\/v2\/media?parent=160421"}],"wp:term":[{"taxonomy":"category","embeddable":true,"href":"https:\/\/www.europesays.com\/es\/wp-json\/wp\/v2\/categories?post=160421"},{"taxonomy":"post_tag","embeddable":true,"href":"https:\/\/www.europesays.com\/es\/wp-json\/wp\/v2\/tags?post=160421"}],"curies":[{"name":"wp","href":"https:\/\/api.w.org\/{rel}","templated":true}]}}