{"id":160425,"date":"2025-10-07T05:12:11","date_gmt":"2025-10-07T05:12:11","guid":{"rendered":"https:\/\/www.europesays.com\/es\/160425\/"},"modified":"2025-10-07T05:12:11","modified_gmt":"2025-10-07T05:12:11","slug":"tengo-ninos-con-12-anos-que-pesan-100-kilos","status":"publish","type":"post","link":"https:\/\/www.europesays.com\/es\/160425\/","title":{"rendered":"\u00abTengo ni\u00f1os con 12 a\u00f1os que pesan 100 kilos\u00bb"},"content":{"rendered":"<p style=\"\">La <strong>consulta pedi\u00e1trica multidisciplinar destinada a pacientes con riesgos cardiovasculares<\/strong> ha superado su primer a\u00f1o en el Hospital Virgen Macarena. A este servicio de la unidad de pediatr\u00eda se acercan familias con <strong>ni\u00f1os con obesidad<\/strong> que tienen un serio peligro de desarrollar problemas  &#8230; de coraz\u00f3n por padecer ya patolog\u00edas como displemia, hipertensi\u00f3n y\/o diabetes.<\/p>\n<p class=\"voc-p\" style=\"\">La implantaci\u00f3n de esta consulta surgi\u00f3 a ra\u00edz del <strong>elevado aumento de casos de obesidad en ni\u00f1os<\/strong> que rondan los 10 a\u00f1os, a los que se les suman otras dolencias que les sit\u00faan como potenciales pacientes con problemas cardiovasculares. De hecho, <strong>en Andaluc\u00eda se estima que la obesidad infantil alcanza el 22%<\/strong> de la poblaci\u00f3n, algo que en Sevilla se ha dejado notar.<\/p>\n<p class=\"voc-p\" style=\"\">\u00abEsta idea surge porque en las consultas tanto de digestivo como endocrino y nefrolog\u00eda ve\u00edamos a muchos pacientes obesos, y cada uno de una manera parcelada. Entonces nos pareci\u00f3 muy interesante no desdoblar consultas sino hacer una conjunta y multidisciplinar para dar una serie de pautas a los pacientes para que ese riesgo cardiovascular previsible en la adultez pudiera disminuir\u00bb, se\u00f1ala <strong>Elena P\u00e9rez<\/strong>, pediatra impulsora y coordinadora de esta iniciativa.<\/p>\n<p><img decoding=\"async\" loading=\"lazy\" src=\"https:\/\/www.europesays.com\/es\/wp-content\/uploads\/2025\/10\/equipo_consulta_pediatrica-kCcE--760x427@diario_abc.jpg\" class=\"voc-img\" width=\"760\" height=\"427\" alt=\"Profesionales del Virgen Macarena que han intervenido en la consulta pedi\u00e1trica para pacientes con riesgos cardiovasculares\" data-voc-vtm-id=\"in-text-traffic\"\/><\/p>\n<p>Profesionales del Virgen Macarena que han intervenido en la consulta pedi\u00e1trica para pacientes con riesgos cardiovasculares<\/p>\n<p>HUVM<\/p>\n<p class=\"voc-p\" style=\"\">Esta consulta lleva trabajando un a\u00f1o con ni\u00f1os &#8211;<strong>actualmente trabajan con 67<\/strong>-, si bien el inicio fue costoso porque les faltaba una parte fundamental, tener una nutricionista. \u00abEs una parte fundamental en el abordaje de estos pacientes y de su familia. Es que ellos <strong>muchas veces no saben que comen mal<\/strong>. Entonces se le dan unas pautas y una motivaci\u00f3n. Y la verdad es que nos est\u00e1 yendo muy bien\u00bb, comenta la pediatra.<\/p>\n<p class=\"voc-p\" style=\"\">Todo para afrontar lo que la doctora P\u00e9rez califica como \u00ab<strong>un problem\u00f3n<\/strong>\u00bb. Esta pediatra se\u00f1ala que <strong>la obesidad \u00abes una pandemia del primer mundo<\/strong>. Vemos cada vez m\u00e1s ni\u00f1os con un \u00edndice de masa corporal con un percentil 95 o m\u00e1s -mayor de 30-. <strong>Tenemos ni\u00f1os de 12 a\u00f1os que pesan 100 kilos, eso es tremendo<\/strong>\u00bb. Eso s\u00ed, no todo es cosa de la mala alimentaci\u00f3n, sino que \u00abtambi\u00e9n hay aspectos psicol\u00f3gicos que hay que abordar\u00bb.<\/p>\n<p>\nPerfil del paciente\n<\/p>\n<p class=\"voc-p\" style=\"\">El hecho de estar pasado de peso no implica que un ni\u00f1o acabe en esta consulta multidisciplinar del Virgen Macarena. El s\u00edndrome metab\u00f3lico no se puede definir hasta los 10 a\u00f1os, por lo que a partir de esa edad se estudian los casos a analizar con profundidad por la complejidad de un desarrollo futuro. Lo normal es que acudan los pacientes con un per\u00edmetro abdominal por encima del percentil 95 y que, adem\u00e1s, acumule factores de riesgo como la hipertensi\u00f3n arterial, dislipemia o rango de prediabetes en la anal\u00edtica. <strong>Con s\u00f3lo dos de esos criterios entran en el programa de riesgo cardiovascular<\/strong>. <\/p>\n<p class=\"voc-p\" style=\"\">Cuestionada por un <strong>perfil habitual<\/strong> de estas consultas, Elena P\u00e9rez se\u00f1ala que suelen ser \u00ab<strong>ni\u00f1os sedentarios que utilizan pantallas continuadamente,<\/strong> incluso comiendo, que repiten comida y siguen jugando mientras comen, que <strong>no se mueven y no se les estimula<\/strong> tampoco a hacerlo\u00bb. El problema principal es que la mayor\u00eda de las veces son las propias familias y los ni\u00f1os los que no ven la posibilidad de riesgo de sus situaciones, incluso en pacientes con familiares con antecedentes cardiovasculares o de ictus precoz. \u00abPor eso <strong>tenemos que cambiar no solo los h\u00e1bitos del ni\u00f1o sino de la familia<\/strong>. Ense\u00f1amos a la familia que debe haber h\u00e1bitos de vida saludable y una dieta mediterr\u00e1nea. No los ponemos a dieta, queremos que coman bien\u00bb, asevera la responsable de la unidad.<\/p>\n<p>Tres de cada diez ni\u00f1os andaluces tiene sobrepeso<\/p>\n<p class=\"voc-p\">La obesidad infantil no es un problema localizado en Sevilla. No en vano, la Organizaci\u00f3n Mundial de la Salud (OMS) ya lo consider\u00f3 como la pandemia global del presente siglo, advirtiendo de su impacto la calidad de vida y el gasto sanitario. Los datos de la \u00faltima Encuesta Andaluza de Salud, realizada en 2016, se\u00f1ala que en la poblaci\u00f3n de 2 a 15 a\u00f1os hay una una prevalencia de sobrepeso del 19,7% (21,2% ni\u00f1os y 18,1% ni\u00f1as) y una prevalencia de obesidad del 11,3% (12,2% ni\u00f1os y 10,3% ni\u00f1as). En resumen, por cada 10 ni\u00f1os hay tres que presentan exceso de peso, de los cuales dos tienen sobrepeso y uno obesidad. En el an\u00e1lisis por edad y sexo se observa que el sobrepeso es mayor en los grupos de m\u00e1s edad, fundamentalmente entre los ni\u00f1os. No existen datos concretos de Sevilla.<\/p>\n<p class=\"voc-p\" style=\"\">El trabajo con estos menores exige la implicaci\u00f3n de ellos y sus familias, pero tambi\u00e9n exige paciencia, y no querer andar tres pasos sin haber andado el primero. \u00ab<strong>Esto es una carrera de fondo<\/strong>, <strong>no puedes ser impaciente cuando pesas 100 kilos y querer pasar en dos meses al peso ideal<\/strong>. Lo que hacemos es forzar, entre comillas, con motivaci\u00f3n para que poco a poco vayan dejando el sedentarismo, los malos h\u00e1bitos diet\u00e9ticos\u00bb, afirma Elena P\u00e9rez. El m\u00e9todo, que parece f\u00e1cil de realizar, no siempre se lleva a cabo. El grupo de profesionales que atienden a los ni\u00f1os les motivan a introducir en dos meses tres verduras, comer tres frutas al d\u00eda, andar, lo que califican como \u00ab<strong>metas cortas que ellos pueden hacer y dan resultado<\/strong>\u00bb. <\/p>\n<p class=\"voc-p\" style=\"\">Una vez superado el primer arre\u00f3n, toca consolidar lo ganado. Entonces llegar el momento de que asimilen la necesidad de que \u00abtodos los d\u00edas tienen que andar un poquito. Tambi\u00e9n se pueden apuntar al gimnasio e i ir dos d\u00edas a la semana. La siguiente meta ser\u00e1n tres d\u00edas y seguir ganando etapas. Tenemos que ser realistas. Tenemos a un paciente sedentario, un paciente que no le gusta hacer deporte, no puedes meterle un programa de deporte de primeras\u00bb. Todo con la pausa recomendable ya que \u00abno puedes tener prisas porque si no se desaniman. Hay que ir superando metas\u00bb.<\/p>\n","protected":false},"excerpt":{"rendered":"La consulta pedi\u00e1trica multidisciplinar destinada a pacientes con riesgos cardiovasculares ha superado su primer a\u00f1o en el Hospital&hellip;\n","protected":false},"author":2,"featured_media":160426,"comment_status":"","ping_status":"","sticky":false,"template":"","format":"standard","meta":{"footnotes":""},"categories":[92],"tags":[21882,988,25,24,165,867,2932,33031,166,23,18058],"class_list":{"0":"post-160425","1":"post","2":"type-post","3":"status-publish","4":"format-standard","5":"has-post-thumbnail","7":"category-salud","8":"tag-21882","9":"tag-anos","10":"tag-es","11":"tag-espana","12":"tag-health","13":"tag-kilos","14":"tag-ninos","15":"tag-pesan","16":"tag-salud","17":"tag-spain","18":"tag-tremendo"},"share_on_mastodon":{"url":"","error":""},"_links":{"self":[{"href":"https:\/\/www.europesays.com\/es\/wp-json\/wp\/v2\/posts\/160425","targetHints":{"allow":["GET"]}}],"collection":[{"href":"https:\/\/www.europesays.com\/es\/wp-json\/wp\/v2\/posts"}],"about":[{"href":"https:\/\/www.europesays.com\/es\/wp-json\/wp\/v2\/types\/post"}],"author":[{"embeddable":true,"href":"https:\/\/www.europesays.com\/es\/wp-json\/wp\/v2\/users\/2"}],"replies":[{"embeddable":true,"href":"https:\/\/www.europesays.com\/es\/wp-json\/wp\/v2\/comments?post=160425"}],"version-history":[{"count":0,"href":"https:\/\/www.europesays.com\/es\/wp-json\/wp\/v2\/posts\/160425\/revisions"}],"wp:featuredmedia":[{"embeddable":true,"href":"https:\/\/www.europesays.com\/es\/wp-json\/wp\/v2\/media\/160426"}],"wp:attachment":[{"href":"https:\/\/www.europesays.com\/es\/wp-json\/wp\/v2\/media?parent=160425"}],"wp:term":[{"taxonomy":"category","embeddable":true,"href":"https:\/\/www.europesays.com\/es\/wp-json\/wp\/v2\/categories?post=160425"},{"taxonomy":"post_tag","embeddable":true,"href":"https:\/\/www.europesays.com\/es\/wp-json\/wp\/v2\/tags?post=160425"}],"curies":[{"name":"wp","href":"https:\/\/api.w.org\/{rel}","templated":true}]}}