{"id":160427,"date":"2025-10-07T05:13:15","date_gmt":"2025-10-07T05:13:15","guid":{"rendered":"https:\/\/www.europesays.com\/es\/160427\/"},"modified":"2025-10-07T05:13:15","modified_gmt":"2025-10-07T05:13:15","slug":"charo-reina-descalificada-de-la-repesca-tras-un-gran-susto-en-masterchef-celebrity","status":"publish","type":"post","link":"https:\/\/www.europesays.com\/es\/160427\/","title":{"rendered":"Charo Reina, descalificada de la repesca, tras un gran susto en &#8216;MasterChef Celebrity&#8217;"},"content":{"rendered":"\n<p> <a href=\"https:\/\/www.elconfidencial.com\/television\/programas-tv\/2025-09-01\/quien-es-charo-reina-masterchef-celebrity-tve_4196743\/\" target=\"_self\" rel=\"nofollow noopener\">Charo Reina<\/a> no ha podido pelear por el delantal que perdi\u00f3 hace semanas en MasterChef Celebrity 10. Un contratiempo de salud durante el cocinado la ha obligado a abandonar la cocina, siendo <strong>autom\u00e1ticamente descalificada del proceso de repesca.<\/strong> <\/p>\n<p> Aspirantes y exaspirantes luchaban por equipos y por separado en el \u00e1rea deportiva de la Universidad Complutense de Madrid. Preparaban platos para m\u00e1s de 200 personas, en el marco del 30 aniversario de Acci\u00f3n contra el hambre, y una de ellas era Charo Reina. Sin embargo,<strong> nunca lleg\u00f3 a terminar una elaboraci\u00f3n que pudo costarle regresar al concurso.<\/strong> <\/p>\n<p> Poco despu\u00e9s de haber arrancado el reto de los expulsados, la folcl\u00f3rica sevillana pidi\u00f3 auxilio al equipo del programa de TVE. \u00ab<strong>\u00a1Que me caigo! Me ha dado un golpe de calor.<\/strong> Yo no tolero esta calor\u00bb, se escuchaba decir a la exconcursante, mientras la organizaci\u00f3n la prove\u00eda de aire y agua fresca para intentar recomponerla. <\/p>\n<p> \u00ab<strong>He perdido el conocimiento. Me he venido a negro <\/strong>y ha sido por un golpe de calor, a lo que desgraciadamente estoy bastante acostumbrada. Tengo la tensi\u00f3n muy alta y no puedo regresar a la cocina. <strong>Todo esto es muy importante, pero mi salud lo es mucho m\u00e1s<\/strong>\u00ab, expreso momentos despu\u00e9s, tras verse obligada a abandonar el reto de la repesca. <\/p>\n<blockquote class=\"twitter-tweet\" data-media-max-width=\"560\">\n<p lang=\"es\" dir=\"ltr\">Charo tiene un coraz\u00f3n enorme. Te queremos \u2764\ufe0f <a href=\"https:\/\/twitter.com\/hashtag\/MCCelebrity?src=hash&amp;ref_src=twsrc%5Etfw\" rel=\"nofollow noopener\" target=\"_blank\">#MCCelebrity<\/a> <a href=\"https:\/\/t.co\/JiVtAEXR03\" rel=\"nofollow\">pic.twitter.com\/JiVtAEXR03<\/a><\/p>\n<p>\u2014 MasterChef (@MasterChef_es) <a href=\"https:\/\/twitter.com\/MasterChef_es\/status\/1975341420585361842?ref_src=twsrc%5Etfw\" rel=\"nofollow noopener\" target=\"_blank\">October 6, 2025<\/a><\/p><\/blockquote>\n<p> El actor Daniel Guzm\u00e1n, que era uno de los artistas invitados a la prueba de exteriores, fue el encargado voluntario de terminar la elaboraci\u00f3n de Charo Reina. Sin embargo, y pese a haber iniciado el plato, <strong>Pepe Rodr\u00edguez confirm\u00f3 su descalificaci\u00f3n, retir\u00e1ndole la \u00faltima oportunidad para volver <\/strong>a vestir el delantal del exitoso talent show. <\/p>\n<p>              <img decoding=\"async\" class=\"inTextNews__img\" alt=\"Foto: masterchef-celebrity-torito-jugarreta-marilo-cesta\" src=\"https:\/\/www.europesays.com\/es\/wp-content\/uploads\/2025\/10\/f.elconfidencial.com\/original\/77f\/be1\/65a\/77fbe165ab2ee0fdf89c1b30a2824ebd.jpg\"  \/>     <\/p>\n<p>TE PUEDE INTERESAR<\/p>\n<p>      <a class=\"inTextNews__title\" href=\"https:\/\/www.elconfidencial.com\/television\/programas-tv\/2025-10-07\/masterchef-celebrity-torito-jugarreta-marilo-cesta_4223379\/\" onclick=\"window.ECCO.emit(&#039;amplitude&#039;, { dataEventName: &#039;click_related_article_module&#039;, data: { related_article_url: &#039;https:\/\/www.elconfidencial.com\/television\/programas-tv\/2025-10-07\/masterchef-celebrity-torito-jugarreta-marilo-cesta_4223379\/&#039;, related_article_author: &#039;Alvaro Rold\u00e1n&#039;, related_article_section: &#039;programas-tv&#039; } })\" rel=\"nofollow noopener\" target=\"_blank\"> La (recurrente) jugarreta de Torito que mete en apuros a Maril\u00f3 Montero, en &#8216;MasterChef Celebrity&#8217; <\/a>   <\/p>\n<p>    \u00c1lvaro Rold\u00e1n   <\/p>\n<p> \u00abTen\u00eda mucha ilusi\u00f3n por volver, m\u00e1s que por m\u00ed, por mi hijo, el peque\u00f1o. Pero las cosas pasan como tienen que pasar\u00bb, fueron las palabras de despedida de la actriz y cantante, que quiso agradecer a todo el equipo el trato recibido. Eso s\u00ed, <strong>Reina prometi\u00f3 volver a las cocinas en la emisi\u00f3n de la gran final para apoyar a los duelistas de esta edici\u00f3n.<\/strong> <\/p>\n<p> <a href=\"https:\/\/www.elconfidencial.com\/television\/programas-tv\/2025-09-01\/quien-es-charo-reina-masterchef-celebrity-tve_4196743\/\" target=\"_self\" rel=\"nofollow noopener\">Charo Reina<\/a> no ha podido pelear por el delantal que perdi\u00f3 hace semanas en MasterChef Celebrity 10. Un contratiempo de salud durante el cocinado la ha obligado a abandonar la cocina, siendo <strong>autom\u00e1ticamente descalificada del proceso de repesca.<\/strong> <\/p>\n<p>              <script async src=\"https:\/\/platform.twitter.com\/widgets.js\" charset=\"utf-8\"><\/script><\/p>\n","protected":false},"excerpt":{"rendered":"Charo Reina no ha podido pelear por el delantal que perdi\u00f3 hace semanas en MasterChef Celebrity 10. Un&hellip;\n","protected":false},"author":2,"featured_media":160428,"comment_status":"","ping_status":"","sticky":false,"template":"","format":"standard","meta":{"footnotes":""},"categories":[91],"tags":[146,147,25,24,23],"class_list":{"0":"post-160427","1":"post","2":"type-post","3":"status-publish","4":"format-standard","5":"has-post-thumbnail","7":"category-entretenimiento","8":"tag-entertainment","9":"tag-entretenimiento","10":"tag-es","11":"tag-espana","12":"tag-spain"},"share_on_mastodon":{"url":"","error":""},"_links":{"self":[{"href":"https:\/\/www.europesays.com\/es\/wp-json\/wp\/v2\/posts\/160427","targetHints":{"allow":["GET"]}}],"collection":[{"href":"https:\/\/www.europesays.com\/es\/wp-json\/wp\/v2\/posts"}],"about":[{"href":"https:\/\/www.europesays.com\/es\/wp-json\/wp\/v2\/types\/post"}],"author":[{"embeddable":true,"href":"https:\/\/www.europesays.com\/es\/wp-json\/wp\/v2\/users\/2"}],"replies":[{"embeddable":true,"href":"https:\/\/www.europesays.com\/es\/wp-json\/wp\/v2\/comments?post=160427"}],"version-history":[{"count":0,"href":"https:\/\/www.europesays.com\/es\/wp-json\/wp\/v2\/posts\/160427\/revisions"}],"wp:featuredmedia":[{"embeddable":true,"href":"https:\/\/www.europesays.com\/es\/wp-json\/wp\/v2\/media\/160428"}],"wp:attachment":[{"href":"https:\/\/www.europesays.com\/es\/wp-json\/wp\/v2\/media?parent=160427"}],"wp:term":[{"taxonomy":"category","embeddable":true,"href":"https:\/\/www.europesays.com\/es\/wp-json\/wp\/v2\/categories?post=160427"},{"taxonomy":"post_tag","embeddable":true,"href":"https:\/\/www.europesays.com\/es\/wp-json\/wp\/v2\/tags?post=160427"}],"curies":[{"name":"wp","href":"https:\/\/api.w.org\/{rel}","templated":true}]}}