{"id":160449,"date":"2025-10-07T05:41:13","date_gmt":"2025-10-07T05:41:13","guid":{"rendered":"https:\/\/www.europesays.com\/es\/160449\/"},"modified":"2025-10-07T05:41:13","modified_gmt":"2025-10-07T05:41:13","slug":"begona-gomez-pide-al-juez-que-solicite-a-moncloa-informacion-de-los-asistentes-anteriores-de-las-parejas-de-los-presidentes","status":"publish","type":"post","link":"https:\/\/www.europesays.com\/es\/160449\/","title":{"rendered":"Bego\u00f1a G\u00f3mez pide al juez que solicite a Moncloa informaci\u00f3n de los asistentes anteriores de las parejas de los presidentes"},"content":{"rendered":"<p>06\/10\/2025<br \/>\n<br \/><strong><br \/>\nActualizado a las 21:28h.<br \/>\n<\/strong><\/p>\n<p class=\"voc-p\" style=\"\">El abogado de <a href=\"https:\/\/www.abc.es\/noticias\/begona-gomez-fernandez\/\" title=\"www.abc.es\" data-voc-vtm-id=\"in-text-traffic\" data-mrf-link=\"www.abc.es\" rel=\"nofollow noopener\" target=\"_blank\">Bego\u00f1a G\u00f3mez<\/a>, esposa del presidente del Gobierno, ha solicitado al juez <strong>Juan Carlos Peinado<\/strong>, que la investiga por un delito de malversaci\u00f3n, que reclame a la Secretar\u00eda General de Presidencia del Gobierno la informaci\u00f3n \u00absobre todos los antecedentes que le consten con relaci\u00f3n al nombramiento de asistentes al c\u00f3nyuge del presidente del Gobierno\u00bb. <\/p>\n<p class=\"voc-p\" style=\"\">En el escrito, al que ha tenido acceso ABC, el letrado Antonio Camacho pide asimismo que en esa informaci\u00f3n \u00abse delimiten los puestos ocupados y las funciones que llevaban a cabo\u00bb cada uno. Esta diligencia se pide despu\u00e9s de que el magistrado acordara transformar el procedimiento para que siga por el <strong>Tribunal del Jurado<\/strong>, lo que provocar\u00eda que, de llegar a juicio, ser\u00eda un jurado popular quien dictara el veredicto. <\/p>\n<p class=\"voc-p\" style=\"\">Tras este paso, el magistrado tambi\u00e9n acord\u00f3 transformar la causa principal, por la que investiga a G\u00f3mez por <strong>tr\u00e1fico de influencias y corrupci\u00f3n en los negocios<\/strong>, para que tambi\u00e9n siga por ese cauce. De hecho, esta misma tarde el magistrado celebrar\u00e1 una vistilla para comunicar esta \u00faltima decisi\u00f3n. <\/p>\n<p class=\"voc-p\" style=\"\">En la pieza separada por malversaci\u00f3n el juez investiga si Bego\u00f1a G\u00f3mez pudo cometer delito al utilizar para sus <strong>negocios privados<\/strong> a la asistente que le puso La Moncloa para coordinar su agenda p\u00fablica.<\/p>\n<p class=\"voc-p\" style=\"\">El pasado 1 de octubre, Camacho recurri\u00f3 directamente ante la Audiencia Provincial de Madrid la decisi\u00f3n del juez al entender que daba este paso sin contar con indicio alguno y a\u00f1ad\u00eda que Peinado \u00abse limita a transcribir diversos art\u00edculos de la Ley del Jurado\u00bb y que se apoyaba en una frase \u00abgen\u00e9rica, inconcreta y estereotipada\u00bb para fundamentar su tesis. <\/p>\n<p class=\"voc-p\" style=\"\">A su juicio, ni G\u00f3mez ni su asistente Cristina \u00c1lvarez ni el delegado del Gobierno en Madrid, Francisco Mart\u00edn, pueden ser considerados \u00abcomo presuntos autores del citado delito\u00bb. Al hilo, sobre los correos aportados a la causa por el que fuera vicerrector de Relaciones Institucionales de la Universidad Complutense de Madrid (UCM) Juan Carlos Doadrio, destacaba que los enviados por \u00c1lvarez estaban relacionados con la c\u00e1tedra extraordinaria de Transformaci\u00f3n Social Competitiva que codirig\u00eda la esposa del presidente y \u00abes un hecho no discutido\u00bb que por esa c\u00e1tedra su representada \u00abno cobraba ninguna cantidad de dinero\u00bb por lo que en puridad no pod\u00eda entenderse como negocio privado. <\/p>\n<p class=\"voc-p\" style=\"\">Por otro lado, sobre el hecho de que la asistente realizara apoyos puntuales a G\u00f3mez en asuntos relacionados con esa c\u00e1tedra, tal y como se advierte por los &#8216;mails&#8217;, la defensa indicaba que \u00abno existe un Estatuto de la c\u00f3nyuge del Presidente del Gobierno\u00bb porque esa figura no est\u00e1 regulada. Entiende que la interpretaci\u00f3n y distingo que se hace entre actividades privadas e institucionales deber\u00eda llevar a que las personas que asisten a la necesidades diarias de las personas que ocupan la sede de Presidencia de Gobierno solo podr\u00edan prest\u00e1rselas a la c\u00f3nyuge del presidente \u00aben aquellos supuestos en que acompa\u00f1ase f\u00edsicamente al titular de la Presidencia\u00bb.<\/p>\n<p class=\"voc-p\" style=\"\">Esto, consideraba Camacho, dejar\u00eda de lado \u00abuna faceta privada que existe y requiere de un apoyo log\u00edstico y material, dada la convivencia en una residencia oficial del Estado que viene obligada por las funciones que realiza su esposo\u00bb, Pedro S\u00e1nchez. E incid\u00eda en que la interpretaci\u00f3n que hace Peinado de las funciones que debe acometer la asistente \u00abno se ajusta a los usos que se vienen desarrollando desde el advenimiento de la Democracia\u00bb.<\/p>\n<p class=\"voc-p\" style=\"\">\u00abLas funciones que se atribuyen a los asistentes de los c\u00f3nyuges de los presidentes de Gobierno est\u00e1n ayunas de cualquier tipo de regulaci\u00f3n, no existe norma alguna que establezca cuales son las funciones que ha de desarrollar\u00bb, matizaba, para sumar que \u00abla realidad es que (\u00c1lvarez) dada la amistad con la misma y que su horario de trabajo se extend\u00eda por encima de las 8 horas diarias la ayudaba puntualmente en determinadas cuestiones en atenci\u00f3n a su amistad, pero en ning\u00fan caso se trataba de cuestiones que gestionara solo exclusivamente Cristina \u00c1lvarez\u00bb.<\/p>\n<p>\nAmazon\n<\/p>\n<p class=\"voc-p\" style=\"\">Este jueves ha trascendido adem\u00e1s una nueva providencia del juez en el marco de la pieza principal (que tambi\u00e9n prev\u00e9 que sea juzgada por un jurado) por la que solicita que, dado que de los investigado se conoce que el alojamiento del dominio transformatsc.org -de la c\u00e1tedra que codirig\u00eda G\u00f3mez en la Complutense) est\u00e1 alojado en servidores de Amazon, la multinacional americana debe informar del nombre del cliente, el precio del servicio, el correo de la cuenta del cliente, cuando arranc\u00f3 y se extingui\u00f3 ese servicio y el registro de acceso y los usuarios autorizados. <\/p>\n<p class=\"voc-p\" style=\"\">Pide que sea la Unidad Central Operativa (UCO) de la Guardia Civil quien haga cumplir su petici\u00f3n a Amazon y que  sea ese cuerpo policial quien elabore el informe correspondiente. <\/p>\n<p>Reportar un error<\/p>\n","protected":false},"excerpt":{"rendered":"06\/10\/2025 Actualizado a las 21:28h. El abogado de Bego\u00f1a G\u00f3mez, esposa del presidente del Gobierno, ha solicitado al&hellip;\n","protected":false},"author":2,"featured_media":160450,"comment_status":"","ping_status":"","sticky":false,"template":"","format":"standard","meta":{"footnotes":""},"categories":[5],"tags":[44506,12068,7421,17,18,25,24,13,14,4190,11,1664,19,20,10277,4044,9,10,15,16,34,1461,47654,23,12,21,22],"class_list":{"0":"post-160449","1":"post","2":"type-post","3":"status-publish","4":"format-standard","5":"has-post-thumbnail","7":"category-titulares","8":"tag-antecedentes","9":"tag-asistentes","10":"tag-begona","11":"tag-breaking-news","12":"tag-breakingnews","13":"tag-es","14":"tag-espana","15":"tag-featured-news","16":"tag-featurednews","17":"tag-gomez","18":"tag-headlines","19":"tag-juez","20":"tag-latest-news","21":"tag-latestnews","22":"tag-moncloa","23":"tag-mujeres","24":"tag-news","25":"tag-noticias","26":"tag-noticias-destacadas","27":"tag-noticiasdestacadas","28":"tag-pide","29":"tag-presidente","30":"tag-reclame","31":"tag-spain","32":"tag-titulares","33":"tag-ultimas-noticias","34":"tag-ultimasnoticias"},"share_on_mastodon":{"url":"","error":""},"_links":{"self":[{"href":"https:\/\/www.europesays.com\/es\/wp-json\/wp\/v2\/posts\/160449","targetHints":{"allow":["GET"]}}],"collection":[{"href":"https:\/\/www.europesays.com\/es\/wp-json\/wp\/v2\/posts"}],"about":[{"href":"https:\/\/www.europesays.com\/es\/wp-json\/wp\/v2\/types\/post"}],"author":[{"embeddable":true,"href":"https:\/\/www.europesays.com\/es\/wp-json\/wp\/v2\/users\/2"}],"replies":[{"embeddable":true,"href":"https:\/\/www.europesays.com\/es\/wp-json\/wp\/v2\/comments?post=160449"}],"version-history":[{"count":0,"href":"https:\/\/www.europesays.com\/es\/wp-json\/wp\/v2\/posts\/160449\/revisions"}],"wp:featuredmedia":[{"embeddable":true,"href":"https:\/\/www.europesays.com\/es\/wp-json\/wp\/v2\/media\/160450"}],"wp:attachment":[{"href":"https:\/\/www.europesays.com\/es\/wp-json\/wp\/v2\/media?parent=160449"}],"wp:term":[{"taxonomy":"category","embeddable":true,"href":"https:\/\/www.europesays.com\/es\/wp-json\/wp\/v2\/categories?post=160449"},{"taxonomy":"post_tag","embeddable":true,"href":"https:\/\/www.europesays.com\/es\/wp-json\/wp\/v2\/tags?post=160449"}],"curies":[{"name":"wp","href":"https:\/\/api.w.org\/{rel}","templated":true}]}}