{"id":160455,"date":"2025-10-07T05:50:23","date_gmt":"2025-10-07T05:50:23","guid":{"rendered":"https:\/\/www.europesays.com\/es\/160455\/"},"modified":"2025-10-07T05:50:23","modified_gmt":"2025-10-07T05:50:23","slug":"alineacion-confirmada-del-real-madrid-hoy-contra-el-kairat-almaty-en-champions","status":"publish","type":"post","link":"https:\/\/www.europesays.com\/es\/160455\/","title":{"rendered":"Alineaci\u00f3n confirmada del Real Madrid hoy contra el Kairat Almaty en Champions"},"content":{"rendered":"<p class=\"\">La Champions como b\u00e1lsamo. <b>M\u00e1s de 6.400 kil\u00f3metros rumbo a Almaty en busca de la redenci\u00f3n tras el derbi<\/b>. El Kairat, a priori el rival m\u00e1s asequible de los ocho que el ordenador asign\u00f3 al Madrid, aparece como chivo expiatorio tras el cataclismo del derbi. Es la Copa de Europa, pero tambi\u00e9n una ocasi\u00f3n abonada a las rotaciones, aunque Xabi las ha limitado. Descansa Valverde, pero el Halc\u00f3n es lo poco que se guarda el tolosarra. Mbapp\u00e9, Vinicius y Mastantuono, que regresa al once tras su suplencia en el derbi, son titulares. <\/p>\n<p><a href=\"https:\/\/as.com\/resultados\/ficha\/equipo\/real_madrid\/1\/\" rel=\"nofollow noopener\" target=\"_blank\"><img decoding=\"async\" src=\"https:\/\/www.europesays.com\/es\/wp-content\/uploads\/2025\/10\/1759816220_499_1.png\" alt=\"Alineaci\u00f3n confirmada del Real Madrid hoy contra el Kairat Almaty en Champions\" height=\"80\" width=\"80\"  loading=\"lazy\" data-error-image=\"https:\/\/static.as.com\/dist\/resources\/images\/placeholder-team.png\"\/><\/a><\/p>\n<p class=\"\">El Madrid viene de un derbi que, adem\u00e1s de la derrota, dej\u00f3 da\u00f1os en la ya maltrecha defensa de Xabi Alonso. Militao, aquejado de un fuerte golpe en el tobillo izquierdo, no viaj\u00f3 a Kazajist\u00e1n. Y para el lateral derecho no est\u00e1n Carvajal ni Trent. Pero el entrenador madridista ha huido de experimentos. Le da el lateral a <b>Asencio <\/b>y para acompa\u00f1ar a <b>Huijsen <\/b>en el centro de la defensa concede la primera titularidad de la temporada a <b>Alaba<\/b>, que apenas llevaba diez minutos oficiales este curso con la camiseta blanca. El lateral izquierdo es para <b>Fran Garc\u00eda<\/b> y la porter\u00eda, ah\u00ed no hab\u00eda duda alguna, para <b>Courtois<\/b>.<\/p>\n<p><img decoding=\"async\" src=\"https:\/\/www.europesays.com\/es\/wp-content\/uploads\/2025\/10\/LZSAVI2UHZLQZCFBWLA5OYUAAE.jpg\" alt=\"Alineaci\u00f3n confirmada del Real Madrid hoy contra el Kairat Almaty en Champions\" height=\"3263\" width=\"2767\"   loading=\"lazy\"\/>Xabi Alonso habla con Ceballos en el entrenamiento del Real Madrid.JESUS ALVAREZ ORIHUELA<\/p>\n<p class=\"\">En la media y la delantera, un cambio por l\u00ednea. En el centro del campo Xabi da descanso a Valverde y <b>da entrada a Ceballos junto a Tchouameni y G\u00fcler<\/b>. Y arriba, Bellingham regresa al banquillo para recuperar el tridente que tan buen resultado le estaba dando al t\u00e9cnico blanco: <b>Mastantuono, Mbapp\u00e9 y Vinicius<\/b>.<\/p>\n<p>Once titular del Real Madrid contra el Kairat Almaty<\/p>\n<p class=\"\">En resumen, el once que saca de inicio Xabi Alonso en el Estadio Central de Almaty est\u00e1 formado por: <b>Courtois; Asencio, Huijsen, Alaba, Fran Garc\u00eda; G\u00fcler, Tchouameni, Ceballos; Mastantuono, Mbapp\u00e9 y Vinicius<\/b>.<\/p>\n<p class=\"\">Completan la expedici\u00f3n que ha viajado a Kazajist\u00e1n: Lunin, Javi Navarro, David Jim\u00e9nez, Carreras, Valverde, Camavinga, Bellingham, Brahim, Rodrygo, Endrick y Gonzalo.<\/p>\n<p>Bajas del Real Madrid<\/p>\n<p class=\"\">El equipo blanco afronta el partido con <b>cinco bajas por lesi\u00f3n<\/b>: Carvajal (que adem\u00e1s cumple el primero de sus <a href=\"https:\/\/as.com\/futbol\/champions\/oficial-dos-partidos-a-carvajal-n\/\" target=\"_self\" rel=\"nofollow noopener\" title=\"https:\/\/as.com\/futbol\/champions\/oficial-dos-partidos-a-carvajal-n\/\">dos partidos de sanci\u00f3n por su expulsi\u00f3n ante el Marsella<\/a>), Trent, Militao, R\u00fcdiger y Mendy.<\/p>\n<p>Noticias relacionadas<a href=\"https:\/\/as.com\/futbol\/champions\/locura-y-caos-en-almaty-n\/\" class=\"s_m_w\" title=\"Se esperan 30.000 espectadores en un estadio con capacidad para casi 24.000 personas. Muchos controles y mucha policia en las afueras.\" data-tb-link=\"\" rel=\"nofollow noopener\" target=\"_blank\"><img decoding=\"async\" src=\"https:\/\/www.europesays.com\/es\/wp-content\/uploads\/2025\/10\/TR3YZ3F5ARMBXP2HVOSTWDQHGY.jpg\" alt=\"Locura y caos en Almaty\" class=\"\" height=\"1\" width=\"1\"   loading=\"lazy\" data-tb-thumbnail=\"\"\/><\/a><a href=\"https:\/\/as.com\/futbol\/champions\/un-aprendiz-de-xabi-contra-xabi-n\/\" class=\"s_m_w\" title=\"Rafael Urazbakhtin es el t\u00e9cnico del rival del Madrid, al que ha llevado a la gloria de la Champions. Su m\u00e9todo bebe de las ense\u00f1anzas del tolosarra. \u201cUno de los h\u00e9roes de este Kairat\u201d.\" data-tb-link=\"\" rel=\"nofollow noopener\" target=\"_blank\"><img decoding=\"async\" src=\"https:\/\/www.europesays.com\/es\/wp-content\/uploads\/2025\/10\/UHD6LQFEVBL6LFAROJKSWENPJY.jpg\" alt=\"Un aprendiz de Xabi... contra Xabi\" class=\"\" height=\"1\" width=\"1\"   loading=\"lazy\" data-tb-thumbnail=\"\"\/><\/a><\/p>\n<p class=\"\"><b>\u00a1Tus opiniones importan!<\/b> Comenta en los art\u00edculos y suscr\u00edbete gratis a nuestra <a href=\"https:\/\/asfan.as.com\/newsletters\/\" target=\"_blank\" rel=\"nofollow noopener\" title=\"https:\/\/asfan.as.com\/newsletters\/\">newsletter<\/a> y a las alertas informativas en la <a href=\"https:\/\/as.com\/aplicacion-de-as-n\/\" target=\"_blank\" rel=\"nofollow noopener\" title=\"https:\/\/as.com\/aplicacion-de-as-n\/\">App<\/a> o el canal de <a href=\"https:\/\/www.whatsapp.com\/channel\/0029VaAasdA7j6g745nz9M10\" target=\"_blank\" rel=\"nofollow noopener\" title=\"https:\/\/www.whatsapp.com\/channel\/0029VaAasdA7j6g745nz9M10\">WhatsApp<\/a>. <\/p>\n<p class=\"\">\u00bfBuscas licenciar contenido? Haz clic <a href=\"https:\/\/profesional.elpais.com\/soluciones-sindicacion?utm_medium=interno&amp;utm_source=crosslinking&amp;utm_campaign=sindicacion_as_pie_articulos\" target=\"_blank\" rel=\"nofollow noopener\" title=\"https:\/\/profesional.elpais.com\/soluciones-sindicacion?utm_medium=interno&amp;utm_source=crosslinking&amp;utm_campaign=sindicacion_as_pie_articulos\">aqu\u00ed<\/a><\/p>\n","protected":false},"excerpt":{"rendered":"La Champions como b\u00e1lsamo. M\u00e1s de 6.400 kil\u00f3metros rumbo a Almaty en busca de la redenci\u00f3n tras el&hellip;\n","protected":false},"author":2,"featured_media":160456,"comment_status":"","ping_status":"","sticky":false,"template":"","format":"standard","meta":{"footnotes":""},"categories":[268],"tags":[168,25,24,280,282,281,23,167],"class_list":{"0":"post-160455","1":"post","2":"type-post","3":"status-publish","4":"format-standard","5":"has-post-thumbnail","7":"category-futbol","8":"tag-deportes","9":"tag-es","10":"tag-espana","11":"tag-football","12":"tag-futbol","13":"tag-soccer","14":"tag-spain","15":"tag-sports"},"share_on_mastodon":{"url":"","error":""},"_links":{"self":[{"href":"https:\/\/www.europesays.com\/es\/wp-json\/wp\/v2\/posts\/160455","targetHints":{"allow":["GET"]}}],"collection":[{"href":"https:\/\/www.europesays.com\/es\/wp-json\/wp\/v2\/posts"}],"about":[{"href":"https:\/\/www.europesays.com\/es\/wp-json\/wp\/v2\/types\/post"}],"author":[{"embeddable":true,"href":"https:\/\/www.europesays.com\/es\/wp-json\/wp\/v2\/users\/2"}],"replies":[{"embeddable":true,"href":"https:\/\/www.europesays.com\/es\/wp-json\/wp\/v2\/comments?post=160455"}],"version-history":[{"count":0,"href":"https:\/\/www.europesays.com\/es\/wp-json\/wp\/v2\/posts\/160455\/revisions"}],"wp:featuredmedia":[{"embeddable":true,"href":"https:\/\/www.europesays.com\/es\/wp-json\/wp\/v2\/media\/160456"}],"wp:attachment":[{"href":"https:\/\/www.europesays.com\/es\/wp-json\/wp\/v2\/media?parent=160455"}],"wp:term":[{"taxonomy":"category","embeddable":true,"href":"https:\/\/www.europesays.com\/es\/wp-json\/wp\/v2\/categories?post=160455"},{"taxonomy":"post_tag","embeddable":true,"href":"https:\/\/www.europesays.com\/es\/wp-json\/wp\/v2\/tags?post=160455"}],"curies":[{"name":"wp","href":"https:\/\/api.w.org\/{rel}","templated":true}]}}