{"id":160457,"date":"2025-10-07T05:53:06","date_gmt":"2025-10-07T05:53:06","guid":{"rendered":"https:\/\/www.europesays.com\/es\/160457\/"},"modified":"2025-10-07T05:53:06","modified_gmt":"2025-10-07T05:53:06","slug":"el-libro-que-promete-desbloquear-tu-creatividad-aunque-creas-que-no-eres-artista","status":"publish","type":"post","link":"https:\/\/www.europesays.com\/es\/160457\/","title":{"rendered":"El libro que promete desbloquear tu creatividad (aunque creas que no eres artista)"},"content":{"rendered":"\n<ul class=\"bodyList bodyList--unordered\">\n<li class=\"bodyList__item\"><a href=\"https:\/\/www.vanitatis.elconfidencial.com\/estilo\/ocio\/2025-10-04\/libro-engancha-conmueve-maria-duenas-1qrt_4222165\/\" target=\"_blank\" rel=\"nofollow noopener\">El libro que est\u00e1 marcando a toda una generaci\u00f3n de mujeres: conmueve y te engancha <\/a><\/li>\n<li class=\"bodyList__item\"><a href=\"https:\/\/www.vanitatis.elconfidencial.com\/estilo\/ocio\/2025-09-16\/este-es-el-libro-perfecto-para-comenzar-el-otono-con-mas-fuerza-muy-rapido-de-leer-adictivo-y-lleno-de-intrigas-y-salseos_4208683\/\" target=\"_blank\" rel=\"nofollow noopener\">Este es el libro perfecto para comenzar el oto\u00f1o con m\u00e1s fuerza: muy r\u00e1pido de leer<\/a><\/li>\n<\/ul>\n<p> En tiempos donde la<strong> productividad parece imponerse<\/strong> sobre la inspiraci\u00f3n, volver a <strong>conectar con la creatividad<\/strong> se ha convertido en una necesidad m\u00e1s que en un lujo. Muchos la dan por perdida, otros creen que no naci\u00f3 con ellos, pero lo cierto es que <strong>todos poseemos una chispa creativa<\/strong> que, con las herramientas adecuadas, puede volver a encenderse. Esa es la premisa sobre la que se sostiene &#8216;El camino del artista&#8217;, una obra que <strong>desde hace m\u00e1s de tres d\u00e9cadas<\/strong> acompa\u00f1a a quienes buscan recuperar su voz interior. <\/p>\n<p> Publicado por primera vez en 1992 y convertido en un referente internacional, el libro de Julia Cameron no <a href=\"https:\/\/www.vanitatis.elconfidencial.com\/vida-saludable\/2025-04-12\/mario-alonso-puig-organo-creatividad-potencias-1qrt_4107425\/\" target=\"_blank\" rel=\"nofollow noopener\">es un simple manual, sino un recorrido de autodescubrimiento<\/a>. Su autora \u2014escritora, guionista y artista estadounidense\u2014 propone <strong>un m\u00e9todo de doce semanas <\/strong>que ha transformado la vida de miles de personas, desde creadores consagrados hasta quienes solo buscan reconectar con su capacidad de imaginar. Figuras como <strong>Scorsese, Alicia Keys, Elizabeth Gilbert o Natalia Lafourcade<\/strong> han reconocido la influencia de sus ense\u00f1anzas, que <strong>combinan la disciplina con una profunda introspecci\u00f3n<\/strong> personal. <\/p>\n<p>               Este libro promete ayudarnos a reconectar con la creatividad. (Cortes\u00eda \/ La Casa del Libro)             <\/p>\n<p> El programa <a href=\"https:\/\/www.vanitatis.elconfidencial.com\/estilo\/ocio\/2025-08-09\/libros-ejercicios-adultos-blackie-books-1qrt_4188392\/\" target=\"_blank\" rel=\"nofollow noopener\">se basa en ejercicios tan simples como potentes<\/a>: la escritura matutina \u2014tres <strong>p\u00e1ginas al despertar sin juicios<\/strong> ni objetivos\u2014, los llamados \u201cencuentros con el artista\u201d, espacios para <strong>nutrir la curiosidad<\/strong>, y un proceso de observaci\u00f3n consciente de los bloqueos internos. A trav\u00e9s de esta pr\u00e1ctica constante, Cameron plantea una suerte de \u201crehabilitaci\u00f3n creativa\u201d que invita a <strong>reconectar con el juego, la sensibilidad y el deseo<\/strong> de crear sin miedo al error. <\/p>\n<p> M\u00e1s que una gu\u00eda, &#8216;El camino del artista&#8217; es una reflexi\u00f3n sobre la <strong>libertad personal y la valent\u00eda de expresarse<\/strong>. No exige talento ni experiencia, solo disposici\u00f3n para <a href=\"https:\/\/www.vanitatis.elconfidencial.com\/vida-saludable\/2025-09-01\/emociones-dicen-algo-saber-interpretarlas-entenderlas_4196911\/\" target=\"_blank\" rel=\"nofollow noopener\">escucharse y dejar fluir lo que normalmente se reprime<\/a>. Su enfoque combina lo espiritual y lo pr\u00e1ctico, lo que lo ha convertido en <strong>un cl\u00e1sico moderno que sigue ganando lectores<\/strong> en todo el mundo. <\/p>\n<p>               Solo hay que seguir los retos que marca la autora. (Freepik)             <\/p>\n<p> Quiz\u00e1 por eso su \u00e9xito perdura: porque <strong>no promete f\u00f3rmulas r\u00e1pidas<\/strong>, sino un viaje hacia dentro. Un recordatorio de que <strong>la creatividad no se ense\u00f1a, se reencuentra<\/strong>. Y en ese proceso, cada lector <strong>descubre algo m\u00e1s que inspiraci\u00f3n<\/strong>: la posibilidad de volver a ser quien era antes de olvidar que tambi\u00e9n sab\u00eda crear. <\/p>\n","protected":false},"excerpt":{"rendered":"El libro que est\u00e1 marcando a toda una generaci\u00f3n de mujeres: conmueve y te engancha Este es el&hellip;\n","protected":false},"author":2,"featured_media":160458,"comment_status":"","ping_status":"","sticky":false,"template":"","format":"standard","meta":{"footnotes":""},"categories":[172],"tags":[224,146,147,25,24,225,23],"class_list":{"0":"post-160457","1":"post","2":"type-post","3":"status-publish","4":"format-standard","5":"has-post-thumbnail","7":"category-libros","8":"tag-books","9":"tag-entertainment","10":"tag-entretenimiento","11":"tag-es","12":"tag-espana","13":"tag-libros","14":"tag-spain"},"share_on_mastodon":{"url":"","error":""},"_links":{"self":[{"href":"https:\/\/www.europesays.com\/es\/wp-json\/wp\/v2\/posts\/160457","targetHints":{"allow":["GET"]}}],"collection":[{"href":"https:\/\/www.europesays.com\/es\/wp-json\/wp\/v2\/posts"}],"about":[{"href":"https:\/\/www.europesays.com\/es\/wp-json\/wp\/v2\/types\/post"}],"author":[{"embeddable":true,"href":"https:\/\/www.europesays.com\/es\/wp-json\/wp\/v2\/users\/2"}],"replies":[{"embeddable":true,"href":"https:\/\/www.europesays.com\/es\/wp-json\/wp\/v2\/comments?post=160457"}],"version-history":[{"count":0,"href":"https:\/\/www.europesays.com\/es\/wp-json\/wp\/v2\/posts\/160457\/revisions"}],"wp:featuredmedia":[{"embeddable":true,"href":"https:\/\/www.europesays.com\/es\/wp-json\/wp\/v2\/media\/160458"}],"wp:attachment":[{"href":"https:\/\/www.europesays.com\/es\/wp-json\/wp\/v2\/media?parent=160457"}],"wp:term":[{"taxonomy":"category","embeddable":true,"href":"https:\/\/www.europesays.com\/es\/wp-json\/wp\/v2\/categories?post=160457"},{"taxonomy":"post_tag","embeddable":true,"href":"https:\/\/www.europesays.com\/es\/wp-json\/wp\/v2\/tags?post=160457"}],"curies":[{"name":"wp","href":"https:\/\/api.w.org\/{rel}","templated":true}]}}