{"id":160461,"date":"2025-10-07T05:58:10","date_gmt":"2025-10-07T05:58:10","guid":{"rendered":"https:\/\/www.europesays.com\/es\/160461\/"},"modified":"2025-10-07T05:58:10","modified_gmt":"2025-10-07T05:58:10","slug":"alianza-para-los-supervivientes-de-cancer","status":"publish","type":"post","link":"https:\/\/www.europesays.com\/es\/160461\/","title":{"rendered":"Alianza para los supervivientes de c\u00e1ncer"},"content":{"rendered":"<p>\t\t\t<a href=\"https:\/\/www.facebook.com\/adolfo.fernandezalonso\" target=\"_blank\" aria-label=\"banneradolfo-min\" rel=\"nofollow noopener\"><img loading=\"lazy\" decoding=\"async\" src=\"https:\/\/img-b4d4.kxcdn.com\/wp-content\/uploads\/2018\/05\/banneradolfo-min.gif\" alt=\"\" width=\"620\" height=\"100\"\/><\/a><br \/>\nSociedades de Oncolog\u00eda, Hematolog\u00eda y Primaria trabajan de la mano<\/p>\n<p><strong>El c\u00e1ncer en adolescentes y adultos j\u00f3venes (AYACS, por sus siglas en ingl\u00e9s) se enfrenta a un horizonte positivo por los<a href=\"https:\/\/diariosanitario.com\/?s=supervivientes\" target=\"_blank\" rel=\"noreferrer noopener nofollow\"> supervivientes<\/a>, pero marcado por secuelas f\u00edsicas, psicol\u00f3gicas y sociales que pueden manifestarse a\u00f1os despu\u00e9s del tratamiento. Ante esta realidad, un grupo de expertos pertenecientes a seis sociedades cient\u00edficas ha elaborado un documento de consenso que establece recomendaciones pr\u00e1cticas para mejorar su seguimiento, manejo y calidad de vida.<\/strong><\/p>\n<p><a href=\"https:\/\/www.europesays.com\/es\/wp-content\/uploads\/2025\/10\/aecc-voluntarios-seis.png\"><img loading=\"lazy\" decoding=\"async\" width=\"757\" height=\"495\" src=\"https:\/\/www.europesays.com\/es\/wp-content\/uploads\/2025\/10\/aecc-voluntarios-seis.png\" alt=\"\" class=\"wp-image-107697\"  \/><\/a><\/p>\n<p>El trabajo, publicado en la revista Clinical and Translational Oncology (CTO), re\u00fane la visi\u00f3n de la Sociedad Espa\u00f1ola de Oncolog\u00eda M\u00e9dica (SEOM), la Sociedad Espa\u00f1ola de Hematolog\u00eda y Oncolog\u00eda Pedi\u00e1trica (SEHOP), la Sociedad Espa\u00f1ola de Oncolog\u00eda Radioter\u00e1pica (SEOR), la Sociedad Espa\u00f1ola de Hematolog\u00eda y Hemoterapia (SEHH), la Sociedad Espa\u00f1ola de M\u00e9dicos de Atenci\u00f3n Primaria (SEMERGEN) y la Sociedad Espa\u00f1ola de M\u00e9dicos Generales y de Familia (SEMG), y ha contado tambi\u00e9n con la colaboraci\u00f3n de cardi\u00f3logos y psicoonc\u00f3logos.<\/p>\n<p>Los especialistas se\u00f1alan que los AYACS tienen necesidades muy diferentes a las de los pacientes pedi\u00e1tricos y adultos. Durante la adolescencia y la juventud se desarrollan etapas cr\u00edticas de crecimiento personal, acad\u00e9mico, laboral y social. La aparici\u00f3n de toxicidades tard\u00edas \u2014cardiovasculares, metab\u00f3licas, neurocognitivas, \u00f3seas o reproductivas\u2014 puede condicionar gravemente este proceso. A ello se suman los riesgos de segundas neoplasias y un mayor impacto en la salud mental y la integraci\u00f3n social.<\/p>\n<p><a href=\"https:\/\/www.celiacosmancha.org\/\" target=\"_blank\" aria-label=\"CELIACOS MANCHA 620X100\" rel=\"nofollow noopener\"><img loading=\"lazy\" decoding=\"async\" src=\"https:\/\/img-b4d4.kxcdn.com\/wp-content\/uploads\/2021\/02\/CELIACOS-MANCHA-620X100.gif\" alt=\"\" width=\"620\" height=\"100\"\/><\/a><\/p>\n<p>Necesitan un control espec\u00edfico<\/p>\n<p>Desde la <strong>Sociedad Espa\u00f1ola de Oncolog\u00eda M\u00e9dica (SEOM)<\/strong>, el <strong>Dr. Jos\u00e9 Alejandro P\u00e9rez-Fidalgo<\/strong>, autor principal del trabajo y onc\u00f3logo m\u00e9dico del Hospital Cl\u00ednico Universitario de Valencia, insiste en que \u201clos AYACS constituyen una poblaci\u00f3n especial de personas que, pese a haber superado su enfermedad oncol\u00f3gica, dado que han sido expuestos a m\u00faltiples tratamientos, pueden presentar comorbilidades y riesgo de toxicidades tard\u00edas. Debido a esta situaci\u00f3n, necesitan un control espec\u00edfico\u201d.\u00a0<\/p>\n<p>Faltan registro epidemiol\u00f3gicos<\/p>\n<p>\u201cEs necesario disponer de registros epidemiol\u00f3gicos espec\u00edficos de c\u00e1ncer en adolescentes y supervivientes, que cubran todo el territorio nacional y comunidades aut\u00f3nomas, ya que se desconoce la incidencia en nuestro pa\u00eds\u201d, apuntan desde la<strong> Sociedad Espa\u00f1ola de Hematolog\u00eda y Oncolog\u00eda Pedi\u00e1trica (SEHOP)<\/strong> la <strong>Dra Adela Ca\u00f1ete<\/strong>, su presidenta, y las doctoras <strong>Carmen Garrido<\/strong> <strong>Maitane Andi\u00f3n<\/strong>, autoras del estudio. \u201cAl no conocer la incidencia real \u2013matizan\u2013, tampoco conocemos las secuelas y la morbimortalidad asociada a los tratamientos y la misma enfermedad. La creaci\u00f3n de equipos coordinados en el Sistema Nacional de Salud para el seguimiento de supervivientes y la prevenci\u00f3n de secuelas es una necesidad real\u201d.<\/p>\n<p><a href=\"https:\/\/usicam.es\/\" target=\"_blank\" aria-label=\"USICAM 620X100\" rel=\"nofollow noopener\"><img loading=\"lazy\" decoding=\"async\" src=\"https:\/\/www.europesays.com\/es\/wp-content\/uploads\/2025\/07\/USICAM-620X100.gif\" alt=\"\" width=\"620\" height=\"100\"\/><\/a><\/p>\n<p>La<strong> Sociedad Espa\u00f1ola de Oncolog\u00eda Radioter\u00e1pica (SEOR)<\/strong> enfatiza el papel clave del onc\u00f3logo radioter\u00e1pico en ayudar a establecer las pautas de seguimiento a largo plazo de estos pacientes. <\/p>\n<p>Por su parte, la <strong>Sociedad Espa\u00f1ola de Hematolog\u00eda y Hemoterapia (SEHH)<\/strong> es consciente de que muchos adolescentes y adultos j\u00f3venes han superado leucemias, linfomas y otros c\u00e1nceres hematol\u00f3gicos gracias a los avances terap\u00e9uticos de las \u00faltimas d\u00e9cadas. \u201cNo obstante, estos pacientes pueden arrastrar secuelas f\u00edsicas y emocionales durante a\u00f1os, lo que exige un seguimiento estructurado, coordinado y a largo plazo\u201d, apunta la <strong>Dra Mar\u00eda Victoria Mateos<\/strong>, presidenta de la SEHH.<\/p>\n<p>Reto en Atenci\u00f3n Primaria<\/p>\n<p>El papel de la Atenci\u00f3n Primaria en el manejo y seguimiento de los AYACS es estrat\u00e9gico. En opini\u00f3n del Dr <strong>Francesc Xavier D\u00edaz Carrasco<\/strong>, coordinador del Grupo de Trabajo del Ni\u00f1o y el Adolescente de SEMERGEN, \u201cel seguimiento de adolescentes y adultos j\u00f3venes supervivientes de c\u00e1ncer es un reto que resulta esencial para detectar toxicidades tard\u00edas e infradiagnosticadas\u201d.<\/p>\n<p>Para la <strong>Dra Pilar Rodr\u00edguez<\/strong>, presidenta de la Sociedad Espa\u00f1ola de M\u00e9dicos Generales y de Familia (SEMG), \u201cla Medicina de Familia acompa\u00f1a de forma continua y cercana a los adolescentes y adultos j\u00f3venes supervivientes de c\u00e1ncer, detectando precozmente complicaciones y promoviendo h\u00e1bitos saludables. Su papel estrat\u00e9gico en la coordinaci\u00f3n multidisciplinar garantiza la mejor calidad de vida para esta poblaci\u00f3n vulnerable\u201d.<\/p>\n<p>Recomendaciones<\/p>\n<p>Entre las recomendaciones que recoge el documento de consenso se encuentran:<\/p>\n<ul class=\"wp-block-list\">\n<li>La creaci\u00f3n de equipos multidisciplinares que integren onc\u00f3logos m\u00e9dicos, radioter\u00e1picos y pedi\u00e1tricos, hemat\u00f3logos, radi\u00f3logos, psic\u00f3logos, trabajadores sociales, dietistas, enfermer\u00eda especializada y Atenci\u00f3n Primaria.<\/li>\n<\/ul>\n<ul class=\"wp-block-list\">\n<li>La necesidad de garantizar la transici\u00f3n fluida entre los servicios pedi\u00e1tricos y los de adultos, evitando la fragmentaci\u00f3n asistencial.<\/li>\n<\/ul>\n<ul class=\"wp-block-list\">\n<li>La entrega de un informe oncol\u00f3gico al alta hospitalaria, que incluya la historia de la enfermedad, tratamientos recibidos, calendario de revisiones, pruebas recomendadas. Tambi\u00e9n que a\u00f1ada signos de alerta que deben motivar consulta inmediata.<\/li>\n<\/ul>\n<ul class=\"wp-block-list\">\n<li>La incorporaci\u00f3n temprana de evaluaciones neuropsicol\u00f3gicas y apoyo en salud mental, que se prolongue a lo largo de la vida adulta.<\/li>\n<\/ul>\n<ul class=\"wp-block-list\">\n<li>La vigilancia espec\u00edfica de factores de riesgo cardiovascular, metab\u00f3lico y \u00f3seo, as\u00ed como programas de detecci\u00f3n precoz de segundas neoplasias.<\/li>\n<\/ul>\n<ul class=\"wp-block-list\">\n<li>La inclusi\u00f3n de educaci\u00f3n sanitaria adaptada, que fomente estilos de vida saludables.<\/li>\n<\/ul>\n<p>Asimismo, los autores insisten en que los AYACS deben recibir acompa\u00f1amiento para retomar sus proyectos vitales. El apoyo psicol\u00f3gico y la promoci\u00f3n de la resiliencia son fundamentales para minimizar el impacto emocional del c\u00e1ncer en estas etapas.<\/p>\n","protected":false},"excerpt":{"rendered":"Sociedades de Oncolog\u00eda, Hematolog\u00eda y Primaria trabajan de la mano El c\u00e1ncer en adolescentes y adultos j\u00f3venes (AYACS,&hellip;\n","protected":false},"author":2,"featured_media":160462,"comment_status":"","ping_status":"","sticky":false,"template":"","format":"standard","meta":{"footnotes":""},"categories":[92],"tags":[1066,25,24,165,166,47657,9857,23,3947],"class_list":{"0":"post-160461","1":"post","2":"type-post","3":"status-publish","4":"format-standard","5":"has-post-thumbnail","7":"category-salud","8":"tag-cancer","9":"tag-es","10":"tag-espana","11":"tag-health","12":"tag-salud","13":"tag-semergen","14":"tag-semg","15":"tag-spain","16":"tag-supervivientes"},"share_on_mastodon":{"url":"","error":""},"_links":{"self":[{"href":"https:\/\/www.europesays.com\/es\/wp-json\/wp\/v2\/posts\/160461","targetHints":{"allow":["GET"]}}],"collection":[{"href":"https:\/\/www.europesays.com\/es\/wp-json\/wp\/v2\/posts"}],"about":[{"href":"https:\/\/www.europesays.com\/es\/wp-json\/wp\/v2\/types\/post"}],"author":[{"embeddable":true,"href":"https:\/\/www.europesays.com\/es\/wp-json\/wp\/v2\/users\/2"}],"replies":[{"embeddable":true,"href":"https:\/\/www.europesays.com\/es\/wp-json\/wp\/v2\/comments?post=160461"}],"version-history":[{"count":0,"href":"https:\/\/www.europesays.com\/es\/wp-json\/wp\/v2\/posts\/160461\/revisions"}],"wp:featuredmedia":[{"embeddable":true,"href":"https:\/\/www.europesays.com\/es\/wp-json\/wp\/v2\/media\/160462"}],"wp:attachment":[{"href":"https:\/\/www.europesays.com\/es\/wp-json\/wp\/v2\/media?parent=160461"}],"wp:term":[{"taxonomy":"category","embeddable":true,"href":"https:\/\/www.europesays.com\/es\/wp-json\/wp\/v2\/categories?post=160461"},{"taxonomy":"post_tag","embeddable":true,"href":"https:\/\/www.europesays.com\/es\/wp-json\/wp\/v2\/tags?post=160461"}],"curies":[{"name":"wp","href":"https:\/\/api.w.org\/{rel}","templated":true}]}}