{"id":160467,"date":"2025-10-07T06:17:05","date_gmt":"2025-10-07T06:17:05","guid":{"rendered":"https:\/\/www.europesays.com\/es\/160467\/"},"modified":"2025-10-07T06:17:05","modified_gmt":"2025-10-07T06:17:05","slug":"regresa-la-feria-liber-en-un-momento-de-auge-de-ventas-en-librerias","status":"publish","type":"post","link":"https:\/\/www.europesays.com\/es\/160467\/","title":{"rendered":"Regresa la Feria Liber en un momento de auge de ventas en librer\u00edas"},"content":{"rendered":"<p data-gtm-element-container=\"modulo-texto-link\" class=\"paragraph\">Madrid, 7 oct (EFE).- La 43 edici\u00f3n de la Feria Internacional del Libro (Liber 2025) regresa a Madrid este martes, hasta el pr\u00f3ximo jueves, con la presencia de 248 editoriales de 13 pa\u00edses y la intenci\u00f3n de ser punto de encuentro del sector y escaparate de las \u00faltimas tendencias, en un momento de auge en las ventas de libros en librer\u00edas, que ha crecido el 5 %.<\/p>\n<p data-gtm-element-container=\"modulo-texto-link\" class=\"paragraph\">La feria, de car\u00e1cter anual y que alterna como sedes Madrid y Barcelona, cuenta este a\u00f1o con Chile como pa\u00eds invitado de honor que conmemora los 80 a\u00f1os del Premio Nobel a Gabriela Mistral.<\/p>\n<p data-gtm-element-container=\"modulo-texto-link\" class=\"paragraph\">Liber 2025, promovida por la Federaci\u00f3n de Gremios de Editores de Espa\u00f1a (FGEE) y organizada por Ifema Madrid, reunir\u00e1 en esta 43 edici\u00f3n a m\u00e1s de medio millar de libreros, autores, ilustradores y profesionales del sector de al menos 60 pa\u00edses \u201cen un momento en el que la facturaci\u00f3n del sector se ha recuperado y, lo que es m\u00e1s importante, el inter\u00e9s por los libros\u201d, ha se\u00f1alado el presidente de la federaci\u00f3n, Daniel Fern\u00e1ndez.<\/p>\n<p data-gtm-element-container=\"modulo-texto-link\" class=\"paragraph\">Como novedades de este a\u00f1o ha destacado el Sal\u00f3n de Derechos, dedicado en exclusiva a la compraventa y negociaci\u00f3n de derechos de autor y traducci\u00f3n, y el espacio \u00c1gora para debatir sobre las \u00faltimas tendencias.<\/p>\n<p data-gtm-element-container=\"modulo-texto-link\" class=\"paragraph\">El cartel de la feria, que se convierte en la imagen gr\u00e1fica de la edici\u00f3n, lo ha ganado el ilustrador catal\u00e1n Jos\u00e9 Antonio Roda. El dise\u00f1o titulado &#8216;Libres&#8217; tiene el libro como elemento central y alrededor se sit\u00faan un grupo de personas de diferentes edades que pretenden transmitir la alegr\u00eda de leer.<\/p>\n<p data-gtm-element-container=\"modulo-texto-link\" class=\"paragraph\">En esta ocasi\u00f3n, las jornadas profesionales se articulan en torno a cuatro bloques tem\u00e1ticos: innovaci\u00f3n, capacitaci\u00f3n, comercializaci\u00f3n y sostenibilidad. La proyecci\u00f3n internacional del libro espa\u00f1ol ser\u00e1 otro de los ejes de esta edici\u00f3n.<\/p>\n<p data-gtm-element-container=\"modulo-texto-link\" class=\"paragraph\">En esta edici\u00f3n, Liber 2025 reconocer\u00e1 la labor de los editores valencianos en la persona de \u00c1frica Ram\u00edrez, expresidenta de la Asociaci\u00f3n de Editores del Pa\u00eds Valenciano (AEPV), por el compromiso y resiliencia mostrada durante la dana.<\/p>\n<p data-gtm-element-container=\"modulo-texto-link\" class=\"paragraph\">Adem\u00e1s, el premio a la autora iberoamericana m\u00e1s destacada es para Rosa Montero; el premio Liber al fomento de lectura en medios de comunicaci\u00f3n, al periodista y divulgador Antonio Mart\u00ednez Asensio; el galard\u00f3n a la mejor adaptaci\u00f3n audiovisual, a la pel\u00edcula &#8216;Pedro P\u00e1ramo&#8217;; el premio Liber &#8216;Boixareu Ginesta&#8217; al librero del a\u00f1o, a la librer\u00eda Serendipia de Ciudad Real; y el premio Liber al fomento de la lectura a bibliotecas abiertas al p\u00fablico, a la Biblioteca Jaume Fuster de Barcelona.EFE<\/p>\n<p data-gtm-element-container=\"modulo-texto-link\" class=\"paragraph\">bf\/ros<\/p>\n","protected":false},"excerpt":{"rendered":"Madrid, 7 oct (EFE).- La 43 edici\u00f3n de la Feria Internacional del Libro (Liber 2025) regresa a Madrid&hellip;\n","protected":false},"author":2,"featured_media":148726,"comment_status":"","ping_status":"","sticky":false,"template":"","format":"standard","meta":{"footnotes":""},"categories":[172],"tags":[224,146,147,25,24,225,23],"class_list":{"0":"post-160467","1":"post","2":"type-post","3":"status-publish","4":"format-standard","5":"has-post-thumbnail","7":"category-libros","8":"tag-books","9":"tag-entertainment","10":"tag-entretenimiento","11":"tag-es","12":"tag-espana","13":"tag-libros","14":"tag-spain"},"share_on_mastodon":{"url":"","error":""},"_links":{"self":[{"href":"https:\/\/www.europesays.com\/es\/wp-json\/wp\/v2\/posts\/160467","targetHints":{"allow":["GET"]}}],"collection":[{"href":"https:\/\/www.europesays.com\/es\/wp-json\/wp\/v2\/posts"}],"about":[{"href":"https:\/\/www.europesays.com\/es\/wp-json\/wp\/v2\/types\/post"}],"author":[{"embeddable":true,"href":"https:\/\/www.europesays.com\/es\/wp-json\/wp\/v2\/users\/2"}],"replies":[{"embeddable":true,"href":"https:\/\/www.europesays.com\/es\/wp-json\/wp\/v2\/comments?post=160467"}],"version-history":[{"count":0,"href":"https:\/\/www.europesays.com\/es\/wp-json\/wp\/v2\/posts\/160467\/revisions"}],"wp:featuredmedia":[{"embeddable":true,"href":"https:\/\/www.europesays.com\/es\/wp-json\/wp\/v2\/media\/148726"}],"wp:attachment":[{"href":"https:\/\/www.europesays.com\/es\/wp-json\/wp\/v2\/media?parent=160467"}],"wp:term":[{"taxonomy":"category","embeddable":true,"href":"https:\/\/www.europesays.com\/es\/wp-json\/wp\/v2\/categories?post=160467"},{"taxonomy":"post_tag","embeddable":true,"href":"https:\/\/www.europesays.com\/es\/wp-json\/wp\/v2\/tags?post=160467"}],"curies":[{"name":"wp","href":"https:\/\/api.w.org\/{rel}","templated":true}]}}