{"id":160475,"date":"2025-10-07T06:26:09","date_gmt":"2025-10-07T06:26:09","guid":{"rendered":"https:\/\/www.europesays.com\/es\/160475\/"},"modified":"2025-10-07T06:26:09","modified_gmt":"2025-10-07T06:26:09","slug":"espert-afuera-milei-en-el-movistar-arena-y-caputo-en-washington-la-alborotada-agenda-del-gobierno","status":"publish","type":"post","link":"https:\/\/www.europesays.com\/es\/160475\/","title":{"rendered":"Espert afuera, Milei en el Movistar Arena y Caputo en Washington | La alborotada agenda del Gobierno"},"content":{"rendered":"<p>Termin\u00f3 un show para el olvido<\/p>\n<p>El cierre del acto en el <strong>Movistar Arena<\/strong> dej\u00f3 una postal tan ca\u00f3tica como el resto de la jornada. Tras casi dos horas de espect\u00e1culo, <strong>Javier Milei<\/strong> se despidi\u00f3 del p\u00fablico con una frase ins\u00f3lita: anunci\u00f3 que deb\u00eda <strong>\u201cba\u00f1arse para luego vestirse de Presidente\u201d antes de continuar con la segunda parte de la noche<\/strong>, en un intento de humor que no logr\u00f3 disimular el tono err\u00e1tico del evento.\u00a0<\/p>\n<p>Lo que sigui\u00f3 fue una suerte de talk show improvisado: el vocero presidencial <strong>Manuel Adorni<\/strong> subi\u00f3 al escenario para entrevistar al mandatario, aunque antes, seg\u00fan se anticip\u00f3, habr\u00eda una \u201cintroducci\u00f3n especial\u201d a cargo del escritor <strong>Agust\u00edn Laje<\/strong>.<\/p>\n<p>Laje, referente de la <strong>ultraderecha conservadora<\/strong>, fue presentado como uno de los \u201cpensadores\u201d del espacio libertario. L\u00edder de la <strong>Fundaci\u00f3n Faro<\/strong>, su organizaci\u00f3n dedicada a difundir ideas reaccionarias, el cordob\u00e9s es conocido por su <strong>discurso abiertamente homof\u00f3bico y antifeminista<\/strong>.\u00a0<\/p>\n<p>En sus intervenciones suele reivindicar el papel de su abuela como la primera en inculcarle sus convicciones ideol\u00f3gicas, una figura que menciona con devoci\u00f3n mientras despliega un discurso que <strong>desprecia a la mayor\u00eda de las mujeres<\/strong> y enciende los aplausos del sector m\u00e1s radicalizado del auditorio.<\/p>\n<p>\u00abNarnia\u00bb: la cr\u00edtica de Facundo Manes<\/p>\n<p>El neur\u00f3logo <strong>Facundo Manes<\/strong> resumi\u00f3 con iron\u00eda el acto de <strong>Javier Milei<\/strong> en una sola palabra: \u201c<strong>Narnia<\/strong>\u201d.<\/p>\n<p>Con la referencia al mundo fant\u00e1stico de Las Cr\u00f3nicas de Narnia, Manes cuestion\u00f3 el tono teatral del show, dejando en evidencia que, para muchos, la presentaci\u00f3n del libro parec\u00eda m\u00e1s un espect\u00e1culo de fantas\u00eda que un acto pol\u00edtico serio.<\/p>\n<p>                <a data-iframely-url=\"\" href=\"https:\/\/twitter.com\/ManesF\/status\/1975347752608670031\" rel=\"nofollow noopener\" target=\"_blank\">https:\/\/twitter.com\/ManesF\/status\/1975347752608670031<\/a><\/p>\n<p>            Una reforma tributaria, desde \u00abel 11 de diciembre\u00bb<\/p>\n<p><strong>\u00a0Milei<\/strong> anunci\u00f3 que su gobierno avanza en una <strong>reforma tributaria<\/strong>, presentada como una de las \u201creformas estructurales\u201d clave de su gesti\u00f3n.\u00a0<\/p>\n<p>\u201c<strong>Estamos trabajando en construir sobre las bases del di\u00e1logo reformas estructurales que van a ser fundamentales a partir del 11 de diciembre, como es el caso de la reforma tributaria para sacarle la bota opresora del cuello al sector privado<\/strong>\u201d, afirm\u00f3, apelando a su habitual ret\u00f3rica de guerra contra el Estado.<\/p>\n<p>El mensaje busc\u00f3 mostrar iniciativa pol\u00edtica, aunque llega en medio de un <strong>contexto de recesi\u00f3n y ca\u00edda del consumo<\/strong>, donde el alivio para el sector privado sigue sin traducirse en mejoras para la mayor\u00eda.<\/p>\n<p>Otra frase repetida de Milei:\u00a0\u00abSe va a terminar la inflaci\u00f3n en Argentina\u00bb<\/p>\n<p>Con su habitual tono enf\u00e1tico, <strong>Javier Milei<\/strong> prometi\u00f3 una vez m\u00e1s el <strong>fin de la inflaci\u00f3n<\/strong>. \u201c<strong>Tengan confianza, no vamos a emitir un solo peso m\u00e1s y la inflaci\u00f3n ser\u00e1 un problema del pasado para mitad del a\u00f1o que viene<\/strong>\u201d, asegur\u00f3 desde el escenario del Movistar Arena.<\/p>\n<p>El anuncio, repetido como mantra por el Presidente, contrasta con una <strong>realidad econ\u00f3mica cada vez m\u00e1s ajustada<\/strong>, donde los precios contin\u00faan en alza y los salarios siguen perdiendo poder adquisitivo.\u00a0<\/p>\n<p>\u201cEsto es para vos, Charlie Kirk\u201d<\/p>\n<p>En medio de su show, <strong>Javier Milei<\/strong> rindi\u00f3 un <strong>homenaje exageradamente dram\u00e1tico a Charlie Kirk<\/strong>, comparando su vida con atentados contra figuras pol\u00edticas internacionales. \u201c<strong>Esto es para vos, Charlie<\/strong>\u201d, proclam\u00f3, en un discurso donde mezcl\u00f3 \u00e9pica, conspiraciones y m\u00e1rtires inventados, mientras el p\u00fablico lo aplaud\u00eda.<\/p>\n<p>La iron\u00eda y el exceso no pasaron desapercibidos: al presentar a un dirigente estadounidense como un h\u00e9roe ca\u00eddo, <strong>Milei volvi\u00f3 a convertir la pol\u00edtica en espect\u00e1culo<\/strong>, mostrando que su narrativa prioriza la teatralidad sobre los problemas reales del pa\u00eds.<\/p>\n<p>\u201cRealmente, son una banda\u201d, dijo Bregman sobre el panic show de Milei<\/p>\n<p>La dirigente del Frente de Izquierda, <strong>Myriam Bregman<\/strong>, no dej\u00f3 pasar la oportunidad de ironizar sobre el show con est\u00e9tica rockera que <strong>Javier Milei<\/strong> mont\u00f3 en el <strong>Movistar Arena<\/strong>. \u201c<strong>Realmente, son una banda<\/strong>\u201d, escribi\u00f3 en sus redes, en un juego de palabras que apunt\u00f3 tanto al <strong>grupo musical presidencial<\/strong>, bautizado La Banda Presidencial, como a la gesti\u00f3n que encabeza el mandatario. La frase, breve pero filosa, condens\u00f3 la mirada cr\u00edtica de la candidata a diputada sobre un evento donde el espect\u00e1culo y el culto personal volvieron a eclipsar la rendici\u00f3n de cuentas.<\/p>\n<p>                <a data-iframely-url=\"\" href=\"https:\/\/twitter.com\/myriambregman\/status\/1975360707265990796\" rel=\"nofollow noopener\" target=\"_blank\">https:\/\/twitter.com\/myriambregman\/status\/1975360707265990796<\/a><\/p>\n<p>El comentario de Bregman reflej\u00f3 el <strong>hartazgo de la oposici\u00f3n de izquierda<\/strong> frente a un gobierno que, en medio del ajuste y la crisis social, elige responder con <strong>shows, luces y provocaciones<\/strong>.<\/p>\n<p>Itai Hagman: \u00abNos habr\u00edamos ahorrado bastantes desgracias\u201d<\/p>\n<p>El diputado <strong>Itai Hagman<\/strong> reaccion\u00f3 con iron\u00eda al espect\u00e1culo que <strong>Javier Milei<\/strong> mont\u00f3 en el Movistar Arena, al compararlo con un programa de talentos televisivo. \u201c<strong>Si en vez de dedicarse a la pol\u00edtica hubiera elegido participar en La Voz, nos habr\u00edamos ahorrado bastantes desgracias<\/strong>\u201d, escribi\u00f3 en redes, en alusi\u00f3n al formato del evento, m\u00e1s cercano a un show musical que a una presentaci\u00f3n de gesti\u00f3n.<\/p>\n<p>La frase sintetiz\u00f3 el tono general de las cr\u00edticas que recibi\u00f3 el acto, donde abundaron las luces, las canciones y las referencias personales, pero escasearon las <strong>respuestas a los problemas socioecon\u00f3micos del pa\u00eds<\/strong>.<\/p>\n<p>                <a data-iframely-url=\"\" href=\"https:\/\/twitter.com\/ItaiHagman\/status\/1975363151546999113\" rel=\"nofollow noopener\" target=\"_blank\">https:\/\/twitter.com\/ItaiHagman\/status\/1975363151546999113<\/a><\/p>\n<p>            El m\u00fasical avanza: ahora, Milei canta el Himno Nacional<\/p>\n<p>En un giro poco esperado y lejos de las acciones que realmente pone en pr\u00e1ctica<b>, Javier Milei cant\u00f3 a capella el Himno Nacional Argentino <\/b>antes de su entrevista con su vocero Manuel Adorni.<\/p>\n<p>Gente sin swing\u00a0<\/p>\n<p><b>Por Eduardo Fabregat<\/b><\/p>\n<p>La palabrita de moda es cringe, pero hay que volver a las fuentes: lo que da es verg\u00fcenza ajena. Tambi\u00e9n podr\u00eda decirse que el payasesco espect\u00e1culo del Movistar Arena da risa, si no fuera porque el buf\u00f3n principal es el responsable de hundir cada d\u00eda m\u00e1s en la miseria a este pobre pa\u00eds. Pero al cabo lo que demuestra Javier Milei con su penosa performance esc\u00e9nica es -otra vez- su absoluta desconexi\u00f3n con la realidad.<\/p>\n<p><script async src=\"https:\/\/platform.twitter.com\/widgets.js\" charset=\"utf-8\"><\/script><\/p>\n","protected":false},"excerpt":{"rendered":"Termin\u00f3 un show para el olvido El cierre del acto en el Movistar Arena dej\u00f3 una postal tan&hellip;\n","protected":false},"author":2,"featured_media":160476,"comment_status":"","ping_status":"","sticky":false,"template":"","format":"standard","meta":{"footnotes":""},"categories":[42],"tags":[17,18,17847,13,14,11,61,62,63,64,4245,19,20,9,10,15,16,12,21,22,65,66,67],"class_list":{"0":"post-160475","1":"post","2":"type-post","3":"status-publish","4":"format-standard","5":"has-post-thumbnail","7":"category-internacional","8":"tag-breaking-news","9":"tag-breakingnews","10":"tag-el-pais","11":"tag-featured-news","12":"tag-featurednews","13":"tag-headlines","14":"tag-internacional","15":"tag-international","16":"tag-international-news","17":"tag-internationalnews","18":"tag-javier-milei","19":"tag-latest-news","20":"tag-latestnews","21":"tag-news","22":"tag-noticias","23":"tag-noticias-destacadas","24":"tag-noticiasdestacadas","25":"tag-titulares","26":"tag-ultimas-noticias","27":"tag-ultimasnoticias","28":"tag-world","29":"tag-world-news","30":"tag-worldnews"},"share_on_mastodon":{"url":"","error":""},"_links":{"self":[{"href":"https:\/\/www.europesays.com\/es\/wp-json\/wp\/v2\/posts\/160475","targetHints":{"allow":["GET"]}}],"collection":[{"href":"https:\/\/www.europesays.com\/es\/wp-json\/wp\/v2\/posts"}],"about":[{"href":"https:\/\/www.europesays.com\/es\/wp-json\/wp\/v2\/types\/post"}],"author":[{"embeddable":true,"href":"https:\/\/www.europesays.com\/es\/wp-json\/wp\/v2\/users\/2"}],"replies":[{"embeddable":true,"href":"https:\/\/www.europesays.com\/es\/wp-json\/wp\/v2\/comments?post=160475"}],"version-history":[{"count":0,"href":"https:\/\/www.europesays.com\/es\/wp-json\/wp\/v2\/posts\/160475\/revisions"}],"wp:featuredmedia":[{"embeddable":true,"href":"https:\/\/www.europesays.com\/es\/wp-json\/wp\/v2\/media\/160476"}],"wp:attachment":[{"href":"https:\/\/www.europesays.com\/es\/wp-json\/wp\/v2\/media?parent=160475"}],"wp:term":[{"taxonomy":"category","embeddable":true,"href":"https:\/\/www.europesays.com\/es\/wp-json\/wp\/v2\/categories?post=160475"},{"taxonomy":"post_tag","embeddable":true,"href":"https:\/\/www.europesays.com\/es\/wp-json\/wp\/v2\/tags?post=160475"}],"curies":[{"name":"wp","href":"https:\/\/api.w.org\/{rel}","templated":true}]}}