{"id":160483,"date":"2025-10-07T06:30:08","date_gmt":"2025-10-07T06:30:08","guid":{"rendered":"https:\/\/www.europesays.com\/es\/160483\/"},"modified":"2025-10-07T06:30:08","modified_gmt":"2025-10-07T06:30:08","slug":"vaquillas-bous-al-carrer-y-festival-con-figuras","status":"publish","type":"post","link":"https:\/\/www.europesays.com\/es\/160483\/","title":{"rendered":"vaquillas, bous al carrer y festival con figuras"},"content":{"rendered":"<p>La programaci\u00f3n taurina en televisi\u00f3n contin\u00faa su recorrido por el mes de octubre con una semana marcada por tres enclaves fundamentales: Zaragoza, con<b> sus tradicionales ma\u00f1anas de vaquillas en la Feria del Pilar; <\/b>Nules (Castell\u00f3n), epicentro de los bous al carrer que emite Teve 4 Vila-real; y Bocairente (Valencia), donde el D\u00eda de la Comunidad Valenciana se celebrar\u00e1 con un festival de altos vuelos retransmitido por <a title=\"\u00c0 Punt\" href=\"https:\/\/www.larazon.es\/cultura\/toros\/punt-revoluciona-parrilla-toros-figuras-emocion-12-octubre_2025100468e11a626c793a7e698e7eb8.html\" target=\"_blank\" rel=\"nofollow noopener\">\u00c0 Punt<\/a>.<\/p>\n<p><a title=\"Arag\u00f3n TV\" href=\"https:\/\/www.larazon.es\/cultura\/toros\/television-vuelca-toreo-aragon-comunidad-valenciana-este-fin-semana_2025100368df9b2a2aac281a5cbc3a53.html\" target=\"_blank\" rel=\"nofollow noopener\">Arag\u00f3n TV<\/a> volver\u00e1 a madrugar para ofrecer, en directo, las sueltas matinales desde la plaza de Zaragoza, con ganado de divisas como <b>El Ancla, Hermanos Mayl\u00edn, Santos Zapater\u00eda o Iv\u00e1n L\u00f3pez.<\/b> Un cl\u00e1sico televisivo que combina tradici\u00f3n, emoci\u00f3n popular y continuidad cultural.<\/p>\n<p>En la Comunidad Valenciana, los bous al carrer tendr\u00e1n una cita diaria en Nules. La cadena Teve 4 Vila-real emitir\u00e1 a diario exhibiciones vespertinas con ganader\u00edas como El Gallo, El Cali y Faet, adem\u00e1s de una Noche Taurina especial el viernes. Y como plato fuerte de la semana, el festival del 9 de octubre desde Bocairente reunir\u00e1 a figuras hist\u00f3ricas como <b>Enrique Ponce, Vicente Barrera o El Califa,<\/b> en un cartel de lujo con reses de Juan Pedro Domecq.<\/p>\n<p>Programaci\u00f3n taurina del 7 al 10 de octubre de 2025 en televisi\u00f3n:<\/p>\n<p><strong data-start=\"1856\" data-end=\"1879\">Martes 7 de octubre<\/strong><\/p>\n<ul>\n<li><b>08:00 h \u2013 Arag\u00f3n TV. <\/b>Zaragoza, Vaquillas. Feria del Pilar. Reses de El Ancla y Hermanos Mayl\u00edn.<\/li>\n<li><b>18:00 h \u2013 Teve 4 Vila-real. <\/b>Nules (Castell\u00f3n), Bous al Carrer. Exhibici\u00f3n de vacas de El Gallo.<\/li>\n<\/ul>\n<p><strong data-start=\"2084\" data-end=\"2110\">Mi\u00e9rcoles 8 de octubre<\/strong><\/p>\n<ul>\n<li><b>08:00 h \u2013 Arag\u00f3n TV. <\/b>Zaragoza, Vaquillas. Feria del Pilar. Reses de Hermanos Navarr\u00e9 y El Ruise\u00f1or.<\/li>\n<li><b>18:00 h \u2013 Teve 4 Vila-real. <\/b>Nules (Castell\u00f3n). Bous al Carrer. Exhibici\u00f3n de vacas de El Cali.<\/li>\n<\/ul>\n<p><strong data-start=\"2318\" data-end=\"2341\">Jueves 9 de octubre<\/strong><\/p>\n<ul>\n<li><b>08:00 h \u2013 Arag\u00f3n TV. <\/b>Zaragoza, Vaquillas. Feria del Pilar. Reses de Iv\u00e1n L\u00f3pez y Ra\u00fal Izquierdo.<\/li>\n<li><b>17:00 h \u2013 \u00c0 Punt.<\/b> Bocairente (Valencia), Festival Taurino. D\u00eda de la Comunidad Valenciana. Novillos de Juan Pedro Domecq para <b>Enrique Ponce, V\u00edctor Manuel Bl\u00e1zquez, Vicente Barrera, El Califa, Rom\u00e1n y el novillero Bruno Gimeno.<\/b><\/li>\n<\/ul>\n<p><strong data-start=\"2694\" data-end=\"2719\">Viernes 10 de octubre<\/strong><\/p>\n<ul>\n<li><b>08:00 h \u2013 Arag\u00f3n TV. <\/b>Zaragoza, Vaquillas. Feria del Pilar. Reses de Santos Zapater\u00eda.<\/li>\n<li><b>18:00 h \u2013 Teve 4 Vila-real.<\/b> Nules (Castell\u00f3n), Bous al Carrer. Exhibici\u00f3n de vacas de Faet.<\/li>\n<li><b>23:00 h \u2013 Teve 4 Vila-real. <\/b>Nules (Castell\u00f3n), Bous al Carrer. Noche Taurina de la Finca Buenasombra.<\/li>\n<\/ul>\n","protected":false},"excerpt":{"rendered":"La programaci\u00f3n taurina en televisi\u00f3n contin\u00faa su recorrido por el mes de octubre con una semana marcada por&hellip;\n","protected":false},"author":2,"featured_media":85812,"comment_status":"","ping_status":"","sticky":false,"template":"","format":"standard","meta":{"footnotes":""},"categories":[277],"tags":[373,168,25,24,23,167,374],"class_list":{"0":"post-160483","1":"post","2":"type-post","3":"status-publish","4":"format-standard","5":"has-post-thumbnail","7":"category-toreo","8":"tag-bullfighting","9":"tag-deportes","10":"tag-es","11":"tag-espana","12":"tag-spain","13":"tag-sports","14":"tag-toreo"},"share_on_mastodon":{"url":"","error":""},"_links":{"self":[{"href":"https:\/\/www.europesays.com\/es\/wp-json\/wp\/v2\/posts\/160483","targetHints":{"allow":["GET"]}}],"collection":[{"href":"https:\/\/www.europesays.com\/es\/wp-json\/wp\/v2\/posts"}],"about":[{"href":"https:\/\/www.europesays.com\/es\/wp-json\/wp\/v2\/types\/post"}],"author":[{"embeddable":true,"href":"https:\/\/www.europesays.com\/es\/wp-json\/wp\/v2\/users\/2"}],"replies":[{"embeddable":true,"href":"https:\/\/www.europesays.com\/es\/wp-json\/wp\/v2\/comments?post=160483"}],"version-history":[{"count":0,"href":"https:\/\/www.europesays.com\/es\/wp-json\/wp\/v2\/posts\/160483\/revisions"}],"wp:featuredmedia":[{"embeddable":true,"href":"https:\/\/www.europesays.com\/es\/wp-json\/wp\/v2\/media\/85812"}],"wp:attachment":[{"href":"https:\/\/www.europesays.com\/es\/wp-json\/wp\/v2\/media?parent=160483"}],"wp:term":[{"taxonomy":"category","embeddable":true,"href":"https:\/\/www.europesays.com\/es\/wp-json\/wp\/v2\/categories?post=160483"},{"taxonomy":"post_tag","embeddable":true,"href":"https:\/\/www.europesays.com\/es\/wp-json\/wp\/v2\/tags?post=160483"}],"curies":[{"name":"wp","href":"https:\/\/api.w.org\/{rel}","templated":true}]}}