{"id":160496,"date":"2025-10-07T06:47:11","date_gmt":"2025-10-07T06:47:11","guid":{"rendered":"https:\/\/www.europesays.com\/es\/160496\/"},"modified":"2025-10-07T06:47:11","modified_gmt":"2025-10-07T06:47:11","slug":"una-magnifica-experiencia-de-tableta-con-salvedades-analisis-de-la-samsung-galaxy-tab-s11","status":"publish","type":"post","link":"https:\/\/www.europesays.com\/es\/160496\/","title":{"rendered":"Una magn\u00edfica experiencia de tableta con salvedades &#8211; An\u00e1lisis de la Samsung Galaxy Tab S11"},"content":{"rendered":"<p class=\"bodytext\">La sensible pantalla t\u00e1ctil de la Galaxy Tab S11 traduce con precisi\u00f3n las entradas de nuestros dedos. Gracias a la frecuencia de refresco de 120 Hz, el funcionamiento es incre\u00edblemente fluido.&#13;<\/p>\n<p class=\"bodytext\">El S Pen puede fijarse magn\u00e9ticamente a la parte superior del marco y funciona sin necesidad de conexi\u00f3n Bluetooth. Entre sus nuevas caracter\u00edsticas se incluyen no s\u00f3lo su ubicaci\u00f3n en la tableta, sino tambi\u00e9n su superficie de material rugoso y su dise\u00f1o angular, que recuerda al de un l\u00e1piz cl\u00e1sico. Utilizando el l\u00e1piz \u00f3ptico, la tableta de Samsung ofrece una agradable experiencia de escritura y dibujo.&#13;<\/p>\n<p class=\"bodytext\">Puede acceder f\u00e1cilmente al sensor \u00f3ptico de huellas dactilares con el pulgar derecho. Sin embargo, no nos impresion\u00f3 especialmente su tasa de reconocimiento ni su velocidad. el reconocimiento facial 2D tambi\u00e9n est\u00e1 disponible para la seguridad biom\u00e9trica.<\/p>\n","protected":false},"excerpt":{"rendered":"La sensible pantalla t\u00e1ctil de la Galaxy Tab S11 traduce con precisi\u00f3n las entradas de nuestros dedos. Gracias&hellip;\n","protected":false},"author":2,"featured_media":160001,"comment_status":"","ping_status":"","sticky":false,"template":"","format":"standard","meta":{"footnotes":""},"categories":[81],"tags":[47676,47668,47665,47667,47669,47680,119,123,124,47681,25,24,47675,47663,47677,6406,6404,47684,10,47666,6405,2761,47671,47674,47522,117,121,122,47686,47672,47685,47678,23,47683,47682,47670,47664,47673,118,120,47679],"class_list":{"0":"post-160496","1":"post","2":"type-post","3":"status-publish","4":"format-standard","5":"has-post-thumbnail","7":"category-ciencia-y-tecnologia","8":"tag-accesorios-tableta","9":"tag-altavoces-tableta","10":"tag-android-tableta","11":"tag-bateria-tableta","12":"tag-camara-tableta","13":"tag-caracteristicas-tableta","14":"tag-ciencia","15":"tag-ciencia-y-tecnologia","16":"tag-cienciaytecnologia","17":"tag-compatible-s-pen-la-samsung-galaxy-tab-s11-impresiona-por-su-brillante-pantalla-oled","18":"tag-es","19":"tag-espana","20":"tag-galaxy-tab-s11-precio","21":"tag-galaxy-tab-s11-review","22":"tag-garantia-tableta","23":"tag-informaciones","24":"tag-informes","25":"tag-microsd","26":"tag-noticias","27":"tag-pantalla-oled","28":"tag-portatil","29":"tag-prueba","30":"tag-ranura-microsd","31":"tag-rendimiento-tableta","32":"tag-samsung-galaxy-tab-s11","33":"tag-science","34":"tag-science-and-technology","35":"tag-scienceandtechnology","36":"tag-se-carga-comparativamente-con-lentitud-sus-potentes-capacidades-multimedia-lo-convierten-en-el-dispositivo-ideal-para-el-consumo-multimedia-y-el-trabajo-productivo","37":"tag-sensor-de-huellas","38":"tag-sensor-de-huellas-dactilares-aunque-la-duracion-de-su-bateria-es-solida","39":"tag-sostenibilidad-tableta","40":"tag-spain","41":"tag-su-buen-rendimiento-y-sus-versatiles-funciones-5g","42":"tag-su-potente-soc","43":"tag-tableta-5g","44":"tag-tableta-samsung","45":"tag-tableta-usb-c","46":"tag-technology","47":"tag-tecnologia","48":"tag-temperatura-tableta"},"share_on_mastodon":{"url":"","error":""},"_links":{"self":[{"href":"https:\/\/www.europesays.com\/es\/wp-json\/wp\/v2\/posts\/160496","targetHints":{"allow":["GET"]}}],"collection":[{"href":"https:\/\/www.europesays.com\/es\/wp-json\/wp\/v2\/posts"}],"about":[{"href":"https:\/\/www.europesays.com\/es\/wp-json\/wp\/v2\/types\/post"}],"author":[{"embeddable":true,"href":"https:\/\/www.europesays.com\/es\/wp-json\/wp\/v2\/users\/2"}],"replies":[{"embeddable":true,"href":"https:\/\/www.europesays.com\/es\/wp-json\/wp\/v2\/comments?post=160496"}],"version-history":[{"count":0,"href":"https:\/\/www.europesays.com\/es\/wp-json\/wp\/v2\/posts\/160496\/revisions"}],"wp:featuredmedia":[{"embeddable":true,"href":"https:\/\/www.europesays.com\/es\/wp-json\/wp\/v2\/media\/160001"}],"wp:attachment":[{"href":"https:\/\/www.europesays.com\/es\/wp-json\/wp\/v2\/media?parent=160496"}],"wp:term":[{"taxonomy":"category","embeddable":true,"href":"https:\/\/www.europesays.com\/es\/wp-json\/wp\/v2\/categories?post=160496"},{"taxonomy":"post_tag","embeddable":true,"href":"https:\/\/www.europesays.com\/es\/wp-json\/wp\/v2\/tags?post=160496"}],"curies":[{"name":"wp","href":"https:\/\/api.w.org\/{rel}","templated":true}]}}