{"id":160523,"date":"2025-10-07T07:12:05","date_gmt":"2025-10-07T07:12:05","guid":{"rendered":"https:\/\/www.europesays.com\/es\/160523\/"},"modified":"2025-10-07T07:12:05","modified_gmt":"2025-10-07T07:12:05","slug":"hamas-e-israel-negocian-el-fin-de-la-guerra-tras-dos-anos-de-barbarie-que-se-sabe-el-pais-expres","status":"publish","type":"post","link":"https:\/\/www.europesays.com\/es\/160523\/","title":{"rendered":"Ham\u00e1s e Israel negocian el fin de la guerra tras dos a\u00f1os de barbarie: \u00bfqu\u00e9 se sabe? | El PA\u00cdS Expr\u00e9s"},"content":{"rendered":"<p><img fetchpriority=\"high\" decoding=\"auto\" class=\"_re  a_m-h\" height=\"414\"  width=\"414\"  src=\"https:\/\/www.europesays.com\/es\/wp-content\/uploads\/2025\/10\/Y6JFR7HG5RBOLNFUHXCZS7OMLE.jpg\" loading=\"eager\"\/>Gaza City (-), 06\/10\/2025.- (FILE) &#8211; Smoke rises following an Israeli airstrike in Gaza City, 09 October 2023 (reissued 06 October 2025). 07 October 2025 marks two years since the Palestinian militant group Hamas launched a surprise attack on Israel, taking dozens of hostages and killing nearly 1,200 people. In response, Israel began its war on Gaza, which has killed more than 66,000 people, displaced millions and destroyed the Palestinians enclave. EFE\/EPA\/MOHAMMED SABER&#13;<br \/>\nFOTO: MOHAMMED SABER (EFE)<\/p>\n<p class=\"\">Israel y Ham\u00e1s han comenzado las negociaciones indirectas en Egipto para poner fin a la guerra de Gaza cuando se cumplen dos a\u00f1os de conflicto.<\/p>\n<p class=\"\"><b>\u00bfQu\u00e9 se sabe?<\/b> Ambas partes aceptaron la semana pasada las disposiciones generales del plan de 20 puntos del presidente estadounidense, Donald Trump, pero la complejidad est\u00e1 en conciliar la letra peque\u00f1a.<\/p>\n<ul>\n<li>Lo primero ser\u00e1 concretar los detalles para el canje de rehenes israel\u00edes por prisioneros palestinos, incluida la fecha de inicio de un alto el fuego que lo facilite.<\/li>\n<\/ul>\n<p class=\"\"><b>Mientras&#8230; la guerra contin\u00faa.<\/b> Este martes se cumplen dos a\u00f1os desde el ataque de Ham\u00e1s al que sigui\u00f3 la masacre de Israel en Gaza. <\/p>\n<ul>\n<li>En las \u00faltimas horas, los hospitales del enclave palestino han registrado al menos 19 nuevas v\u00edctimas mortales.<\/li>\n<\/ul>\n<p class=\"\"><b>Y vuelven 27 de los 28 espa\u00f1oles que quedaban en Israel.<\/b> El Gobierno de Benjamina Netanyahu ha liberado a los espa\u00f1oles de la flotilla que fueron capturados la semana pasada, excepto a una de las activistas, Reyes Rico, que contin\u00faa retenida acusada de morder a una funcionaria israel\u00ed.<\/p>\n<ul>\n<li>Estos 27 integrantes se suman al primer grupo de 21 que aterrizaron este domingo en Madrid.<\/li>\n<li>\u201cNos han robado, humillado y torturado con t\u00e9cnicas sibilinas\u201d, denunci\u00f3 uno de los activistas.<\/li>\n<\/ul>\n<p class=\"\">\u00a9Foto: Mohammed Saber (EFE)<\/p>\n<p class=\"\"><a href=\"https:\/\/elpais.com\/internacional\/2025-10-06\/hamas-e-israel-reanudan-en-egipto-negociaciones-indirectas-con-pocas-perspectivas-de-lograr-un-rapido-acuerdo-pese-a-las-prisas-de-trump.html\" target=\"_self\" rel=\"nofollow noopener\" title=\"https:\/\/elpais.com\/internacional\/2025-10-06\/hamas-e-israel-reanudan-en-egipto-negociaciones-indirectas-con-pocas-perspectivas-de-lograr-un-rapido-acuerdo-pese-a-las-prisas-de-trump.html\">Si quieres saber m\u00e1s, puedes leer aqu\u00ed.<\/a><\/p>\n","protected":false},"excerpt":{"rendered":"Gaza City (-), 06\/10\/2025.- (FILE) &#8211; Smoke rises following an Israeli airstrike in Gaza City, 09 October 2023&hellip;\n","protected":false},"author":2,"featured_media":160524,"comment_status":"","ping_status":"","sticky":false,"template":"","format":"standard","meta":{"footnotes":""},"categories":[42],"tags":[13241,17,18,13,14,73,75,11,61,62,63,64,74,19,20,9,10,15,16,76,12,21,22,65,66,67],"class_list":{"0":"post-160523","1":"post","2":"type-post","3":"status-publish","4":"format-standard","5":"has-post-thumbnail","7":"category-internacional","8":"tag-benjamin-netanyahu","9":"tag-breaking-news","10":"tag-breakingnews","11":"tag-featured-news","12":"tag-featurednews","13":"tag-franja-gaza","14":"tag-hamas","15":"tag-headlines","16":"tag-internacional","17":"tag-international","18":"tag-international-news","19":"tag-internationalnews","20":"tag-israel","21":"tag-latest-news","22":"tag-latestnews","23":"tag-news","24":"tag-noticias","25":"tag-noticias-destacadas","26":"tag-noticiasdestacadas","27":"tag-palestina","28":"tag-titulares","29":"tag-ultimas-noticias","30":"tag-ultimasnoticias","31":"tag-world","32":"tag-world-news","33":"tag-worldnews"},"share_on_mastodon":{"url":"","error":""},"_links":{"self":[{"href":"https:\/\/www.europesays.com\/es\/wp-json\/wp\/v2\/posts\/160523","targetHints":{"allow":["GET"]}}],"collection":[{"href":"https:\/\/www.europesays.com\/es\/wp-json\/wp\/v2\/posts"}],"about":[{"href":"https:\/\/www.europesays.com\/es\/wp-json\/wp\/v2\/types\/post"}],"author":[{"embeddable":true,"href":"https:\/\/www.europesays.com\/es\/wp-json\/wp\/v2\/users\/2"}],"replies":[{"embeddable":true,"href":"https:\/\/www.europesays.com\/es\/wp-json\/wp\/v2\/comments?post=160523"}],"version-history":[{"count":0,"href":"https:\/\/www.europesays.com\/es\/wp-json\/wp\/v2\/posts\/160523\/revisions"}],"wp:featuredmedia":[{"embeddable":true,"href":"https:\/\/www.europesays.com\/es\/wp-json\/wp\/v2\/media\/160524"}],"wp:attachment":[{"href":"https:\/\/www.europesays.com\/es\/wp-json\/wp\/v2\/media?parent=160523"}],"wp:term":[{"taxonomy":"category","embeddable":true,"href":"https:\/\/www.europesays.com\/es\/wp-json\/wp\/v2\/categories?post=160523"},{"taxonomy":"post_tag","embeddable":true,"href":"https:\/\/www.europesays.com\/es\/wp-json\/wp\/v2\/tags?post=160523"}],"curies":[{"name":"wp","href":"https:\/\/api.w.org\/{rel}","templated":true}]}}