{"id":160534,"date":"2025-10-07T07:26:09","date_gmt":"2025-10-07T07:26:09","guid":{"rendered":"https:\/\/www.europesays.com\/es\/160534\/"},"modified":"2025-10-07T07:26:09","modified_gmt":"2025-10-07T07:26:09","slug":"liber-2025-reune-en-madrid-a-profesionales-del-libro-de-mas-de-60-paises-con-chile-como-invitado-de-honor","status":"publish","type":"post","link":"https:\/\/www.europesays.com\/es\/160534\/","title":{"rendered":"&#8216;Liber 2025&#8217; re\u00fane en Madrid a profesionales del libro de m\u00e1s de 60 pa\u00edses con Chile como invitado de honor"},"content":{"rendered":"<p class=\"mce\"><strong class=\"mce\"\/>La 43\u00aa edici\u00f3n de &#8216;Liber&#8217;, la <strong class=\"mce\">Feria Internacional del Libro,<\/strong> abre sus puertas este martes en <strong class=\"mce\">Ifema<\/strong> Madrid con la participaci\u00f3n de profesionales del sector editorial de m\u00e1s de 60 pa\u00edses y con <strong class=\"mce\">Chile como \u00abPa\u00eds Invitado de Honor\u00bb<\/strong>.<\/p>\n<p class=\"mce\">&#8216;Liber 2025&#8217;, promovida por la Federaci\u00f3n de Gremios de Editores de Espa\u00f1a (FGEE) y organizada por Ifema Madrid, se consolida como el <strong class=\"mce\">\u00abprincipal encuentro internacional del sector del libro en espa\u00f1ol\u00bb<\/strong> y el \u00abmayor escaparate de la producci\u00f3n editorial contempor\u00e1nea\u00bb.<\/p>\n<p class=\"mce\">Entre las principales novedades de esta edici\u00f3n destaca el <strong class=\"mce\">Sal\u00f3n de Derecho<\/strong>s, un espacio dedicado a la compraventa y negociaci\u00f3n de derechos de autor y traducci\u00f3n que reunir\u00e1 a m\u00e1s de 60 editores y agentes literarios procedentes de 24 pa\u00edses, incluidos Alemania, Francia, Italia, Reino Unido, Estados Unidos, Jap\u00f3n, Brasil y Chile.<\/p>\n<p>                <a href=\"https:\/\/www.telemadrid.es\/programas\/madrid-directo\/Asistimos-a-JazzMadrid-2025-y-damos-todos-los-detalles-2-2822737747--20251006082953.html\" class=\"lnk\" target=\"_blank\" rel=\"nofollow noopener\">Asistimos a JazzMadrid 2025 y damos todos los detalles<\/a><\/p>\n<p class=\"mce\">El encuentro refuerza adem\u00e1s su \u00abdimensi\u00f3n internacional\u00bb con el <strong class=\"mce\">&#8216;Programa de Compradores<\/strong>&#8216;, impulsado junto a ICEX Espa\u00f1a Exportaci\u00f3n e Inversiones y las Oficinas Econ\u00f3micas y Comerciales de Espa\u00f1a, que reunir\u00e1 a m\u00e1s de 300 profesionales de 54 pa\u00edses. Tambi\u00e9n el &#8216;Programa de Prescriptores de Inter\u00e9s Prioritario&#8217;, en colaboraci\u00f3n con Acci\u00f3n Cultural Espa\u00f1ola (AC\/E), congregar\u00e1 a bibliotecarios, responsables de adquisiciones y editores de 11 pa\u00edses.<\/p>\n<p class=\"mce\"><strong class=\"mce\">Chile<\/strong>, como \u00abPa\u00eds Invitado de Honor\u00bb, participar\u00e1 con una delegaci\u00f3n de 17 editoriales y agencias, y con un completo programa cultural y profesional. La inauguraci\u00f3n de su pabell\u00f3n se celebrar\u00e1 a las 13.30 horas, con una lectura coral de textos de Gabriela Mistral con motivo del 80\u00ba aniversario de su Premio Nobel de Literatura.<\/p>\n<p>                <a href=\"https:\/\/www.telemadrid.es\/programas\/telenoticias-1\/La-Semana-de-Cortometrajes-de-la-Comunidad-trae-a-Madrid-lo-mejor-de-Cannes-o-Sundance-2-2822737731--20251006042514.html\" class=\"lnk\" target=\"_blank\" rel=\"nofollow noopener\">La Semana de Cortometrajes de la Comunidad trae a Madrid lo mejor de Cannes o Sundance<\/a><\/p>\n<p class=\"mce\">&#8216;Liber 2025&#8217; incorpora tambi\u00e9n el <strong class=\"mce\">espacio \u00c1gora<\/strong>, que servir\u00e1 como foro para la presentaci\u00f3n de productos y servicios, y la <strong class=\"mce\">Zona de Servicios para la Industria del Libro<\/strong>, dedicada a la innovaci\u00f3n y los nuevos formatos. Adem\u00e1s, el \u00e1rea MicroLiber facilitar\u00e1 la presencia de peque\u00f1os editores y emprendedores.<\/p>\n<p class=\"mce\">El mi\u00e9rcoles se celebrar\u00e1 la <strong class=\"mce\">gala de los &#8216;Premios Liber 2025&#8217;<\/strong> en el Centro de Cultura Contempor\u00e1nea Conde Duque de Madrid. Rosa Montero recibir\u00e1 el galard\u00f3n a la autora iberoamericana \u00abm\u00e1s destacada\u00bb; Antonio Mart\u00ednez Asensio, el premio al \u00abfomento de la lectura en medios\u00bb; y la librer\u00eda Serendipia de Ciudad Real, el &#8216;Boixareu Ginesta&#8217; al librero del a\u00f1o, entre otros reconocimientos.<\/p>\n","protected":false},"excerpt":{"rendered":"La 43\u00aa edici\u00f3n de &#8216;Liber&#8217;, la Feria Internacional del Libro, abre sus puertas este martes en Ifema Madrid&hellip;\n","protected":false},"author":2,"featured_media":160535,"comment_status":"","ping_status":"","sticky":false,"template":"","format":"standard","meta":{"footnotes":""},"categories":[172],"tags":[517,224,209,168,95,2666,146,147,25,24,2661,225,2660,2665,2659,2667,2663,2662,2664,492,23,21],"class_list":{"0":"post-160534","1":"post","2":"type-post","3":"status-publish","4":"format-standard","5":"has-post-thumbnail","7":"category-libros","8":"tag-actualidad","9":"tag-books","10":"tag-cultura","11":"tag-deportes","12":"tag-economia","13":"tag-emision-en-directo","14":"tag-entertainment","15":"tag-entretenimiento","16":"tag-es","17":"tag-espana","18":"tag-internacionales","19":"tag-libros","20":"tag-nacionales","21":"tag-noticias-de-hoy","22":"tag-noticias-de-madrid","23":"tag-podcast","24":"tag-programas-de-telemadrid","25":"tag-programas-de-television","26":"tag-programas-onda-madrid","27":"tag-sociedad","28":"tag-spain","29":"tag-ultimas-noticias"},"share_on_mastodon":{"url":"","error":""},"_links":{"self":[{"href":"https:\/\/www.europesays.com\/es\/wp-json\/wp\/v2\/posts\/160534","targetHints":{"allow":["GET"]}}],"collection":[{"href":"https:\/\/www.europesays.com\/es\/wp-json\/wp\/v2\/posts"}],"about":[{"href":"https:\/\/www.europesays.com\/es\/wp-json\/wp\/v2\/types\/post"}],"author":[{"embeddable":true,"href":"https:\/\/www.europesays.com\/es\/wp-json\/wp\/v2\/users\/2"}],"replies":[{"embeddable":true,"href":"https:\/\/www.europesays.com\/es\/wp-json\/wp\/v2\/comments?post=160534"}],"version-history":[{"count":0,"href":"https:\/\/www.europesays.com\/es\/wp-json\/wp\/v2\/posts\/160534\/revisions"}],"wp:featuredmedia":[{"embeddable":true,"href":"https:\/\/www.europesays.com\/es\/wp-json\/wp\/v2\/media\/160535"}],"wp:attachment":[{"href":"https:\/\/www.europesays.com\/es\/wp-json\/wp\/v2\/media?parent=160534"}],"wp:term":[{"taxonomy":"category","embeddable":true,"href":"https:\/\/www.europesays.com\/es\/wp-json\/wp\/v2\/categories?post=160534"},{"taxonomy":"post_tag","embeddable":true,"href":"https:\/\/www.europesays.com\/es\/wp-json\/wp\/v2\/tags?post=160534"}],"curies":[{"name":"wp","href":"https:\/\/api.w.org\/{rel}","templated":true}]}}