{"id":160536,"date":"2025-10-07T07:27:17","date_gmt":"2025-10-07T07:27:17","guid":{"rendered":"https:\/\/www.europesays.com\/es\/160536\/"},"modified":"2025-10-07T07:27:17","modified_gmt":"2025-10-07T07:27:17","slug":"amiga-de-dalilah-hace-fuerte-comentario-sobre-mar-y-el-esposo-de-la-actriz-reacciona-no-tienes-de-que-avergonzarte-shows-famosos","status":"publish","type":"post","link":"https:\/\/www.europesays.com\/es\/160536\/","title":{"rendered":"Amiga de Dal\u00edlah hace fuerte comentario sobre Mar y el esposo de la actriz reacciona: \u00abNo tienes de qu\u00e9 avergonzarte\u00bb | Shows Famosos"},"content":{"rendered":"<p>Durante la cena y el brindis, los habitantes y sus acompa\u00f1antes convivieron en una amena pl\u00e1tica en la que Martha Gizman no dud\u00f3 en resaltar la belleza de Stephanie, hija de Alexis Ayala.<\/p>\n<p>Durante la conversaci\u00f3n, <b>Martha se vali\u00f3 de su sentido del humor para halagar tambi\u00e9n el cuerpazo de Mar Contreras. <\/b><\/p>\n<p><b>\u00abY Mar tiene un cuerpo bien feo<\/b>, dec\u00eda &#8216;t\u00e1pese para que no se vea&#8230;&#8217;. O sea, el comentario general &#8216;\u00bfqu\u00e9 p*do con el cuerpo?'\u00bb, expres\u00f3.<\/p>\n<p>Shiku y los presentes coincidieron con la percepci\u00f3n de Martha sobre la estilizada figura de Mar Contreras.<\/p>\n<p>M\u00e1s tarde, en la habitaci\u00f3n que fue del team Noche, Mar convers\u00f3 con su esposo, quien reconoci\u00f3 el excelente juego que hizo dentro de La Casa de los Famosos M\u00e9xico.<\/p>\n<p>\u00abEs lo que algunas de las personas del juego no entend\u00edan o no entendieron, que estabas siendo t\u00fa, que est\u00e1s para eso, para mostrarte como eres y eso ha estado muy bonito y ha sido un tema de orgullo, un tema de sonrisas, de alegr\u00edas, de muchos te amo. Hemos llorado contigo, nos hemos enojado, ha pasado, s\u00ed, pero lo importante es que a partir de la semana pasada te volviste la primera finalista de este juego\u00bb, dijo Julio.<\/p>\n<p>Respecto a c\u00f3mo actu\u00f3 dentro de La Casa de los Famosos M\u00e9xico, Julio le dijo a Mar Contreras que no ten\u00eda nada de qu\u00e9 avergonzarse, luego de que la actriz se mostr\u00f3 preocupada por c\u00f3mo se estar\u00eda viendo afuera su participaci\u00f3n.<\/p>\n<p>\u00abLo que tienes que entender es que est\u00e1s ah\u00ed, que te mereces estar ah\u00ed, has peleado por estar ah\u00ed, has luchado, se lo hayas prometido a Mariano o no por su cumplea\u00f1os, es algo que t\u00fa sab\u00edas que quer\u00edas lograr y es parte de tu fortaleza y eso hay que aplaudirlo, mi amor, <b>no hay nada por qu\u00e9 avergonzarte, no hay nada por qu\u00e9 sufrirlo\u00bb,<\/b> expres\u00f3.<\/p>\n<p>Julio retom\u00f3 los comentarios que hicieron en la cena sobre la figura de Mar y dijo que ten\u00eda que sentirse orgullosa.<\/p>\n<p><b>\u00abTe dec\u00edan hace ratito de tu cuerpo, se ve espectacular, o sea, te ves espectacular, \u00bfde qu\u00e9 tienes que criticarte, sentirte mal? No, vas a la playa, te pones el bikini, sales caminando y no pasa nada, al rev\u00e9s , orgullo, levanta la cara, todo se te ve poca m*dre, est\u00e1s espectacular y qu\u00e9 c*ing\u00f3n que lo est\u00e9s disfrutando y que te est\u00e9s divirtiendo como est\u00e1s ahorita\u00bb, <\/b>dijo.<\/p>\n<p>Sigue cada detalle de La Casa de los Famosos M\u00e9xico 2025 por <b><a target=\"_blank\" href=\"https:\/\/www.lasestrellas.tv\/\" rel=\"nofollow noopener\">Las Estrellas,<\/a> Canal 5 y 24\/7 por ViX.<\/b> <\/p>\n","protected":false},"excerpt":{"rendered":"Durante la cena y el brindis, los habitantes y sus acompa\u00f1antes convivieron en una amena pl\u00e1tica en la&hellip;\n","protected":false},"author":2,"featured_media":160537,"comment_status":"","ping_status":"","sticky":false,"template":"","format":"standard","meta":{"footnotes":""},"categories":[171],"tags":[47697,146,147,25,24,22497,47696,23,214],"class_list":{"0":"post-160536","1":"post","2":"type-post","3":"status-publish","4":"format-standard","5":"has-post-thumbnail","7":"category-tv","8":"tag-dalilah-polanco","9":"tag-entertainment","10":"tag-entretenimiento","11":"tag-es","12":"tag-espana","13":"tag-la-casa-de-los-famosos-mexico-2025","14":"tag-mar-contreras","15":"tag-spain","16":"tag-tv"},"share_on_mastodon":{"url":"","error":""},"_links":{"self":[{"href":"https:\/\/www.europesays.com\/es\/wp-json\/wp\/v2\/posts\/160536","targetHints":{"allow":["GET"]}}],"collection":[{"href":"https:\/\/www.europesays.com\/es\/wp-json\/wp\/v2\/posts"}],"about":[{"href":"https:\/\/www.europesays.com\/es\/wp-json\/wp\/v2\/types\/post"}],"author":[{"embeddable":true,"href":"https:\/\/www.europesays.com\/es\/wp-json\/wp\/v2\/users\/2"}],"replies":[{"embeddable":true,"href":"https:\/\/www.europesays.com\/es\/wp-json\/wp\/v2\/comments?post=160536"}],"version-history":[{"count":0,"href":"https:\/\/www.europesays.com\/es\/wp-json\/wp\/v2\/posts\/160536\/revisions"}],"wp:featuredmedia":[{"embeddable":true,"href":"https:\/\/www.europesays.com\/es\/wp-json\/wp\/v2\/media\/160537"}],"wp:attachment":[{"href":"https:\/\/www.europesays.com\/es\/wp-json\/wp\/v2\/media?parent=160536"}],"wp:term":[{"taxonomy":"category","embeddable":true,"href":"https:\/\/www.europesays.com\/es\/wp-json\/wp\/v2\/categories?post=160536"},{"taxonomy":"post_tag","embeddable":true,"href":"https:\/\/www.europesays.com\/es\/wp-json\/wp\/v2\/tags?post=160536"}],"curies":[{"name":"wp","href":"https:\/\/api.w.org\/{rel}","templated":true}]}}