{"id":160557,"date":"2025-10-07T07:46:28","date_gmt":"2025-10-07T07:46:28","guid":{"rendered":"https:\/\/www.europesays.com\/es\/160557\/"},"modified":"2025-10-07T07:46:28","modified_gmt":"2025-10-07T07:46:28","slug":"la-justicia-da-la-razon-a-pedro-rocha-que-pudo-presidir-la-federacion-espanola-de-futbol","status":"publish","type":"post","link":"https:\/\/www.europesays.com\/es\/160557\/","title":{"rendered":"La Justicia da la raz\u00f3n a Pedro Rocha, que pudo presidir la Federaci\u00f3n Espa\u00f1ola de F\u00fatbol"},"content":{"rendered":"<p>\n        <strong>El Juzgado Central de lo Contencioso Administrativo n\u00famero 2 ha dictado sentencia en favor de <\/strong><a href=\"https:\/\/www.deia.eus\/tags\/pedro-rocha\/\" title=\"Pedro Rocha\" class=\"link copy\" rel=\"nofollow noopener\" target=\"_blank\">Pedro Rocha<\/a>, que debi\u00f3 de haberse podido <strong>presentar a las elecciones a la presidencia de la<\/strong><a href=\"https:\/\/www.deia.eus\/tags\/real-federacion-espanola-de-futbol\/\" title=\"Federaci\u00f3n Espa\u00f1ola de F\u00fatbol\" class=\"link copy\" rel=\"nofollow noopener\" target=\"_blank\"> Federaci\u00f3n Espa\u00f1ola de F\u00fatbol<\/a> en las que Rafael Louz\u00e1n result\u00f3 vencedor. Asimismo, el que fuera presidente del organismo tras la salida de Luis Rubiales <strong>fue inhabilitado durante dos a\u00f1os<\/strong> por el Tribunal Administrativo del Deporte (TAD), una pena que ha quedado anulada.\n<\/p>\n<p class=\"article-body__text \">\n        \u201cEl da\u00f1o ya est\u00e1 hecho pero <strong>estudiar\u00e9 con mis abogados las siguientes acciones a emprender<\/strong> porque est\u00e1 claro que fui objeto de un linchamiento injusto e improcedente\u00bb, manifest\u00f3 Rocha despu\u00e9s de conocer la sentencia de la Justicia, que considera que la resoluci\u00f3n del TAD era \u201ccontraria a derecho\u201d, que no pudo defenderse y que sus alegaciones no fueron atendidas.\n<\/p>\n<p class=\"article-body__text \">\n        \u201cQuiero comunicar a la opini\u00f3n p\u00fablica en general y al mundo del f\u00fatbol en particular que la Justicia, la misma que me deneg\u00f3 por tres veces la suspensi\u00f3n cautelar de la sanci\u00f3n para evitar el perjuicio irreparable que me ha causado, ha acordado anular el procedimiento y por tanto tambi\u00e9n la <strong>injusta sanci\u00f3n a la que me he visto sometido <\/strong>durante m\u00e1s de un a\u00f1o\u201d, a\u00f1adi\u00f3 Rocha.\n<\/p>\n<p>  Inhabilitado por sobrepasar sus competencias<\/p>\n<p class=\"article-body__text \">\n        Cabe recordar que en julio de 2024, el TAD decidi\u00f3 inhabilitar al expresidente, que hab\u00eda asumido el cargo en abril despu\u00e9s de presidir la Comisi\u00f3n Gestora tras la marcha de Rubiales. Rocha fue condenado a dos a\u00f1os sin poder ejercer el cargo y a una multa de 30.000 por destituir a Andreu Camps como secretario general de la Federaci\u00f3n, por rescindir el contrato con el despacho de abogados GC Legal y por personarse en el caso Supercopa, <strong>decisiones que el TAD consider\u00f3 que sobrepasaban las competencias<\/strong> de Rocha. Al respecto, la Justicia considera que el TAD \u201cno actu\u00f3 con la debida buena fe y lealtad\u201d.\n<\/p>\n<p class=\"article-body__text \">\n        De este modo,<strong> el TAD deber\u00e1 reabrir el procedimiento que condujo a la inhabilitaci\u00f3n<\/strong>, admitiendo ahora las alegaciones de Rocha para evaluar de nuevo si es susceptible de ser inhabilitado, situaci\u00f3n en la que permanec\u00eda el afectado hasta el pr\u00f3ximo mes de julio.<\/p>\n","protected":false},"excerpt":{"rendered":"El Juzgado Central de lo Contencioso Administrativo n\u00famero 2 ha dictado sentencia en favor de Pedro Rocha, que&hellip;\n","protected":false},"author":2,"featured_media":160558,"comment_status":"","ping_status":"","sticky":false,"template":"","format":"standard","meta":{"footnotes":""},"categories":[268],"tags":[7164,168,25,24,280,282,2158,1822,12109,46767,281,23,167],"class_list":{"0":"post-160557","1":"post","2":"type-post","3":"status-publish","4":"format-standard","5":"has-post-thumbnail","7":"category-futbol","8":"tag-da","9":"tag-deportes","10":"tag-es","11":"tag-espana","12":"tag-football","13":"tag-futbol","14":"tag-justicia","15":"tag-pedro","16":"tag-razon","17":"tag-rocha","18":"tag-soccer","19":"tag-spain","20":"tag-sports"},"share_on_mastodon":{"url":"","error":""},"_links":{"self":[{"href":"https:\/\/www.europesays.com\/es\/wp-json\/wp\/v2\/posts\/160557","targetHints":{"allow":["GET"]}}],"collection":[{"href":"https:\/\/www.europesays.com\/es\/wp-json\/wp\/v2\/posts"}],"about":[{"href":"https:\/\/www.europesays.com\/es\/wp-json\/wp\/v2\/types\/post"}],"author":[{"embeddable":true,"href":"https:\/\/www.europesays.com\/es\/wp-json\/wp\/v2\/users\/2"}],"replies":[{"embeddable":true,"href":"https:\/\/www.europesays.com\/es\/wp-json\/wp\/v2\/comments?post=160557"}],"version-history":[{"count":0,"href":"https:\/\/www.europesays.com\/es\/wp-json\/wp\/v2\/posts\/160557\/revisions"}],"wp:featuredmedia":[{"embeddable":true,"href":"https:\/\/www.europesays.com\/es\/wp-json\/wp\/v2\/media\/160558"}],"wp:attachment":[{"href":"https:\/\/www.europesays.com\/es\/wp-json\/wp\/v2\/media?parent=160557"}],"wp:term":[{"taxonomy":"category","embeddable":true,"href":"https:\/\/www.europesays.com\/es\/wp-json\/wp\/v2\/categories?post=160557"},{"taxonomy":"post_tag","embeddable":true,"href":"https:\/\/www.europesays.com\/es\/wp-json\/wp\/v2\/tags?post=160557"}],"curies":[{"name":"wp","href":"https:\/\/api.w.org\/{rel}","templated":true}]}}