{"id":160559,"date":"2025-10-07T07:49:09","date_gmt":"2025-10-07T07:49:09","guid":{"rendered":"https:\/\/www.europesays.com\/es\/160559\/"},"modified":"2025-10-07T07:49:09","modified_gmt":"2025-10-07T07:49:09","slug":"la-critica-dice-de-esta-novela-espanola-que-es-el-mejor-libro-contemporaneo-de-humor-de-los-ultimos-anos","status":"publish","type":"post","link":"https:\/\/www.europesays.com\/es\/160559\/","title":{"rendered":"La cr\u00edtica dice de esta novela espa\u00f1ola que es el mejor libro contempor\u00e1neo de humor de los \u00faltimos a\u00f1os"},"content":{"rendered":"<p data-journey-content=\"true\" data-node-id=\"3\" class=\"css-6wxqfj emevuu60\">Este libro aparece como un ant\u00eddoto y juega fuerte contra el tedio de noticias abrumadoras y la costumbre de mirar el m\u00f3vil para esquivar encuentros. Se trata de <strong data-node-id=\"3.1\">una obra rara, reconocible, c\u00f3mica, melanc\u00f3lica, ligera (se lee en dos tardes), absolutamente profunda y adictiva.<\/strong> El periodista de la Cadena Ser <strong data-node-id=\"3.3\">Carles Francino (67 a\u00f1os)<\/strong> siempre ha escuchado y contado historias desde la radio y, esta vez, sobre esta le ha tocado decir con contundencia: \u00abLa recomiendo fervientemente\u00bb. <\/p>\n<p data-journey-content=\"true\" data-node-id=\"6\" class=\"css-6wxqfj emevuu60\">La novela arranca con un error trivial: un pedido de supermercado mal entregado. Una grieta cotidiana en la que se cuela todo un universo. <strong data-node-id=\"6.1\">Carmelo Dur\u00e1n, protagonista, es un hombre solitario que vive parapetado detr\u00e1s de una pantalla<\/strong>, convencido de que el mundo exterior s\u00f3lo aporta molestias. No necesita m\u00e1s que internet, comida en abundancia y algunos interlocutores virtuales con los que discutir. <strong data-node-id=\"6.3\">Hasta que aparece Mari Carmen, la encargada de atenci\u00f3n al cliente del s\u00faper<\/strong>. Esto derivar\u00e1 en un intercambio epistolar que transformar\u00e1 su vida. <\/p>\n<p>Alfaguara &#8216;La tienda de la felicidad&#8217;, de Rodrigo Mu\u00f1oz Avia<\/p>\n<p><a target=\"_blank\" rel=\"nofollow noopener\" data-theme-key=\"product-image-wrapper\" href=\"https:\/\/www.amazon.es\/dp\/8420435929?tag=esquirespain-21\" aria-label=\"33\u00a0\u20ac en Amazon for &#039;La tienda de la felicidad&#039;, de Rodrigo Mu\u00f1oz Avia\" data-href=\"https:\/\/www.amazon.es\/dp\/8420435929\" data-product-url=\"https:\/\/www.amazon.es\/dp\/8420435929\" data-affiliate=\"true\" data-affiliate-url=\"https:\/\/www.amazon.es\/dp\/8420435929?tag=esquirespain-21\" data-affiliate-network=\"{&quot;afflink_redirect&quot;:&quot;\/_p\/afflink\/yFS0\/amazon-la-tienda-de-la-felicidad&quot;,&quot;site_id&quot;:&quot;92d07c0b-730d-4727-bddc-68f85354bda9&quot;,&quot;network&quot;:{&quot;name&quot;:&quot;Amazon&quot;},&quot;metadata&quot;:{&quot;links&quot;:{&quot;default&quot;:&quot;https:\/\/www.amazon.es\/dp\/8420435929?tag=esquirespain-21&quot;}}}\" data-vars-ga-call-to-action=\"33\u00a0\u20ac en Amazon\" data-vars-ga-media-role=\"\" data-vars-ga-media-type=\"Single Product Embed\" data-vars-ga-outbound-link=\"https:\/\/www.amazon.es\/dp\/8420435929\" data-vars-ga-product-brand=\"Alfaguara\" data-vars-ga-product-id=\"b7fcb04a-e7bb-4da3-a400-ed03c8a762ce\" data-vars-ga-product-price=\"32,70\u00a0\u20ac\" data-vars-ga-product-retailer-id=\"e71748cf-5fda-4a89-bf4c-84d88171a5e0\" data-vars-ga-product-sem3-brand=\"ALFAGUARA\" data-vars-ga-link-treatment=\"(not set) | (not set)\" data-vars-ga-sku=\"8420435929\" data-vars-ga-magento-tracking=\"1\" class=\"product-image-link ebgq4gw2 e1b8bpvs0 css-g6od0w e1c1bym14\"><img  alt=\"'La tienda de la felicidad', de Rodrigo Mu\u00f1oz Avia\" title=\"'La tienda de la felicidad', de Rodrigo Mu\u00f1oz Avia\" src=\"https:\/\/www.europesays.com\/es\/wp-content\/uploads\/2025\/10\/1759061501-81qTXEik4xL.jpg\" width=\"1621\" height=\"2560\" decoding=\"async\" loading=\"lazy\"\/><\/a>Ficha del libro<\/p>\n<tr data-theme-key=\"embedded-product-key-specs-line\" class=\"css-0 elexcwx2\">Editorial<\/p>\n<td data-theme-key=\"embedded-product-key-specs-value-item\" class=\"css-1flax12 elexcwx1\">Alfaguara<\/td>\n<\/tr>\n<tr data-theme-key=\"embedded-product-key-specs-line\" class=\"css-0 elexcwx2\">N\u00famero de p\u00e1ginas<\/p>\n<td data-theme-key=\"embedded-product-key-specs-value-item\" class=\"css-1flax12 elexcwx1\">304<\/td>\n<\/tr>\n<tr data-theme-key=\"embedded-product-key-specs-line\" class=\"css-0 elexcwx2\">A\u00f1o de edici\u00f3n<\/p>\n<td data-theme-key=\"embedded-product-key-specs-value-item\" class=\"css-1flax12 elexcwx1\">2021<\/td>\n<\/tr>\n<p data-journey-content=\"true\" data-node-id=\"9\" class=\"css-6wxqfj emevuu60\">&#8216;<a href=\"https:\/\/www.amazon.es\/dp\/8420435929?linkCode=ogi&amp;tag=esquirespain-21&amp;ascsubtag=%5Bartid%7C2119.a.68098732%5Bsrc%7C%5Bch%7C%5Blt%7C%5Bpid%7Cb7fcb04a-e7bb-4da3-a400-ed03c8a762ce%5Baxid%7Cff7f6586-5070-4d59-bd42-27548a6f788b\" target=\"_blank\" rel=\"nofollow noopener\" data-vars-ga-outbound-link=\"https:\/\/www.amazon.es\/dp\/8420435929?linkCode=ogi&amp;tag=esquirespain-21&amp;ascsubtag=%5Bartid%7C2119.a.68098732%5Bsrc%7C%5Bch%7C%5Blt%7C%5Bpid%7Cb7fcb04a-e7bb-4da3-a400-ed03c8a762ce%5Baxid%7Cff7f6586-5070-4d59-bd42-27548a6f788b\" data-vars-ga-ux-element=\"Hyperlink\" data-vars-ga-call-to-action=\"La tienda de la felicidad\" data-vars-ga-product-id=\"25ec249e-083a-44bc-b10c-aa496cadf9d5\" data-node-id=\"9.1\" data-href=\"https:\/\/www.amazon.es\/dp\/8420435929?linkCode=ogi&amp;tag=esquirespain-21&amp;ascsubtag=%5Bartid%7C2119.a.68098732%5Bsrc%7C%5Bch%7C%5Blt%7C%5Bpid%7Cb7fcb04a-e7bb-4da3-a400-ed03c8a762ce%5Baxid%7Cff7f6586-5070-4d59-bd42-27548a6f788b\" data-product-url=\"https:\/\/www.amazon.es\/dp\/8420435929?linkCode=ogi&amp;tag=esquirespain-21&amp;ascsubtag=%5Bartid%7C2119.a.68098732%5Bsrc%7C%5Bch%7C%5Blt%7C%5Bpid%7Cb7fcb04a-e7bb-4da3-a400-ed03c8a762ce%5Baxid%7Cff7f6586-5070-4d59-bd42-27548a6f788b\" data-affiliate=\"true\" data-affiliate-url=\"https:\/\/www.amazon.es\/dp\/8420435929?linkCode=ogi&amp;tag=esquirespain-21&amp;ascsubtag=%5Bartid%7C2119.a.68098732%5Bsrc%7C%5Bch%7C%5Blt%7C%5Bpid%7Cb7fcb04a-e7bb-4da3-a400-ed03c8a762ce%5Baxid%7Cff7f6586-5070-4d59-bd42-27548a6f788b\" data-affiliate-network=\"{&quot;site_id&quot;:&quot;92d07c0b-730d-4727-bddc-68f85354bda9&quot;,&quot;metadata&quot;:{&quot;links&quot;:{&quot;default&quot;:&quot;https:\/\/www.amazon.es\/dp\/8420435929?linkCode=ogi&amp;tag=esquirespain-21&amp;ascsubtag=%5Bartid%7C2119.a.68098732%5Bsrc%7C%5Bch%7C%5Blt%7C%5Bpid%7Cb7fcb04a-e7bb-4da3-a400-ed03c8a762ce%5Baxid%7Cff7f6586-5070-4d59-bd42-27548a6f788b&quot;}},&quot;network&quot;:{&quot;name&quot;:&quot;Amazon&quot;},&quot;product_metadata&quot;:null,&quot;afflink_redirect&quot;:&quot;\/_p\/afflink\/yI11\/amazon-s-dp-8435929&quot;}\" data-vars-ga-product-price=\"0,00\u00a0$\" data-vars-ga-product-retailer-id=\"358ea6a2-b220-4219-b719-d48ff6bc23b2\" data-vars-ga-link-treatment=\"(not set) | (not set)\" class=\"body-link product-links css-1kzkd1m e1aq0z090\" data->La tienda de la felicidad<\/a>&#8216;, de Rodrigo Mu\u00f1oz Avia, es todo un artificio: <strong data-node-id=\"9.3\">toda la historia se cuenta a trav\u00e9s de correos electr\u00f3nicos<\/strong>. La voz de Carmelo est\u00e1 llena de aristas. Es un personaje gru\u00f1\u00f3n, excesivo, ir\u00f3nico, a ratos delirante, a ratos tierno. Un Ignatius de Chamber\u00ed, como la defini\u00f3 Silvia Nanclares. Tambi\u00e9n un heredero contempor\u00e1neo de Don Quijote que lanza invectivas contra molinos invisibles desde un teclado. <\/p>\n<p data-journey-content=\"true\" data-node-id=\"13\" class=\"css-6wxqfj emevuu60\">Rosa Montero, entre la visible miseria humana y la risa que la lectura causa al lector, ha definido el libro como \u00ab<strong data-node-id=\"13.1\">un agudo retrato de la fragilidad humana y del absurdo de la vida<\/strong>\u00ab. <\/p>\n<p data-journey-content=\"true\" data-node-id=\"15\" class=\"css-6wxqfj emevuu60\">La novela es presentada como \u00abel libro m\u00e1s divertido del a\u00f1o\u00bb. Cabe a\u00f1adir que tambi\u00e9n hay mucha ternura, poso y sensaci\u00f3n de que uno, al re\u00edrse de Carmelo, se est\u00e1 riendo de s\u00ed mismo y de la \u00e9poca que le ha tocado vivir. Miqui Otero lo ha resumido con lucidez: <strong data-node-id=\"15.1\">\u00abRodrigo Mu\u00f1oz Avia lo sabe, como tambi\u00e9n conoce los mecanismos del humor para hacer m\u00e1s tolerable la vida\u00bb<\/strong>. Carmelo, con su sarcasmo y obsesiones, encarna la experiencia de existir en tiempos de hiperconexi\u00f3n y soledad simult\u00e1neas. <\/p>\n<p data-journey-content=\"true\" data-node-id=\"17\" class=\"css-6wxqfj emevuu60\">La cr\u00edtica lo ha recibido como un fen\u00f3meno. Pepa Fern\u00e1ndez ha confesado en RNE que lo devor\u00f3 en dos tardes con carcajadas y ternura; Paloma Abad lo ha llamado \u00abel refugio m\u00e1s ins\u00f3lito de humor\u00bb de 2021; \u00c0ngels Barcel\u00f3 lo ha calificado como \u00abmaravilloso\u00bb. <\/p>\n<p data-journey-content=\"true\" data-node-id=\"19\" class=\"css-6wxqfj emevuu60\">Ah\u00ed aparece Francino, con su advertencia: si todav\u00eda no lo has le\u00eddo, te est\u00e1s perdiendo <strong data-node-id=\"19.1\">una de las novelas m\u00e1s originales y necesarias<\/strong> de la literatura espa\u00f1ola reciente. <\/p>\n<p data-journey-content=\"true\" data-node-id=\"21\" class=\"css-6wxqfj emevuu60\">&#8216;<a href=\"https:\/\/www.amazon.es\/dp\/8420435929?linkCode=ogi&amp;tag=esquirespain-21&amp;ascsubtag=%5Bartid%7C2119.a.68098732%5Bsrc%7C%5Bch%7C%5Blt%7C%5Bpid%7Cb7fcb04a-e7bb-4da3-a400-ed03c8a762ce%5Baxid%7Cff7f6586-5070-4d59-bd42-27548a6f788b\" target=\"_blank\" rel=\"nofollow noopener\" data-vars-ga-outbound-link=\"https:\/\/www.amazon.es\/dp\/8420435929?linkCode=ogi&amp;tag=esquirespain-21&amp;ascsubtag=%5Bartid%7C2119.a.68098732%5Bsrc%7C%5Bch%7C%5Blt%7C%5Bpid%7Cb7fcb04a-e7bb-4da3-a400-ed03c8a762ce%5Baxid%7Cff7f6586-5070-4d59-bd42-27548a6f788b\" data-vars-ga-ux-element=\"Hyperlink\" data-vars-ga-call-to-action=\"La tienda de la felicidad\" data-vars-ga-product-id=\"25ec249e-083a-44bc-b10c-aa496cadf9d5\" data-node-id=\"21.1\" data-href=\"https:\/\/www.amazon.es\/dp\/8420435929?linkCode=ogi&amp;tag=esquirespain-21&amp;ascsubtag=%5Bartid%7C2119.a.68098732%5Bsrc%7C%5Bch%7C%5Blt%7C%5Bpid%7Cb7fcb04a-e7bb-4da3-a400-ed03c8a762ce%5Baxid%7Cff7f6586-5070-4d59-bd42-27548a6f788b\" data-product-url=\"https:\/\/www.amazon.es\/dp\/8420435929?linkCode=ogi&amp;tag=esquirespain-21&amp;ascsubtag=%5Bartid%7C2119.a.68098732%5Bsrc%7C%5Bch%7C%5Blt%7C%5Bpid%7Cb7fcb04a-e7bb-4da3-a400-ed03c8a762ce%5Baxid%7Cff7f6586-5070-4d59-bd42-27548a6f788b\" data-affiliate=\"true\" data-affiliate-url=\"https:\/\/www.amazon.es\/dp\/8420435929?linkCode=ogi&amp;tag=esquirespain-21&amp;ascsubtag=%5Bartid%7C2119.a.68098732%5Bsrc%7C%5Bch%7C%5Blt%7C%5Bpid%7Cb7fcb04a-e7bb-4da3-a400-ed03c8a762ce%5Baxid%7Cff7f6586-5070-4d59-bd42-27548a6f788b\" data-affiliate-network=\"{&quot;site_id&quot;:&quot;92d07c0b-730d-4727-bddc-68f85354bda9&quot;,&quot;metadata&quot;:{&quot;links&quot;:{&quot;default&quot;:&quot;https:\/\/www.amazon.es\/dp\/8420435929?linkCode=ogi&amp;tag=esquirespain-21&amp;ascsubtag=%5Bartid%7C2119.a.68098732%5Bsrc%7C%5Bch%7C%5Blt%7C%5Bpid%7Cb7fcb04a-e7bb-4da3-a400-ed03c8a762ce%5Baxid%7Cff7f6586-5070-4d59-bd42-27548a6f788b&quot;}},&quot;network&quot;:{&quot;name&quot;:&quot;Amazon&quot;},&quot;product_metadata&quot;:null,&quot;afflink_redirect&quot;:&quot;\/_p\/afflink\/yI11\/amazon-s-dp-8435929&quot;}\" data-vars-ga-product-price=\"0,00\u00a0$\" data-vars-ga-product-retailer-id=\"358ea6a2-b220-4219-b719-d48ff6bc23b2\" data-vars-ga-link-treatment=\"(not set) | (not set)\" class=\"body-link product-links css-1kzkd1m e1aq0z090\" data->La tienda de la felicidad<\/a>&#8216;, de Rodrigo Mu\u00f1oz Avia, es menos una novela sobre un pedido equivocado y m\u00e1s <strong data-node-id=\"21.3\">una par\u00e1bola <\/strong>sobre la forma en que las peque\u00f1as grietas (un correo, una conversaci\u00f3n anodina, un gesto), abren mundos enteros. Con risas y correos electr\u00f3nicos, Carmelo nos recuerda que la felicidad se esconde en lo inesperado. <\/p>\n<p><img src=\"https:\/\/www.europesays.com\/es\/wp-content\/uploads\/2025\/10\/1759823349_864_2bf4d7cd-dc07-4131-9f9f-c97b719c392e_1739175712.file\" alt=\"Headshot of Mariana Mart\u00edn\" title=\"Headshot of Mariana Mart\u00edn\" width=\"100%\" height=\"100%\" decoding=\"async\" loading=\"lazy\" class=\"css-o0wq4v ev8dhu53\"\/><\/p>\n<p><a href=\"https:\/\/es.linkedin.com\/in\/mariana-mart%C3%ADn-moreno\" rel=\"nofollow noopener\" target=\"_blank\">Mariana Mart\u00edn<\/a> es periodista especializada en contenidos de Ocio y Cultura. Escribe sobre libros, cine y series, m\u00fasica y arte, entre otras cosas. Ha estudiado el doble grado de Periodismo y Humanidades en la Universidad Carlos III de Madrid, y es precisamente su formaci\u00f3n en Humanidades la que le aporta una perspectiva anal\u00edtica y multidisciplinar para abordar sus art\u00edculos period\u00edsticos desde un punto de vista diferente.<\/p>\n<p>Cuenta con experiencia en comunicaci\u00f3n editorial y redacci\u00f3n de newsletters y art\u00edculos de cultura, moda, opini\u00f3n y literatura, principalmente. Ha formado parte de equipos de prensa en la Universidad Carlos III adem\u00e1s de desarrollar proyectos propios en redes sociales (<a href=\"https:\/\/www.instagram.com\/secuencia0\/\" rel=\"nofollow noopener\" target=\"_blank\">@secuencia0<\/a> en Instagram) donde trabaja con la narrativa visual a trav\u00e9s de fotograf\u00eda y textos propios de prosa po\u00e9tica y poes\u00eda. Tambi\u00e9n ha trabajado en el diario El Generacional, donde ha cubierto eventos como conciertos o la feria ARCO de Madrid y ha realizado entrevistas a distintos artistas.\u00a0<br \/>\u00a0<\/p>\n<p><script async src=\"\/\/www.instagram.com\/embed.js\"><\/script><\/p>\n","protected":false},"excerpt":{"rendered":"Este libro aparece como un ant\u00eddoto y juega fuerte contra el tedio de noticias abrumadoras y la costumbre&hellip;\n","protected":false},"author":2,"featured_media":160560,"comment_status":"","ping_status":"","sticky":false,"template":"","format":"standard","meta":{"footnotes":""},"categories":[172],"tags":[1655,224,253,146,147,25,24,225,23],"class_list":{"0":"post-160559","1":"post","2":"type-post","3":"status-publish","4":"format-standard","5":"has-post-thumbnail","7":"category-libros","8":"tag-afiliacion","9":"tag-books","10":"tag-discover","11":"tag-entertainment","12":"tag-entretenimiento","13":"tag-es","14":"tag-espana","15":"tag-libros","16":"tag-spain"},"share_on_mastodon":{"url":"","error":""},"_links":{"self":[{"href":"https:\/\/www.europesays.com\/es\/wp-json\/wp\/v2\/posts\/160559","targetHints":{"allow":["GET"]}}],"collection":[{"href":"https:\/\/www.europesays.com\/es\/wp-json\/wp\/v2\/posts"}],"about":[{"href":"https:\/\/www.europesays.com\/es\/wp-json\/wp\/v2\/types\/post"}],"author":[{"embeddable":true,"href":"https:\/\/www.europesays.com\/es\/wp-json\/wp\/v2\/users\/2"}],"replies":[{"embeddable":true,"href":"https:\/\/www.europesays.com\/es\/wp-json\/wp\/v2\/comments?post=160559"}],"version-history":[{"count":0,"href":"https:\/\/www.europesays.com\/es\/wp-json\/wp\/v2\/posts\/160559\/revisions"}],"wp:featuredmedia":[{"embeddable":true,"href":"https:\/\/www.europesays.com\/es\/wp-json\/wp\/v2\/media\/160560"}],"wp:attachment":[{"href":"https:\/\/www.europesays.com\/es\/wp-json\/wp\/v2\/media?parent=160559"}],"wp:term":[{"taxonomy":"category","embeddable":true,"href":"https:\/\/www.europesays.com\/es\/wp-json\/wp\/v2\/categories?post=160559"},{"taxonomy":"post_tag","embeddable":true,"href":"https:\/\/www.europesays.com\/es\/wp-json\/wp\/v2\/tags?post=160559"}],"curies":[{"name":"wp","href":"https:\/\/api.w.org\/{rel}","templated":true}]}}