{"id":160578,"date":"2025-10-07T08:07:08","date_gmt":"2025-10-07T08:07:08","guid":{"rendered":"https:\/\/www.europesays.com\/es\/160578\/"},"modified":"2025-10-07T08:07:08","modified_gmt":"2025-10-07T08:07:08","slug":"la-reaccion-de-la-f1-despues-de-la-critica-de-fernando-alonso-en-redes","status":"publish","type":"post","link":"https:\/\/www.europesays.com\/es\/160578\/","title":{"rendered":"La reacci\u00f3n de la F1 despu\u00e9s de la cr\u00edtica de Fernando Alonso en redes"},"content":{"rendered":"<p class=\"L6-news-detail__text\">La <b><a title=\"cr\u00edtica de Fernando Alonso a la F\u00f3rmula 1\" href=\"https:\/\/www.lasexta.com\/noticias\/deportes\/motor\/formula1\/ironico-mensaje-alonso-que-atiza-sus-radios-hora-afinar_2025100668e3a7299c028a4cad256a2f.html\" target=\"_blank\" rel=\"nofollow noopener\">cr\u00edtica de Fernando Alonso a la F\u00f3rmula 1<\/a><\/b> ha dado sus frutos. La competici\u00f3n, a trav\u00e9s de sus canales oficiales de redes sociales, public\u00f3 una radio de Fernando y este respondi\u00f3 de manera directa: \u00abCon la pole position por la transmisi\u00f3n de radio privada asegurada, <b>\u00a1es hora de afinar la cobertura principal y llevar toda la emoci\u00f3n de la pista a los aficionados! \u00a1Vamos!\u00bb.<\/b><\/p>\n<p class=\"L6-news-detail__text\">Pues tras este comentario la F1 ha reaccionado y <b>ha publicado todos los adelantamientos de Fernando<\/b> en el Gran Premio de Singapur. Y no fueron pocos.<\/p>\n<p class=\"L6-news-detail__text\">Porque el asturiano fue elegido piloto del d\u00eda. Sus batallas fueron \u00e9picas tratando de remontar despu\u00e9s de la parada en boxes de m\u00e1s de ocho segundos del equipo Aston Martin.<\/p>\n<p class=\"L6-news-detail__text\">Su duelo con <b><a title=\"Isack Hadjar\" href=\"https:\/\/www.lasexta.com\/noticias\/deportes\/motor\/formula1\/hadjar-carga-alonso-singapur-disfruto-esa-pelea-esta-muy-malhumorado_2025100568e2af092aac281a5cbe70ce.html\" target=\"_blank\" rel=\"nofollow noopener\">Isack Hadjar<\/a><\/b> fue tremendo. Tambi\u00e9n su persecuci\u00f3n a un Lewis Hamilton sin frenos en la \u00faltima vuelta. Todo ello para finalizar en un brillante s\u00e9ptimo puesto, muy por encima de las expectativas de Aston Martin para el fin de semana. Una vez m\u00e1s.<\/p>\n<p class=\"L6-news-detail__text\"><b>\u00abNano y su Aston Martin han dado show en el callejero de Singapur\u00bb<\/b>, reza el mensaje de la F1.<\/p>\n<p class=\"L6-support-news-video__title\">No les gusta ir de copiloto<\/p>\n<p>            <a href=\"https:\/\/www.lasexta.com\/noticias\/deportes\/motor\/divertido-video-sainz-coche-rallyes-papa-cuidado_2025100268de7fab2aac281a5cb8ac14.html\" class=\"L6-news__link\" rel=\"nofollow noopener\" target=\"_blank\"><br \/>\n                El divertido v\u00eddeo de los Sainz en un coche de rallyes: \u00ab\u00a1Pap\u00e1, cuidado!\u00bb<\/p>\n<p class=\"recirculation-video-desc\">Sainz padre y Sainz hijo pilotaron el coche de rallyes&#8230; pero no lo pasaron nada bien cuando ten\u00edan que ir de copilotos.<\/p>\n<p>            <\/a><\/p>\n","protected":false},"excerpt":{"rendered":"La cr\u00edtica de Fernando Alonso a la F\u00f3rmula 1 ha dado sus frutos. La competici\u00f3n, a trav\u00e9s de&hellip;\n","protected":false},"author":2,"featured_media":160579,"comment_status":"","ping_status":"","sticky":false,"template":"","format":"standard","meta":{"footnotes":""},"categories":[270],"tags":[168,25,24,306,271,272,23,167],"class_list":{"0":"post-160578","1":"post","2":"type-post","3":"status-publish","4":"format-standard","5":"has-post-thumbnail","7":"category-formula-1","8":"tag-deportes","9":"tag-es","10":"tag-espana","11":"tag-f1","12":"tag-formula-1","13":"tag-formula1","14":"tag-spain","15":"tag-sports"},"share_on_mastodon":{"url":"","error":""},"_links":{"self":[{"href":"https:\/\/www.europesays.com\/es\/wp-json\/wp\/v2\/posts\/160578","targetHints":{"allow":["GET"]}}],"collection":[{"href":"https:\/\/www.europesays.com\/es\/wp-json\/wp\/v2\/posts"}],"about":[{"href":"https:\/\/www.europesays.com\/es\/wp-json\/wp\/v2\/types\/post"}],"author":[{"embeddable":true,"href":"https:\/\/www.europesays.com\/es\/wp-json\/wp\/v2\/users\/2"}],"replies":[{"embeddable":true,"href":"https:\/\/www.europesays.com\/es\/wp-json\/wp\/v2\/comments?post=160578"}],"version-history":[{"count":0,"href":"https:\/\/www.europesays.com\/es\/wp-json\/wp\/v2\/posts\/160578\/revisions"}],"wp:featuredmedia":[{"embeddable":true,"href":"https:\/\/www.europesays.com\/es\/wp-json\/wp\/v2\/media\/160579"}],"wp:attachment":[{"href":"https:\/\/www.europesays.com\/es\/wp-json\/wp\/v2\/media?parent=160578"}],"wp:term":[{"taxonomy":"category","embeddable":true,"href":"https:\/\/www.europesays.com\/es\/wp-json\/wp\/v2\/categories?post=160578"},{"taxonomy":"post_tag","embeddable":true,"href":"https:\/\/www.europesays.com\/es\/wp-json\/wp\/v2\/tags?post=160578"}],"curies":[{"name":"wp","href":"https:\/\/api.w.org\/{rel}","templated":true}]}}