{"id":160584,"date":"2025-10-07T08:12:08","date_gmt":"2025-10-07T08:12:08","guid":{"rendered":"https:\/\/www.europesays.com\/es\/160584\/"},"modified":"2025-10-07T08:12:08","modified_gmt":"2025-10-07T08:12:08","slug":"eduardo-mendoza-serrat-y-rosas-de-barcelona-llegaran-a-la-feria-del-libro-de-guadalajara","status":"publish","type":"post","link":"https:\/\/www.europesays.com\/es\/160584\/","title":{"rendered":"Eduardo Mendoza, Serrat y rosas de Barcelona llegar\u00e1n a la Feria del Libro de Guadalajara"},"content":{"rendered":"<p data-gtm-element-container=\"modulo-texto-link\" class=\"paragraph\">Guadalajara (M\u00e9xico), 7 oct (EFE).- Los escritores Eduardo Mendoza, Amin Maalouf, Chimamanda Ngozi y el m\u00fasico Joan Manuel Serrat encabezan el programa de actividades de la mexicana Feria Internacional del Libro (FIL) de Guadalajara que este a\u00f1o congregar\u00e1 a 800 autores y a la ciudad de Barcelona como invitada de honor, seg\u00fan anunciaron los organizadores este lunes.<\/p>\n<p data-gtm-element-container=\"modulo-texto-link\" class=\"paragraph\">En conferencia de prensa, el presidente de la feria, Trinidad Padilla L\u00f3pez, ha anunciado que del 29 de noviembre al 7 de diciembre han programado 3.000 actividades en el recinto ferial y otras sedes alternativas de la ciudad, con autoras y autores de 34 pa\u00edses que representan 20 lenguas.<\/p>\n<p data-gtm-element-container=\"modulo-texto-link\" class=\"paragraph\">Padilla L\u00f3pez ha se\u00f1alado que en la edici\u00f3n 39, Barcelona ser\u00e1 la invitada de honor como un reconocimiento a una ciudad con tradici\u00f3n literaria y se busca \u201creconocer a una capital creativa, multiling\u00fce, innovadora y profundamente comprometida con la cultura\u201d.<\/p>\n<p data-gtm-element-container=\"modulo-texto-link\" class=\"paragraph\">El escritor Eduardo Mendoza abrir\u00e1 el Sal\u00f3n Literario Carlos Fuentes y recibir\u00e1 la medalla conmemorativa, mientras que el liban\u00e9s Amin Maalouf recibir\u00e1 el Premio FIL de Literatura en Lenguas Romances 2025 en la ciudad de Guadalajara (oeste de M\u00e9xico).<\/p>\n<p data-gtm-element-container=\"modulo-texto-link\" class=\"paragraph\">Por su parte, la reconocida dramaturga y novelista nigeriana Chimamanda Ngozi Adichie sostendr\u00e1 un encuentro con lectoras y lectores.<\/p>\n<p data-gtm-element-container=\"modulo-texto-link\" class=\"paragraph\">Asimismo, la directora del certamen literario, Marisol Schulz, ha dado a conocer que ser\u00e1n presentados los libros &#8216;Antolog\u00eda personal&#8217;, del poeta Luis Garc\u00eda Montero y director del Instituto Cervantes; &#8216;El hombre&#8217;, del mexicano Guillermo Arriaga; &#8216;Morir en la arena&#8217;, del cubano Leonardo Padura y &#8216;Avenida 10 de julio&#8217; de la chilena Nona Fern\u00e1ndez.<\/p>\n<p data-gtm-element-container=\"modulo-texto-link\" class=\"paragraph\">Con dos mesas de di\u00e1logo, la mayor feria del libro en espa\u00f1ol recordar\u00e1 tambi\u00e9n al Premio Nobel de Literatura 2010, Mario Vargas Llosa, fallecido en abril pasado; mientras que el cantante Joaqu\u00edn Sabina recibir\u00e1 el doctorado &#8216;honoris causa&#8217; por la Universidad de Guadalajara, anfitriona de la feria.<\/p>\n<p data-gtm-element-container=\"modulo-texto-link\" class=\"paragraph\">El programa literario contar\u00e1 adem\u00e1s con la presencia de autoras y autores de distintas lenguas, como Jan Carson, de Reino Unido; Donatella Pietrantonio, de Italia; Horacio Castellanos, de El Salvador; Cristina Rivera Garza, de M\u00e9xico y Edmundo Paz Sold\u00e1n, de Bolivia, entre otras plumas.<\/p>\n<p data-gtm-element-container=\"modulo-texto-link\" class=\"paragraph\">Serrat, un barcelon\u00e9s m\u00e1s<\/p>\n<p data-gtm-element-container=\"modulo-texto-link\" class=\"paragraph\">Las rosas y los libros de Barcelona llegar\u00e1n a la FIL de Guadalajara con una delegaci\u00f3n encabezada por el cantante Joan Manuel Serrat y 70 escritoras y escritores tanto en castellano como en catal\u00e1n que mostrar\u00e1n la pujante industria editorial de la comunidad catalana.<\/p>\n<p data-gtm-element-container=\"modulo-texto-link\" class=\"paragraph\">En este sentido, Xavier Marc\u00e9, concejal de cultura e industrias del ayuntamiento de Barcelona, ha dicho que la capital catalana ha desplegado pol\u00edticas culturales s\u00f3lidas y consolidadas por lo que estar en la FIL es \u201cobligado culturalmente y leg\u00edtimo pol\u00edticamente\u201d.<\/p>\n<p data-gtm-element-container=\"modulo-texto-link\" class=\"paragraph\">Por su parte, Anna Guitart, curadora en jefe de la delegaci\u00f3n de Barcelona, ha detallado que Serrat viene no como m\u00fasico, sino como un barcelon\u00e9s m\u00e1s para tener un encuentro con j\u00f3venes de bachillerato y presentar\u00e1 el libro m\u00e1s reciente del narrador Jordi Soler.<\/p>\n<p data-gtm-element-container=\"modulo-texto-link\" class=\"paragraph\">Barcelona replicar\u00e1 en Guadalajara la fiesta de Sant Jordi y regalar\u00e1 rosas en la plaza llamada Rambla Catalu\u00f1a donde, adem\u00e1s, el p\u00fablico conocer\u00e1 a las y los escritores barceloneses.<\/p>\n<p data-gtm-element-container=\"modulo-texto-link\" class=\"paragraph\">Adem\u00e1s de los recitales en el Foro FIl encabezados por Love of Lesbian o Rigoberta Bandini, la delegaci\u00f3n desplegar\u00e1 exposiciones de artes pl\u00e1sticas, puestas en escena de danza y teatro, un ciclo de cine y una muestra gastron\u00f3mica.<\/p>\n<p data-gtm-element-container=\"modulo-texto-link\" class=\"paragraph\">Durante los nueve d\u00edas de actividades habr\u00e1 635 presentaciones de libros as\u00ed como la entrega de 32 premios y homenajes a los que se espera la asistencia de al menos 900.000 personas de todas las edades. EFE<\/p>\n<p data-gtm-element-container=\"modulo-texto-link\" class=\"paragraph\">gdl\/afs\/gad<\/p>\n<p data-gtm-element-container=\"modulo-texto-link\" class=\"paragraph\">(foto)(v\u00eddeo)<\/p>\n","protected":false},"excerpt":{"rendered":"Guadalajara (M\u00e9xico), 7 oct (EFE).- Los escritores Eduardo Mendoza, Amin Maalouf, Chimamanda Ngozi y el m\u00fasico Joan Manuel&hellip;\n","protected":false},"author":2,"featured_media":148726,"comment_status":"","ping_status":"","sticky":false,"template":"","format":"standard","meta":{"footnotes":""},"categories":[172],"tags":[224,146,147,25,24,225,23],"class_list":{"0":"post-160584","1":"post","2":"type-post","3":"status-publish","4":"format-standard","5":"has-post-thumbnail","7":"category-libros","8":"tag-books","9":"tag-entertainment","10":"tag-entretenimiento","11":"tag-es","12":"tag-espana","13":"tag-libros","14":"tag-spain"},"share_on_mastodon":{"url":"","error":""},"_links":{"self":[{"href":"https:\/\/www.europesays.com\/es\/wp-json\/wp\/v2\/posts\/160584","targetHints":{"allow":["GET"]}}],"collection":[{"href":"https:\/\/www.europesays.com\/es\/wp-json\/wp\/v2\/posts"}],"about":[{"href":"https:\/\/www.europesays.com\/es\/wp-json\/wp\/v2\/types\/post"}],"author":[{"embeddable":true,"href":"https:\/\/www.europesays.com\/es\/wp-json\/wp\/v2\/users\/2"}],"replies":[{"embeddable":true,"href":"https:\/\/www.europesays.com\/es\/wp-json\/wp\/v2\/comments?post=160584"}],"version-history":[{"count":0,"href":"https:\/\/www.europesays.com\/es\/wp-json\/wp\/v2\/posts\/160584\/revisions"}],"wp:featuredmedia":[{"embeddable":true,"href":"https:\/\/www.europesays.com\/es\/wp-json\/wp\/v2\/media\/148726"}],"wp:attachment":[{"href":"https:\/\/www.europesays.com\/es\/wp-json\/wp\/v2\/media?parent=160584"}],"wp:term":[{"taxonomy":"category","embeddable":true,"href":"https:\/\/www.europesays.com\/es\/wp-json\/wp\/v2\/categories?post=160584"},{"taxonomy":"post_tag","embeddable":true,"href":"https:\/\/www.europesays.com\/es\/wp-json\/wp\/v2\/tags?post=160584"}],"curies":[{"name":"wp","href":"https:\/\/api.w.org\/{rel}","templated":true}]}}