{"id":160593,"date":"2025-10-07T08:20:12","date_gmt":"2025-10-07T08:20:12","guid":{"rendered":"https:\/\/www.europesays.com\/es\/160593\/"},"modified":"2025-10-07T08:20:12","modified_gmt":"2025-10-07T08:20:12","slug":"sabadell-pide-a-la-cnmv-que-exija-un-compromiso-formal-a-quienes-manifiesten-publicamente-que-acudiran-a-la-opa-para-evitar-manipulaciones-de-mercado","status":"publish","type":"post","link":"https:\/\/www.europesays.com\/es\/160593\/","title":{"rendered":"Sabadell pide a la CNMV que exija un compromiso formal a quienes manifiesten p\u00fablicamente que acudir\u00e1n a la OPA para evitar \u00abmanipulaciones de mercado\u00bb"},"content":{"rendered":"<p class=\"ue-c-article__paragraph\">Banco Sabadell ha puesto por escrito lo que denunciaba ayer mismo su consejero delegado, C\u00e9sar Gonz\u00e1lez-Bueno, en relaci\u00f3n a la posibilidad de que existan inversores institucionales que p\u00fablicamente comuniquen su intenci\u00f3n de acudir a la OPA lanzada por BBVA, pero que, en realidad, su \u00fanico objetivo sea ejercer presi\u00f3n a los minoritarios para que suscriban el canje, superar el umbral del 30% y poder beneficiarse de una potencial segunda OPA que, te\u00f3ricamente, como m\u00ednimo, deber\u00eda lanzarse al precio de la actual. <\/p>\n<p class=\"ue-c-article__paragraph\">As\u00ed, seg\u00fan ha comunicado este martes Banco Sabadell, la entidad ha presentado un escrito ante la Comisi\u00f3n Nacional del Mercado de Valores (CNMV) en el que se le pide que adopte, \u00abde manera preventiva\u00bb, un \u00abcriterio p\u00fablico\u00bb que \u00abdeban cumplir todos aquellos accionistas de la entidad que quieran hacer p\u00fablicas sus intenciones sobre la OPA\u00bb de BBVA, con el objetivo de \u00abevitar potenciales manipulaciones de mercado\u00bb. En ese documento, la entidad que preside Josep Oliu quiere que se haga constar la participaci\u00f3n total de estos inversores y que se comprometan por escrito a que efectivamente acudir\u00e1n a la operaci\u00f3n, si es que lo han dicho p\u00fablicamente, y con qu\u00e9 porcentaje de sus acciones acudir\u00e1n. El objetivo, dice el banco, es asegurarse de que \u00abcumplen lo anunciado\u00bb. <\/p>\n<p class=\"ue-c-article__paragraph\">\u00abEste tipo de actuaciones, particularmente si estos inversores no acudiesen finalmente con todas o parte de sus acciones de Banco Sabadell a esta primera OPA, <strong>podr\u00edan ser constitutivas de manipulaci\u00f3n de mercado, por emitir indicios o se\u00f1ales falsas o enga\u00f1osas<\/strong> a cuenta de la oferta o demanda de acciones de Banco Sabadell\u00bb, asegura la entidad catalana.<\/p>\n<p class=\"ue-c-article__paragraph\">La entidad tambi\u00e9n ha solicitado a la CNMV que \u00abse corrija de inmediato\u00bb la actuaci\u00f3n particular de cualquier accionista que haya manifestado ya p\u00fablicamente su intenci\u00f3n de acudir a la OPA, con el objetivo de que aporte toda la informaci\u00f3n que permita a los inversores \u00abdisponer de los elementos de juicio necesarios para una adecuada comprensi\u00f3n de la posible motivaci\u00f3n de la comunicaci\u00f3n\u00bb.<\/p>\n<p class=\"ue-c-article__paragraph\">Hasta la fecha tan solo ha habido dos accionistas que han manifestado p\u00fablicamente su intenci\u00f3n de suscribir la OPA. El primero y m\u00e1s relevante es <a href=\"https:\/\/www.elmundo.es\/economia\/empresas\/2025\/10\/01\/68dc13cb21efa0b02d8b456e.html\" rel=\"nofollow noopener\" target=\"_blank\">David Mart\u00ednez, un empresario mexicano y fundador de Fintech Europe,<\/a> que es el tercer mayor inversor del banco con el 3,86% del capital; y el fondo Algebris Investments, que posee el 0,05%, un porcentaje residual, pero es el \u00fanico al que menciona el banco en su comunicado. La relaci\u00f3n con Mart\u00ednez, que la c\u00fapula del Sabadell siempre ha definido como cordial, no pasa no por su mejor momento desde que el inversor comunic\u00f3 d\u00edas antes de que se celebrara el segundo consejo de administraci\u00f3n del banco para valorar la OPA su intenci\u00f3n de acudir y canjear sus acciones por las de BBVA. \u00abTras el anuncio realizado por Algebris Investments con respecto al canje, Banco Sabadell ha pedido al supervisor que cualquier nueva comunicaci\u00f3n p\u00fablica contenga toda la informaci\u00f3n relevante para asegurarse de que, efectivamente, hacen lo que comunican y no manipulan el mercado\u00bb, se\u00f1ala espec\u00edficamente en una nota de prensa el banco catal\u00e1n.<\/p>\n<p class=\"ue-c-article__paragraph\"><a href=\"https:\/\/www.elmundo.es\/economia\/empresas\/2025\/10\/06\/68e39e4e21efa05b4e8b45b2.html\" rel=\"nofollow noopener\" target=\"_blank\">\u00abSi surge alguna liebre que diga que va a ir, pues que lo haga irrevocable <\/a>para que tengamos la certeza de que no est\u00e1n intentando arrastrar al mercado y quedarse ellos a la segunda OPA\u00bb, afirm\u00f3 ayer Gonz\u00e1lez-Bueno durante su intervenci\u00f3n en el XVI Encuentro Financiero Expansi\u00f3n-KPMG. En todo caso, Sabadell espera que en los pr\u00f3ximos d\u00edas salte alguna de esas \u00abliebres\u00bb de entre los grandes fondos.<\/p>\n<p class=\"ue-c-article__paragraph\">En cualquier caso, el banco cree que BBVA no lograr\u00e1 batir el 30% de respaldo a su OPA, seg\u00fan sus c\u00e1lculos. \u00abRozar el poste del 30% es extraordinariamente dif\u00edcil\u00bb, apunt\u00f3 Gonz\u00e1lez-Bueno. \u00abCuando tiras tan cerca del poste en una OPA hostil para comprar barato no te salen los n\u00fameros. El precio es muy malo\u00bb, volvi\u00f3 a insistir el directivo de Sabadell.<\/p>\n","protected":false},"excerpt":{"rendered":"Banco Sabadell ha puesto por escrito lo que denunciaba ayer mismo su consejero delegado, C\u00e9sar Gonz\u00e1lez-Bueno, en relaci\u00f3n&hellip;\n","protected":false},"author":2,"featured_media":160594,"comment_status":"","ping_status":"","sticky":false,"template":"","format":"standard","meta":{"footnotes":""},"categories":[80],"tags":[82,95,21199,94,25,24,23],"class_list":{"0":"post-160593","1":"post","2":"type-post","3":"status-publish","4":"format-standard","5":"has-post-thumbnail","7":"category-economia","8":"tag-business","9":"tag-economia","10":"tag-economia-empresas","11":"tag-economy","12":"tag-es","13":"tag-espana","14":"tag-spain"},"share_on_mastodon":{"url":"","error":""},"_links":{"self":[{"href":"https:\/\/www.europesays.com\/es\/wp-json\/wp\/v2\/posts\/160593","targetHints":{"allow":["GET"]}}],"collection":[{"href":"https:\/\/www.europesays.com\/es\/wp-json\/wp\/v2\/posts"}],"about":[{"href":"https:\/\/www.europesays.com\/es\/wp-json\/wp\/v2\/types\/post"}],"author":[{"embeddable":true,"href":"https:\/\/www.europesays.com\/es\/wp-json\/wp\/v2\/users\/2"}],"replies":[{"embeddable":true,"href":"https:\/\/www.europesays.com\/es\/wp-json\/wp\/v2\/comments?post=160593"}],"version-history":[{"count":0,"href":"https:\/\/www.europesays.com\/es\/wp-json\/wp\/v2\/posts\/160593\/revisions"}],"wp:featuredmedia":[{"embeddable":true,"href":"https:\/\/www.europesays.com\/es\/wp-json\/wp\/v2\/media\/160594"}],"wp:attachment":[{"href":"https:\/\/www.europesays.com\/es\/wp-json\/wp\/v2\/media?parent=160593"}],"wp:term":[{"taxonomy":"category","embeddable":true,"href":"https:\/\/www.europesays.com\/es\/wp-json\/wp\/v2\/categories?post=160593"},{"taxonomy":"post_tag","embeddable":true,"href":"https:\/\/www.europesays.com\/es\/wp-json\/wp\/v2\/tags?post=160593"}],"curies":[{"name":"wp","href":"https:\/\/api.w.org\/{rel}","templated":true}]}}