{"id":160603,"date":"2025-10-07T08:25:17","date_gmt":"2025-10-07T08:25:17","guid":{"rendered":"https:\/\/www.europesays.com\/es\/160603\/"},"modified":"2025-10-07T08:25:17","modified_gmt":"2025-10-07T08:25:17","slug":"3-decadas-el-financiero","status":"publish","type":"post","link":"https:\/\/www.europesays.com\/es\/160603\/","title":{"rendered":"3 d\u00e9cadas \u2013 El Financiero"},"content":{"rendered":"<p class=\"c-paragraph\">Matador vio la luz en septiembre de 1995 y, salvo que la diputada de Xico me rebata, hemos cumplido 30 a\u00f1os editando toros. Todo comenz\u00f3 como aficionados a la fiesta brava, con 27 a\u00f1os y el \u00edmpetu de aportar un grano de arena a esta maravillosa cultura. El Redondel, en su versi\u00f3n de peri\u00f3dico \u2014la mejor\u2014 y luego revista, hab\u00eda desaparecido; 6 Toros 6 tuvo una fugaz presencia en M\u00e9xico. Ese vac\u00edo abri\u00f3 una oportunidad y nos marc\u00f3 una misi\u00f3n.<\/p>\n<p class=\"c-paragraph\">As\u00ed fue como mi compadre Jos\u00e9 Antonio Trueba, Carlos Quintana y Pedro Vargas III nos echamos al ruedo, sin mayor experiencia editorial que las ganas de hacer las cosas bien. Por entonces, las marcas de consumo abrazaban nuestras tradiciones sin miedo ni complejos, sin el pavor actual a las redes sociales, que evidentemente no exist\u00edan y permit\u00edan trabajar con mayor sensatez. H\u00e9ctor Lebrija, Lourdes Ariza, Pepe Marr\u00f3n y otros directivos sin prejuicios respaldaron el proyecto. Grupo Modelo, Casa Pedro Domecq, Afore Banamex, Cigarros Delicados, Brandy Quijote, Telmex, Sastrer\u00eda Justo Algaba y toreros como la rejoneadora M\u00f3nica Serrano apoyaron mes con mes durante los nueve a\u00f1os que dur\u00f3 la primera etapa mensual de Matador.<\/p>\n<p class=\"c-paragraph\">En aquellos tiempos la tecnolog\u00eda digital para dise\u00f1ar, fotografiar, editar im\u00e1genes e imprimir era muy limitada. Fue un esfuerzo enorme en el que, tras la salida de Carlos Quintana y Pedro Vargas, se sumaron Carlos Allende y Pablo Amaya.<\/p>\n<p class=\"c-paragraph\">Llegaron despu\u00e9s los a\u00f1os cobardes de la mercadotecnia: las adquisiciones internacionales fueron dando la espalda, poco a poco, a nuestra cultura y tradiciones, y los anunciantes huyeron. Con todo y todo seguimos adelante, batallando, pero con la misma ilusi\u00f3n y pasi\u00f3n por los toros.<\/p>\n<p class=\"c-paragraph\">En 2009 cambiamos el formato: de edici\u00f3n mensual nacional pasamos al anuario de lujo, gracias \u2014y hay que decirlo\u2014 a una iniciativa del Dr. Herrer\u00edas, el mismo que tanto nos complic\u00f3 la vida y que, lejos de sumar, siempre estuvo jodiendo. Cosas del toro. Ese primer a\u00f1o cumpli\u00f3, pag\u00f3 y se hizo a un lado por voluntad propia. Desde entonces, el Anuario Matador no ha dejado de editarse con la informaci\u00f3n de la Plaza M\u00e9xico.<\/p>\n<p class=\"c-paragraph\">La calidad que ofrecemos va de la mano con las herramientas tecnol\u00f3gicas para fotograf\u00eda, dise\u00f1o e impresi\u00f3n que hoy tenemos. Estas 14 ediciones han sido un lujo en formato, contenido y presentaci\u00f3n.<\/p>\n<p class=\"c-paragraph\">A este proyecto se sumaron en esta etapa anual, grandes profesionales de la lente e importantes patrocinadores como GNP, Bodegas Alianza, Labastida Cigars, Banco Santander, Casillero del Diablo, el maestro Pablo Hermoso de Mendoza, Casa Toreros, Feria Toro, Brandy Torres, el Fomento Cultural Tauromaquia Hispanoamericana, toreros como Tarik Oth\u00f3n, El Payo, Diego Silveti, Calita, Roca Rey, Guillermo Hermoso de Mendoza, M\u00f3nica Serrano, Stefan\u00eda Uribe, Fauro Aloi, Cuauht\u00e9moc Ayala, Bruno Aloi, los poderdantes de EMSA, la empresa de la Plaza M\u00e9xico, Sergio Flores, la ganader\u00eda de Caparica, entre muchos otros. A todos los que han estado una o en todas las ediciones les agradezco profundamente la confianza, el respeto editorial y el apoyo. Tambi\u00e9n a las plumas que a\u00f1o con a\u00f1o han sumado editoriales llenos de pasi\u00f3n y amor por la fiesta de los toros.<\/p>\n<p class=\"c-paragraph\">Sabemos que la Monumental Plaza de Toros M\u00e9xico cumplir\u00e1 en 2026, 80 a\u00f1os de inaugurada. De esas ocho d\u00e9cadas, Matador ha cubierto 14 temporadas, considerando la ausencia por la pandemia, el cierre de 622 d\u00edas hace unos a\u00f1os y ahora la atrocidad impuesta por legisladores locales en un intercambio de favores con el nefasto Sesma y dirigidos por la incompetente Brugada.<\/p>\n<p class=\"c-paragraph\">Hoy Matador tiene la mirada puesta en el Anuario 2026: volveremos a dar cobertura con el mismo enfoque editorial con que lo hac\u00edamos en La M\u00e9xico, ahora en las plazas y ferias m\u00e1s importantes del pa\u00eds.<\/p>\n<p class=\"c-paragraph\">Nuestra cobertura estar\u00e1 en Aguascalientes, Le\u00f3n, Guadalajara, Monterrey, Irapuato, Ciudad Ju\u00e1rez, Pachuca, San Miguel de Allende, Tlaxcala, Juriquilla, Autl\u00e1n de la Grana, Cedral y en todas aquellas donde se ofrezcan toros, fiesta y cultura, siempre exigiendo libertad y respeto.<\/p>\n<p class=\"c-paragraph\">Gracias a todos. Gracias a usted por leer de toros. Gracias a mi casa El Financiero. Llevamos ya 553 columnas en este peri\u00f3dico y contando. Toca pelear, seguir con valor y respeto, trabajando a favor de esta maravillosa cultura que el pr\u00f3ximo a\u00f1o cumplir\u00e1 500 a\u00f1os desde el primer festejo taurino celebrado en la Ciudad de M\u00e9xico. Defendiendo nuestra libertad.<\/p>\n","protected":false},"excerpt":{"rendered":"Matador vio la luz en septiembre de 1995 y, salvo que la diputada de Xico me rebata, hemos&hellip;\n","protected":false},"author":2,"featured_media":160604,"comment_status":"","ping_status":"","sticky":false,"template":"","format":"standard","meta":{"footnotes":""},"categories":[277],"tags":[47717,47715,14875,373,47713,168,25,24,47712,2940,47714,29349,47716,47711,23,167,374],"class_list":{"0":"post-160603","1":"post","2":"type-post","3":"status-publish","4":"format-standard","5":"has-post-thumbnail","7":"category-toreo","8":"tag-que-es-la-fiesta-brava-en-mexico","9":"tag-quien-es-rafael-cue","10":"tag-anuario-matador","11":"tag-bullfighting","12":"tag-david-silveti","13":"tag-deportes","14":"tag-es","15":"tag-espana","16":"tag-guillermo-hermoso-de-mendoz","17":"tag-khp","18":"tag-monumental-plaza-de-toros-mexico-80-anos","19":"tag-pablo-hermoso-de-mendoza","20":"tag-rafael-cue","21":"tag-revista-matador-rafael-cue","22":"tag-spain","23":"tag-sports","24":"tag-toreo"},"share_on_mastodon":{"url":"","error":""},"_links":{"self":[{"href":"https:\/\/www.europesays.com\/es\/wp-json\/wp\/v2\/posts\/160603","targetHints":{"allow":["GET"]}}],"collection":[{"href":"https:\/\/www.europesays.com\/es\/wp-json\/wp\/v2\/posts"}],"about":[{"href":"https:\/\/www.europesays.com\/es\/wp-json\/wp\/v2\/types\/post"}],"author":[{"embeddable":true,"href":"https:\/\/www.europesays.com\/es\/wp-json\/wp\/v2\/users\/2"}],"replies":[{"embeddable":true,"href":"https:\/\/www.europesays.com\/es\/wp-json\/wp\/v2\/comments?post=160603"}],"version-history":[{"count":0,"href":"https:\/\/www.europesays.com\/es\/wp-json\/wp\/v2\/posts\/160603\/revisions"}],"wp:featuredmedia":[{"embeddable":true,"href":"https:\/\/www.europesays.com\/es\/wp-json\/wp\/v2\/media\/160604"}],"wp:attachment":[{"href":"https:\/\/www.europesays.com\/es\/wp-json\/wp\/v2\/media?parent=160603"}],"wp:term":[{"taxonomy":"category","embeddable":true,"href":"https:\/\/www.europesays.com\/es\/wp-json\/wp\/v2\/categories?post=160603"},{"taxonomy":"post_tag","embeddable":true,"href":"https:\/\/www.europesays.com\/es\/wp-json\/wp\/v2\/tags?post=160603"}],"curies":[{"name":"wp","href":"https:\/\/api.w.org\/{rel}","templated":true}]}}