{"id":160618,"date":"2025-10-07T08:44:08","date_gmt":"2025-10-07T08:44:08","guid":{"rendered":"https:\/\/www.europesays.com\/es\/160618\/"},"modified":"2025-10-07T08:44:08","modified_gmt":"2025-10-07T08:44:08","slug":"la-eterna-crisis-politica-de-francia-lecornu-dimite-y-macron-amenaza-con-elecciones-el-pais-expres","status":"publish","type":"post","link":"https:\/\/www.europesays.com\/es\/160618\/","title":{"rendered":"La eterna crisis pol\u00edtica de Francia: Lecornu dimite y Macron amenaza con elecciones | El PA\u00cdS Expr\u00e9s"},"content":{"rendered":"<p><img fetchpriority=\"high\" decoding=\"auto\" class=\"_re  a_m-h\" height=\"414\"  width=\"414\"  src=\"https:\/\/www.europesays.com\/es\/wp-content\/uploads\/2025\/10\/CAHITDT3XRHRRMZ2NNWO4HIZ64.JPG\" loading=\"eager\"\/>French outgoing Prime Minister Sebastien Lecornu, who presented his government&#8217;s resignation to the French president this morning, delivers a statement at the Hotel Matignon in Paris, France, October 6, 2025. REUTERS\/Stephane Mahe\/PoolFoto: Stephane Mahe (Reuters)<\/p>\n<p class=\"\">El primer ministro franc\u00e9s, S\u00e9bastien Lecornu, present\u00f3 el lunes su dimisi\u00f3n apenas unas horas despu\u00e9s de anunciar la composici\u00f3n de su Gobierno. Ante esta nueva muestra de inestabilidad pol\u00edtica, el presidente, Emmanuel Macron, amenaz\u00f3 con convocar elecciones legislativas.<\/p>\n<ul>\n<li>La renuncia de Lecornu lo convierte en el jefe del Ejecutivo m\u00e1s breve de la historia de Francia.<\/li>\n<li>Asumi\u00f3 el cargo el 10 de septiembre, tras la ca\u00edda de Fran\u00e7ois Bayrou, derrotado en una moci\u00f3n de confianza.<\/li>\n<\/ul>\n<p class=\"\"><b>El detonante ha sido la composici\u00f3n de su gabinete:<\/b> de los 18 ministros anunciados, 13 repet\u00edan del Ejecutivo anterior. La falta de caras nuevas desat\u00f3 el rechazo de socialistas, republicanos y de la izquierda de M\u00e9lenchon.<\/p>\n<ul>\n<li>Lecornu explic\u00f3 que \u201cya no se daban las condiciones para gobernar\u201d por el bloqueo de los partidos, la falta de una mayor\u00eda parlamentaria y la dificultad de formar un gobierno.<\/li>\n<\/ul>\n<p class=\"\"><b>\u00bfY ahora qu\u00e9? <\/b>Esta dimisi\u00f3n deja a Francia de nuevo en un escenario de bloqueo. <\/p>\n<ul>\n<li>Con este panorama, Macron ha dado dos d\u00edas de plazo a los partidos para que se pongan de acuerdo y as\u00ed evitar unas nuevas elecciones legislativas. <\/li>\n<li>Francia lleva desde el verano de 2024 sumida en la inestabilidad pol\u00edtica, desde que el jefe del Estado llam\u00f3 a las urnas y de ah\u00ed sali\u00f3 un Parlamento muy fragmentado.<\/li>\n<\/ul>\n<p class=\"\">\u00a9Foto: Stephane Mahe (Reuters)<\/p>\n<p class=\"\"><a href=\"https:\/\/elpais.com\/internacional\/2025-10-06\/dimite-el-primer-ministro-de-francia-sebastien-lecornu-un-dia-despues-de-anunciar-el-gobierno.html\" target=\"_self\" rel=\"nofollow noopener\" title=\"https:\/\/elpais.com\/internacional\/2025-10-06\/dimite-el-primer-ministro-de-francia-sebastien-lecornu-un-dia-despues-de-anunciar-el-gobierno.html\">Si quieres saber m\u00e1s, puedes leer aqu\u00ed.<\/a><\/p>\n","protected":false},"excerpt":{"rendered":"French outgoing Prime Minister Sebastien Lecornu, who presented his government&#8217;s resignation to the French president this morning, delivers&hellip;\n","protected":false},"author":2,"featured_media":160619,"comment_status":"","ping_status":"","sticky":false,"template":"","format":"standard","meta":{"footnotes":""},"categories":[42],"tags":[17,18,10831,730,13,14,317,32277,11,61,62,63,64,19,20,9,10,15,16,1670,40457,12,21,22,65,66,67],"class_list":{"0":"post-160618","1":"post","2":"type-post","3":"status-publish","4":"format-standard","5":"has-post-thumbnail","7":"category-internacional","8":"tag-breaking-news","9":"tag-breakingnews","10":"tag-dimisiones-politicas","11":"tag-emmanuel-macron","12":"tag-featured-news","13":"tag-featurednews","14":"tag-francia","15":"tag-francois-bayrou","16":"tag-headlines","17":"tag-internacional","18":"tag-international","19":"tag-international-news","20":"tag-internationalnews","21":"tag-latest-news","22":"tag-latestnews","23":"tag-news","24":"tag-noticias","25":"tag-noticias-destacadas","26":"tag-noticiasdestacadas","27":"tag-politicos","28":"tag-sebastien-lecornu","29":"tag-titulares","30":"tag-ultimas-noticias","31":"tag-ultimasnoticias","32":"tag-world","33":"tag-world-news","34":"tag-worldnews"},"share_on_mastodon":{"url":"","error":""},"_links":{"self":[{"href":"https:\/\/www.europesays.com\/es\/wp-json\/wp\/v2\/posts\/160618","targetHints":{"allow":["GET"]}}],"collection":[{"href":"https:\/\/www.europesays.com\/es\/wp-json\/wp\/v2\/posts"}],"about":[{"href":"https:\/\/www.europesays.com\/es\/wp-json\/wp\/v2\/types\/post"}],"author":[{"embeddable":true,"href":"https:\/\/www.europesays.com\/es\/wp-json\/wp\/v2\/users\/2"}],"replies":[{"embeddable":true,"href":"https:\/\/www.europesays.com\/es\/wp-json\/wp\/v2\/comments?post=160618"}],"version-history":[{"count":0,"href":"https:\/\/www.europesays.com\/es\/wp-json\/wp\/v2\/posts\/160618\/revisions"}],"wp:featuredmedia":[{"embeddable":true,"href":"https:\/\/www.europesays.com\/es\/wp-json\/wp\/v2\/media\/160619"}],"wp:attachment":[{"href":"https:\/\/www.europesays.com\/es\/wp-json\/wp\/v2\/media?parent=160618"}],"wp:term":[{"taxonomy":"category","embeddable":true,"href":"https:\/\/www.europesays.com\/es\/wp-json\/wp\/v2\/categories?post=160618"},{"taxonomy":"post_tag","embeddable":true,"href":"https:\/\/www.europesays.com\/es\/wp-json\/wp\/v2\/tags?post=160618"}],"curies":[{"name":"wp","href":"https:\/\/api.w.org\/{rel}","templated":true}]}}