{"id":160654,"date":"2025-10-07T09:17:17","date_gmt":"2025-10-07T09:17:17","guid":{"rendered":"https:\/\/www.europesays.com\/es\/160654\/"},"modified":"2025-10-07T09:17:17","modified_gmt":"2025-10-07T09:17:17","slug":"la-liga-nacional-de-basquetbol-noticia","status":"publish","type":"post","link":"https:\/\/www.europesays.com\/es\/160654\/","title":{"rendered":"La Liga Nacional de B\u00e1squetbol | Noticia"},"content":{"rendered":"<p style=\"text-align: justify;\">&#13;<br \/>\n&#13;<br \/>\nEn un evento realizado en las instalaciones del estadio Socios Fundadores, el&#13;<br \/>\nconjunto patag\u00f3nico llev\u00f3 a cabo una presentaci\u00f3n frente a los fan\u00e1ticos y a&#13;<br \/>\nlos sponsors, donde se realiz\u00f3 la presentaci\u00f3n del plantel profesional junto a&#13;<br \/>\nla nueva camiseta, inspirada al campeonato obtenido en edici\u00f3n 05-06 de La Liga&#13;<br \/>\nNacional.&#13;\n<\/p>\n<p style=\"text-align: justify;\">&#13;<br \/>\nLa camiseta que utilizar\u00e1 Gimnasia esta temporada retoma un dise\u00f1o cl\u00e1sico, el&#13;<br \/>\nmodelo local en color verde, con franjas blancas en los laterales que llevan la&#13;<br \/>\nleyenda Comodoro. Para los partidos de visitante regresa la tradicional&#13;<br \/>\ncamiseta blanca, con los mismos detalles que la local y el agregado especial&#13;<br \/>\ndel logo conmemorativo por los 20 a\u00f1os de la obtenci\u00f3n de la Liga Nacional,&#13;<br \/>\nubicado en la parte trasera.&#13;\n<\/p>\n<p style=\"text-align: justify;\">&#13;<br \/>\nEl plantel para la nueva temporada est\u00e1 conformado por: Mauro Cosolito,&#13;<br \/>\nFederico Grun, Sebasti\u00e1n Carrasco, Emiliano Toretta, Martiniano Dato, Marcos&#13;<br \/>\nChac\u00f3n, Juan C\u00e1rdenas, Anyelo Cisneros, Carlos Rivero y V\u00edctor Andrade Toyo. A&#13;<br \/>\nellos se suman los juveniles Jos\u00e9 Ignacio Copesky, Valentino Ayala y Jes\u00fas&#13;<br \/>\nCenteno.&#13;<br \/>\n&#13;<br \/>\nEl cuerpo t\u00e9cnico lo integran: Pablo Favarel director t\u00e9cnico, Guido Lombardi y&#13;<br \/>\nGustavo Sapochnik como asistentes, Juan Ercoreca como preparador f\u00edsico y&#13;<br \/>\nMarcelo Guitin como utilero.&#13;\n<\/p>\n<p style=\"text-align: justify;\">&#13;<br \/>\nGimnasia debutar\u00e1 en la Liga este viernes 3 de octubre ante San Mart\u00edn de&#13;<br \/>\nCorrientes, a partir de las 20:30hs, en el estadio Socios Fundadores.&#13;\n<\/p>\n<p style=\"text-align: justify;\"><strong>Informe y fotos:<\/strong> Departamento&#13;<br \/>\nde prensa del Club Gimnasia y Esgrima de Comodoro Rivadavia.<\/p>\n","protected":false},"excerpt":{"rendered":"&#13; &#13; En un evento realizado en las instalaciones del estadio Socios Fundadores, el&#13; conjunto patag\u00f3nico llev\u00f3 a&hellip;\n","protected":false},"author":2,"featured_media":160655,"comment_status":"","ping_status":"","sticky":false,"template":"","format":"standard","meta":{"footnotes":""},"categories":[269],"tags":[299,298,168,25,24,47724,7080,5285,23,167],"class_list":{"0":"post-160654","1":"post","2":"type-post","3":"status-publish","4":"format-standard","5":"has-post-thumbnail","7":"category-baloncesto","8":"tag-baloncesto","9":"tag-basketball","10":"tag-deportes","11":"tag-es","12":"tag-espana","13":"tag-gimnasia-present-al-plantel-y-su-camiseta-para-la-temporada-2025-26","14":"tag-noticia","15":"tag-novedades","16":"tag-spain","17":"tag-sports"},"share_on_mastodon":{"url":"","error":""},"_links":{"self":[{"href":"https:\/\/www.europesays.com\/es\/wp-json\/wp\/v2\/posts\/160654","targetHints":{"allow":["GET"]}}],"collection":[{"href":"https:\/\/www.europesays.com\/es\/wp-json\/wp\/v2\/posts"}],"about":[{"href":"https:\/\/www.europesays.com\/es\/wp-json\/wp\/v2\/types\/post"}],"author":[{"embeddable":true,"href":"https:\/\/www.europesays.com\/es\/wp-json\/wp\/v2\/users\/2"}],"replies":[{"embeddable":true,"href":"https:\/\/www.europesays.com\/es\/wp-json\/wp\/v2\/comments?post=160654"}],"version-history":[{"count":0,"href":"https:\/\/www.europesays.com\/es\/wp-json\/wp\/v2\/posts\/160654\/revisions"}],"wp:featuredmedia":[{"embeddable":true,"href":"https:\/\/www.europesays.com\/es\/wp-json\/wp\/v2\/media\/160655"}],"wp:attachment":[{"href":"https:\/\/www.europesays.com\/es\/wp-json\/wp\/v2\/media?parent=160654"}],"wp:term":[{"taxonomy":"category","embeddable":true,"href":"https:\/\/www.europesays.com\/es\/wp-json\/wp\/v2\/categories?post=160654"},{"taxonomy":"post_tag","embeddable":true,"href":"https:\/\/www.europesays.com\/es\/wp-json\/wp\/v2\/tags?post=160654"}],"curies":[{"name":"wp","href":"https:\/\/api.w.org\/{rel}","templated":true}]}}