{"id":160713,"date":"2025-10-07T10:04:25","date_gmt":"2025-10-07T10:04:25","guid":{"rendered":"https:\/\/www.europesays.com\/es\/160713\/"},"modified":"2025-10-07T10:04:25","modified_gmt":"2025-10-07T10:04:25","slug":"fran-merida-35-anos-el-exfutbolista-recuerda-el-dia-que-el-barca-le-llevo-a-juicio-fue-un-dia-desagradable","status":"publish","type":"post","link":"https:\/\/www.europesays.com\/es\/160713\/","title":{"rendered":"Fran M\u00e9rida, 35 a\u00f1os, el exfutbolista recuerda el d\u00eda que el Bar\u00e7a le llev\u00f3 a juicio: \u00abFue un d\u00eda desagradable\u00bb"},"content":{"rendered":"<p class=\"ft-text\">El <strong>9 de octubre de 2007<\/strong>, sal\u00eda a la luz la resoluci\u00f3n del juicio entre el <strong>Bar\u00e7a <\/strong>y el <strong>Arsenal<\/strong>. El motivo, era claro: <strong>el Bar\u00e7a reclamaba los derechos de formaci\u00f3n de uno de los jugadores de su cantera. <\/strong>El nombre era <strong>Fran M\u00e9rida<\/strong>, una de las grandes promesas del club en ese momento y que compart\u00eda vestuario, ni m\u00e1s ni menos, que con <strong>Bojan Krkic.<\/strong><\/p>\n<p class=\"ft-text\">\u00abYo llevaba 8 a\u00f1os en la cantera y jugaba mucho. Ve\u00eda que se me daba bien el f\u00fatbol. En aquel momento no jugaba pensando que iba a llegar a Primera Divisi\u00f3n. En mi generaci\u00f3n, el que m\u00e1s destacaba era Bojan. Con 17 a\u00f1os, \u00e9l jugaba en la Sub-21, iba muy sobrado. Tambi\u00e9n estuve con Iago Falqu\u00e9&#8230; era muy bueno\u00bb, contaba Fran M\u00e9rida en el p\u00f3dcast &#8216;Los Fulanos&#8217;.<\/p>\n<p class=\"ft-text\">M\u00e9rida entr\u00f3 en los equipos inferiores del\u00a0FC Barcelona\u00a0con 8 a\u00f1os, pero dej\u00f3 el club en septiembre de 2005 y <strong>se march\u00f3 al\u00a0Arsenal\u00a0sin recibir su equipo anterior ninguna compensaci\u00f3n econ\u00f3mica<\/strong>, tal y como sucedi\u00f3 anteriormente con<strong>\u00a0Cesc F\u00e0bregas<\/strong>, ya que ninguno de los dos hab\u00eda firmado contrato profesional con el club catal\u00e1n.<\/p>\n<p>El Bar\u00e7a reclamaba sus derechos de formaci\u00f3n<\/p>\n<p class=\"ft-text\">Todo gir\u00f3 el 9 de octubre de 2007, cuando M\u00e9rida fue obligado por los juzgados a pagar una<strong> indemnizaci\u00f3n de 3,2 millones de euros al FC Barcelona como compensaci\u00f3n por no cumplir el acuerdo firmado en un precontrato<\/strong>. La decisi\u00f3n podr\u00eda haber tenido serias implicaciones en clubes ingleses, donde los jugadores pueden firmar contratos profesionales con 16 a\u00f1os, dos antes que en Espa\u00f1a.<strong> Tambi\u00e9n, por los derechos de formaci\u00f3n, en los que el club azulgrana le reclamaba a Fran y al Arsenal una indemnizaci\u00f3n. <\/strong><\/p>\n<p class=\"ft-text\">\u00abA nosotros nos reun\u00edan a\u00f1o a a\u00f1o en el club para decirnos si continu\u00e1bamos. Una situaci\u00f3n inc\u00f3moda, ten\u00edas que ir con tus padres a escuchar la decisi\u00f3n del club. <strong>En ese momento yo quedo libre, pero llega una denuncia del Barcelona.<\/strong> Tuvieron que ir mis padres a juicio porque yo era menor. Recuerdo ese d\u00eda, en el que yo estuve presente pero fuera de la puerta de los juzgados y fue un d\u00eda muy desagradable. <strong>Ten\u00eda a mis padres ah\u00ed dentro y a m\u00ed me daba miedo pensar que les pod\u00eda suceder algo\u00bb<\/strong>, contaba Fran M\u00e9rida.<\/p>\n<p class=\"ft-text\"><strong>\u00abEl Bar\u00e7a reclam\u00f3 derechos de formaci\u00f3n hacia el Arsenal y tuvo que pagar una cantidad de 2,5 millones aproximadamente, entre dos y tres millones de euros<\/strong>. Me acuerdo en aquel momento que, mi padre, llam\u00f3 a Francis Cagigao y le dijo:<strong> &#8216;A ver, nosotros no tenemos ese dinero&#8217;. Y el Arsenal se hizo cargo sin ning\u00fan problema<\/strong>. El Bar\u00e7a se puso en contra del Arsenal, no m\u00eda, pero mis padres ten\u00edan que ir a declarar en mi nombre\u00bb, dec\u00eda Fran.<\/p>\n<p>La decisi\u00f3n de dejar La Mas\u00eda y la cumbre con Ars\u00e8ne Wenger en su oficina<\/p>\n<p class=\"ft-text\">El centrocampista tom\u00f3 la valiente decisi\u00f3n de marcharse lejos de casa. <strong>Se fue rumbo a Londres<\/strong>, en busca de ampliar sus posibilidades de llegar a la primera divisi\u00f3n. \u00ab<strong>Me fui al Arsenal porque ve\u00eda que me iban a dar la oportunidad de ser profesional, cosa que en el Bar\u00e7a era muy complicado porque se firmaba a mucha gente de fuera<\/strong>. Las cifras ya cambiaron, fueron barbaridades, pero realmente era mi sue\u00f1o poder llegar al f\u00fatbol profesional\u00bb, dec\u00eda.<\/p>\n<p class=\"ft-text\">\u00ab<strong>Ars\u00e8ne Wenger nos cit\u00f3 en su oficina a m\u00ed y a mi familia.<\/strong> \u00c9ramos cuatro. Yo entro all\u00ed a la sala y el m\u00edster coge una tiza y empieza a escribir en una pizarra las cantidades que iba a cobrar a\u00f1o a a\u00f1o hasta final de contrato. Mi madre se ech\u00f3 a llorar porque era un gran cambio para mi familia. Pas\u00e9 de cobrar 800 euros a millones\u00bb, confesaba.<\/p>\n<p class=\"ft-text\"><strong>Fran termin\u00f3 completando una carrera profesional muy amplia<\/strong>. Estuvo en el <strong>Arsenal <\/strong>hasta el 2010 (pese a que se march\u00f3 en forma de pr\u00e9stamo a la <strong>Real Sociedad <\/strong>en 2008, para regresar con Wenger en 2009), <strong>Atl\u00e9tico de Madrid <\/strong>(2010-12), Sporting de Braga (2011), <strong>H\u00e9rcules <\/strong>(2012-13), <strong>Atl\u00e9tico Paranaense <\/strong>(2013-14), <strong>S. D. Huesca<\/strong> (2015-16); <strong>C. A. Osasuna<\/strong> (2016-20) y<strong> RCDE Espanyol <\/strong>(2020-22). A partir de ah\u00ed, tras varios a\u00f1os en Espa\u00f1a, y su aventura por <strong>Portugal<\/strong> y <strong>Brasil<\/strong>, decidi\u00f3 volver a jugar en el extranjero y en julio firm\u00f3 por el\u00a0<strong>Tianjin Jinmen Tiger<\/strong>. All\u00ed estuvo una temporada y media y en enero de 2024 fich\u00f3 por el\u00a0<strong>Lugo\u00a0<\/strong>con un contrato de a\u00f1o y medio.<\/p>\n<p class=\"ft-text\">Sin embargo, el siguiente mes de julio acord\u00f3 su desvinculaci\u00f3n y en septiembre anunci\u00f3 la retirada.<\/p>\n","protected":false},"excerpt":{"rendered":"El 9 de octubre de 2007, sal\u00eda a la luz la resoluci\u00f3n del juicio entre el Bar\u00e7a y&hellip;\n","protected":false},"author":2,"featured_media":160714,"comment_status":"","ping_status":"","sticky":false,"template":"","format":"standard","meta":{"footnotes":""},"categories":[268],"tags":[5031,2296,168,534,25,24,881,280,47738,282,47737,5541,281,23,167],"class_list":{"0":"post-160713","1":"post","2":"type-post","3":"status-publish","4":"format-standard","5":"has-post-thumbnail","7":"category-futbol","8":"tag-arsenal","9":"tag-barca","10":"tag-deportes","11":"tag-dinero","12":"tag-es","13":"tag-espana","14":"tag-fc-barcelona","15":"tag-football","16":"tag-fran-merida","17":"tag-futbol","18":"tag-indemnizacion","19":"tag-juicio","20":"tag-soccer","21":"tag-spain","22":"tag-sports"},"share_on_mastodon":{"url":"","error":""},"_links":{"self":[{"href":"https:\/\/www.europesays.com\/es\/wp-json\/wp\/v2\/posts\/160713","targetHints":{"allow":["GET"]}}],"collection":[{"href":"https:\/\/www.europesays.com\/es\/wp-json\/wp\/v2\/posts"}],"about":[{"href":"https:\/\/www.europesays.com\/es\/wp-json\/wp\/v2\/types\/post"}],"author":[{"embeddable":true,"href":"https:\/\/www.europesays.com\/es\/wp-json\/wp\/v2\/users\/2"}],"replies":[{"embeddable":true,"href":"https:\/\/www.europesays.com\/es\/wp-json\/wp\/v2\/comments?post=160713"}],"version-history":[{"count":0,"href":"https:\/\/www.europesays.com\/es\/wp-json\/wp\/v2\/posts\/160713\/revisions"}],"wp:featuredmedia":[{"embeddable":true,"href":"https:\/\/www.europesays.com\/es\/wp-json\/wp\/v2\/media\/160714"}],"wp:attachment":[{"href":"https:\/\/www.europesays.com\/es\/wp-json\/wp\/v2\/media?parent=160713"}],"wp:term":[{"taxonomy":"category","embeddable":true,"href":"https:\/\/www.europesays.com\/es\/wp-json\/wp\/v2\/categories?post=160713"},{"taxonomy":"post_tag","embeddable":true,"href":"https:\/\/www.europesays.com\/es\/wp-json\/wp\/v2\/tags?post=160713"}],"curies":[{"name":"wp","href":"https:\/\/api.w.org\/{rel}","templated":true}]}}