{"id":160719,"date":"2025-10-07T10:11:12","date_gmt":"2025-10-07T10:11:12","guid":{"rendered":"https:\/\/www.europesays.com\/es\/160719\/"},"modified":"2025-10-07T10:11:12","modified_gmt":"2025-10-07T10:11:12","slug":"tactica-y-mentalidad-las-claves-de-la-revolucion-de-almeyda-en-el-sevilla","status":"publish","type":"post","link":"https:\/\/www.europesays.com\/es\/160719\/","title":{"rendered":"T\u00e1ctica y mentalidad, las claves de la revoluci\u00f3n de Almeyda en el Sevilla"},"content":{"rendered":"<p style=\"\">El<strong> Sevilla<\/strong> llega a la segunda pausa liguera con la felicidad que demandaba Antonio Cord\u00f3n. La victoria ante el Barcelona no s\u00f3lo supuso un golpe a LaLiga, con la primera derrota del actual campe\u00f3n, sino que <strong>elev\u00f3 a Mat\u00edas Almeyda<\/strong>. Todo lo  &#8230; bueno que se hab\u00eda apuntado sobre el entrenador argentino se concentr\u00f3 en 90 minutos. <strong>Desde la pizarra al desarrollo del partido y los posteriores cambios reafirmaron al preparador<\/strong>. Ese mensaje que tanto hab\u00eda gustado en el sevillismo, pero que estaba a la espera de resultados, coge m\u00e1s fuerza tras un triunfo de nivel que catapulta al Sevilla a la zona europea m\u00e1s de tres a\u00f1os despu\u00e9s. Apenas tres meses desde su regreso a Nervi\u00f3n le han bastado a Almeyda para demostrar que va muy en serio en su pretensi\u00f3n de darle la vuelta a la situaci\u00f3n.<\/p>\n<p class=\"voc-p\" style=\"\">\u00abSe cortan un mont\u00f3n de cosas negativas\u00bb, apunt\u00f3 el propio Almeyda tras el encuentro para realzar la vitoria. <strong>Ten\u00eda ganas el argentino de sumar el primer triunfo en el Ram\u00f3n S\u00e1nchez-Pizju\u00e1n<\/strong> y, adem\u00e1s, lleg\u00f3 ante el l\u00edder y con el mejor partido de la temporada. Diez temporadas sin ganarle al Barcelona como local, dentro de esa din\u00e1mica negativa ante los grandes del f\u00fatbol espa\u00f1ol; o las dos victorias seguidas en el torneo liguero muchos meses despu\u00e9s elevan la importancia de un partido que devolvi\u00f3 el ambiente de alegr\u00eda colectiva al feudo sevillista. Un triunfo hist\u00f3rico por esa goleada que no se alcanzaba desde hac\u00eda 54 a\u00f1os contra el equipo azulgrana, que apareci\u00f3 empeque\u00f1ecido ante el plan de partido que hab\u00eda preparado Almeyda.<\/p>\n<p>\nUn mensaje ganador\n<\/p>\n<p class=\"voc-p\" style=\"\">El t\u00e9cnico se ha ganado al vestuario. Si desde el primer d\u00eda se ha convertido en el l\u00edder del grupo, su mensaje ha ido calando al confirmarse con los hechos. Una confianza plena en el grupo, del que ha tirado siempre que ha sido necesario y mensajes de confianza para cambiarle la cara a ese equipo perdedor de a\u00f1os anteriores. <strong>Reforzar la autoestima fue una de las primeras tareas de Almeyda y poco a poco ha ido modelando esa nueva mentalidad de su equipo<\/strong>. Su discurso durante esta semana se dirigi\u00f3 a ese punto para que sus futbolistas estuvieran convencidos de que se le pod\u00eda hacer frente al Barcelona, m\u00e1s all\u00e1 de las dificultades que siempre aparecen en este tipo de partidos.<\/p>\n<p class=\"voc-p\" style=\"\"><strong>La fiesta que se vivi\u00f3 en el vestuario nada m\u00e1s acabar el partido demuestra esa comuni\u00f3n que ha alcanzado el grupo<\/strong>. Hasta el in\u00e9dito Joan Jord\u00e1n apareci\u00f3 abrazado a sus compa\u00f1eros mientras festejaban la victoria. \u00abUna tarde inolvidable. Un partido para el recuerdo. Seguimos todos juntos\u00bb, escribi\u00f3 C\u00e9sar Azpilicueta, un futbolista que se ha convertido por derecho propio en uno de los l\u00edderes del equipo tanto dentro como fuera del terreno de juego.<\/p>\n<p>\nLos retoques t\u00e1cticos\n<\/p>\n<p class=\"voc-p\" style=\"\"><strong>El plan de Almeyda tambi\u00e9n tuvo su parte de pizarra<\/strong>. Para empezar, un cambio de sistema para volver a la defensa de cuatro y colocar un hombre m\u00e1s en la medular. La premisa de frenar la sala de m\u00e1quinas del Barcelona, con ese tri\u00e1ngulo que forman De Jong, Pedri y Dani Olmo, con un despliegue f\u00edsico excepcional. <strong>Una batalla de duelos individuales para hacerle saber al equipo azulgrana qu\u00e9 tipo de partido le esperaba en el S\u00e1nchez-Pizju\u00e1n<\/strong>. Cerrando todos los espacios interiores para dificultar el habitual juego azulgrana, a lo que a\u00f1adi\u00f3 rapidez para iniciar las jugadas de ataque, con Rub\u00e9n Vargas y Alexis S\u00e1nchez especialmente inspirados. <\/p>\n<p class=\"voc-p\" style=\"\">Aunque la presi\u00f3n perdi\u00f3 metros en el segundo tiempo, <strong>la defensa s\u00ed se mantuvo firme al son de C\u00e9sar Azpilicueta<\/strong>, que ofreci\u00f3 una lecci\u00f3n magistral. Bien acompa\u00f1ado por Suazo, Marcao y Carmona, quien incluso tir\u00f3 de exuberancia f\u00edsica para lanzarse al ataque en el minuto 90 y sentenciar el partido con un disparo cruzado. Una nueva versi\u00f3n goleada para el visue\u00f1o despu\u00e9s de las asistencias que hab\u00eda acumulado en anteriores encuentros.<\/p>\n<p>\nLas cifras de la mejor\u00eda\n<\/p>\n<p class=\"voc-p\" style=\"\">13 puntos en la jornada octava retrotraen al Sevilla a otra \u00e9poca de objetivos superiores. <strong>Un equipo al que le costaba hacer goles convertido ahora en el tercer m\u00e1ximo realizador <\/strong><strong>del campeonato con 15 dianas<\/strong>, s\u00f3lo superado por Real Madrid y Barcelona. Una ambici\u00f3n como equipo para no conformarse con amarrar la victoria y seguir buscando goles ante el actual campe\u00f3n liguero. Un equipo que ha mejorado su faceta defensiva pero que tambi\u00e9n acumula numerosos jugadores en el \u00e1rea rival. Un despliegue f\u00edsico que recuerda al del mejor Sevilla reciente con Julen Lopetegui a los mandos.<\/p>\n<p class=\"voc-p\" style=\"\">La clasificaci\u00f3n atestigua esa mejora. Hac\u00eda casi tres a\u00f1os y medio que el Sevilla <a href=\"https:\/\/www.abc.es\/deportes\/orgullodenervion\/noticias-sevilla-fc\/sevilla-vuelve-zona-europea-tres-anos-medio-20251006105901-nts.html\" target=\"_self\" data-voc-vtm-id=\"in-text-traffic\" title=\"no ocupaba puestos europeos\" data-mrf-link=\"www.abc.es\" rel=\"nofollow noopener\">no ocupaba puestos europeos<\/a> en LaLiga. <strong>Desde la \u00faltima jornada de la temporada 21-22, cuando logr\u00f3 clasificarse para la Champions<\/strong>, el club nervionense s\u00f3lo hab\u00eda estado entre los seis primeros en la primera jornada del anterior campeonato, igualado con otros once equipos. Pura an\u00e9cdota. La octava plaza con Xavier Garc\u00eda Pimienta en la jornada vig\u00e9sima s\u00e9ptima, tras derrotar a la Real Sociedad (0-1) hab\u00eda sido el mejor lugar, aunque, curiosamente, cuatro partidos despu\u00e9s el catal\u00e1n ser\u00eda destituido tras enganchar esa serie de derrotas seguidas.<\/p>\n<p class=\"voc-p\" style=\"\">Apenas han transcurrido tres meses de la llegada de Almeyda, con ese verano de planificaci\u00f3n complicada y tard\u00eda, pero que tampoco ha sido excusa para el argentino. Con el mono de trabajo puesto desde el primer d\u00eda, el t\u00e9cnico le ha cambiado la fisonom\u00eda al equipo sevillista. <strong>De la mano de Antonio Cord\u00f3n, su gran valedor en Nervi\u00f3n<\/strong>, Almeyda ha elevado las revoluciones del club.<\/p>\n","protected":false},"excerpt":{"rendered":"El Sevilla llega a la segunda pausa liguera con la felicidad que demandaba Antonio Cord\u00f3n. La victoria ante&hellip;\n","protected":false},"author":2,"featured_media":160720,"comment_status":"","ping_status":"","sticky":false,"template":"","format":"standard","meta":{"footnotes":""},"categories":[93],"tags":[1364,168,25,24,26984,1171,23,167,7247],"class_list":{"0":"post-160719","1":"post","2":"type-post","3":"status-publish","4":"format-standard","5":"has-post-thumbnail","7":"category-deportes","8":"tag-almeyda","9":"tag-deportes","10":"tag-es","11":"tag-espana","12":"tag-revoluciones","13":"tag-sevilla","14":"tag-spain","15":"tag-sports","16":"tag-sube"},"share_on_mastodon":{"url":"","error":""},"_links":{"self":[{"href":"https:\/\/www.europesays.com\/es\/wp-json\/wp\/v2\/posts\/160719","targetHints":{"allow":["GET"]}}],"collection":[{"href":"https:\/\/www.europesays.com\/es\/wp-json\/wp\/v2\/posts"}],"about":[{"href":"https:\/\/www.europesays.com\/es\/wp-json\/wp\/v2\/types\/post"}],"author":[{"embeddable":true,"href":"https:\/\/www.europesays.com\/es\/wp-json\/wp\/v2\/users\/2"}],"replies":[{"embeddable":true,"href":"https:\/\/www.europesays.com\/es\/wp-json\/wp\/v2\/comments?post=160719"}],"version-history":[{"count":0,"href":"https:\/\/www.europesays.com\/es\/wp-json\/wp\/v2\/posts\/160719\/revisions"}],"wp:featuredmedia":[{"embeddable":true,"href":"https:\/\/www.europesays.com\/es\/wp-json\/wp\/v2\/media\/160720"}],"wp:attachment":[{"href":"https:\/\/www.europesays.com\/es\/wp-json\/wp\/v2\/media?parent=160719"}],"wp:term":[{"taxonomy":"category","embeddable":true,"href":"https:\/\/www.europesays.com\/es\/wp-json\/wp\/v2\/categories?post=160719"},{"taxonomy":"post_tag","embeddable":true,"href":"https:\/\/www.europesays.com\/es\/wp-json\/wp\/v2\/tags?post=160719"}],"curies":[{"name":"wp","href":"https:\/\/api.w.org\/{rel}","templated":true}]}}