{"id":160726,"date":"2025-10-07T10:15:12","date_gmt":"2025-10-07T10:15:12","guid":{"rendered":"https:\/\/www.europesays.com\/es\/160726\/"},"modified":"2025-10-07T10:15:12","modified_gmt":"2025-10-07T10:15:12","slug":"12-de-noviembre-re-think-industry-2025-reunira-a-la-pyme-industrial-guipuzcoana-para-impulsar-la-transformacion-y-la-competitividad","status":"publish","type":"post","link":"https:\/\/www.europesays.com\/es\/160726\/","title":{"rendered":"12 de noviembre: Re-Think Industry 2025 reunir\u00e1 a la PYME industrial guipuzcoana para impulsar la transformaci\u00f3n y la competitividad"},"content":{"rendered":"<p style=\"margin-bottom:13px; text-align:justify\">El pr\u00f3ximo 12 de noviembre, el Kursaal acoger\u00e1 la cuarta edici\u00f3n del congreso Re-Think Industry 2025, consolidado como el principal punto de encuentro de la PYME industrial de Gipuzkoa. Bajo el lema \u201cTransformando hoy la industria del futuro\u201d, este congreso proporciona un espacio para el intercambio de conocimientos, experiencias y buenas pr\u00e1cticas, y ofrece herramientas estrat\u00e9gicas para afrontar los retos de un entorno industrial en constante evoluci\u00f3n. En la edici\u00f3n pasada asistieron m\u00e1s de 600 personas, lo que refleja la relevancia y el inter\u00e9s creciente de este foro en el sector industrial guipuzcoano.<\/p>\n<p style=\"margin-bottom:13px; text-align:justify\"><b>Apertura con l\u00edderes institucionales y referentes empresariales.<\/b><\/p>\n<p style=\"margin-bottom:13px; text-align:justify\">La jornada se iniciar\u00e1 con la intervenci\u00f3n de Eider Mendoza, diputada general de Gipuzkoa, y Cristina Garmendia, presidenta de Cotec, en el dialogo titulado \u201cLas PYMEs en la sociedad del conocimiento: oportunidades y amenazas\u201d. Este coloquio institucional pone de manifiesto el compromiso de las administraciones y entidades referentes con el fortalecimiento de la competitividad de las pymes industriales en Euskadi.<\/p>\n<p style=\"margin-bottom:13px; text-align:justify\"><b>Cuatro mesas redondas sobre los grandes desaf\u00edos del sector.<\/b><\/p>\n<p style=\"margin-bottom:13px; text-align:justify\">Durante la ma\u00f1ana, se desarrollar\u00e1n cuatro mesas redondas tem\u00e1ticas, coordinadas por entidades estrat\u00e9gicas del ecosistema empresarial guipuzcoano:<\/p>\n<ul>\n<li style=\"margin-bottom:13px; text-align:justify; margin-left:8px\">Inteligencia Artificial \u2013 liderada por BAIC (Basque Artificial Intelligence Center).<\/li>\n<li style=\"margin-bottom:13px; text-align:justify; margin-left:8px\">Internacionalizaci\u00f3n y diversificaci\u00f3n en mercados \u2013 liderada por la C\u00e1mara de Gipuzkoa.<\/li>\n<li style=\"margin-bottom:13px; text-align:justify; margin-left:8px\">Intraemprendimiento y diversificaci\u00f3n de negocios \u2013 liderada por BIC Gipuzkoa.<\/li>\n<li style=\"margin-bottom:13px; text-align:justify; margin-left:8px\">Nuevos modelos de gesti\u00f3n participativa \u2013 liderada por ASLE.<\/li>\n<\/ul>\n<p style=\"margin-bottom:13px; text-align:justify\">Las mesas contar\u00e1n con la participaci\u00f3n de empresas que compartir\u00e1n experiencias reales, aprendizajes y resultados, as\u00ed como los apoyos clave que impulsan sus procesos de transformaci\u00f3n.<\/p>\n<p style=\"margin-bottom:13px; text-align:justify\">En los pr\u00f3ximos d\u00edas se comunicar\u00e1n las pymes que participar\u00e1n exponiendo sus casos reales en cada una de las mesas redondas.<\/p>\n<p style=\"margin-bottom:13px; text-align:justify\"><b>Visi\u00f3n de futuro: tecnolog\u00edas cu\u00e1nticas y cierre institucional<\/b><\/p>\n<p style=\"margin-bottom:13px; text-align:justify\">Tras las mesas redondas, el congreso contar\u00e1 con la participaci\u00f3n de Javier Aizpurua, director cient\u00edfico de BasQ e investigador Ikerbasque en el DIPC. Reconocido especialista en nanofot\u00f3nica y tecnolog\u00edas cu\u00e1nticas, ofrecer\u00e1 una ponencia sobre la estrategia vasca para posicionar Euskadi a la vanguardia de la computaci\u00f3n cu\u00e1ntica. <\/p>\n<p style=\"margin-bottom:13px; text-align:justify\">La clausura correr\u00e1 a cargo de Unai Andueza, diputado de Promoci\u00f3n Econ\u00f3mica y Proyectos Estrat\u00e9gicos, quien subraya: \u201cRe-Think Industry 2025 ofrece un espacio \u00fanico donde las PYMEs industriales guipuzcoanas aprenden de experiencias reales y casos de \u00e9xito de otras empresas, conectan con el ecosistema industrial y descubren tendencias, tecnolog\u00edas emergentes y nuevos modelos de gesti\u00f3n. Este congreso se consolida como un foro clave para preparar a nuestras empresas ante el cambio acelerado que vive el sector y fortalecer su posici\u00f3n competitiva en el presente y en el futuro.\u201d<\/p>\n<p style=\"margin-bottom:13px; text-align:justify\">El congreso refuerza el papel de la colaboraci\u00f3n entre instituciones, empresas y agentes del ecosistema industrial, consolid\u00e1ndose como un instrumento clave para la competitividad y la innovaci\u00f3n del sector en Gipuzkoa.<\/p>\n<p style=\"margin-bottom:13px; text-align:justify\"><b>Programa completo e inscripciones: <\/b><a href=\"https:\/\/plaza.gipuzkoa.eus\/es\/re-think-industry-2025\" style=\"color:#0563c1; text-decoration:underline\" target=\"_blank\" rel=\"nofollow noopener\">https:\/\/plaza.gipuzkoa.eus\/es\/re-think-industry-2025<\/a><b> <\/b><\/p>\n","protected":false},"excerpt":{"rendered":"El pr\u00f3ximo 12 de noviembre, el Kursaal acoger\u00e1 la cuarta edici\u00f3n del congreso Re-Think Industry 2025, consolidado como&hellip;\n","protected":false},"author":2,"featured_media":154893,"comment_status":"","ping_status":"","sticky":false,"template":"","format":"standard","meta":{"footnotes":""},"categories":[80],"tags":[517,82,4728,95,94,25,24,4730,10,4729,5510,23],"class_list":{"0":"post-160726","1":"post","2":"type-post","3":"status-publish","4":"format-standard","5":"has-post-thumbnail","7":"category-economia","8":"tag-actualidad","9":"tag-business","10":"tag-diputacion-forla-de-gipuzkoa","11":"tag-economia","12":"tag-economy","13":"tag-es","14":"tag-espana","15":"tag-gipuzkoa-eus","16":"tag-noticias","17":"tag-orain-gipuzkoa","18":"tag-promocion-economica","19":"tag-spain"},"share_on_mastodon":{"url":"","error":""},"_links":{"self":[{"href":"https:\/\/www.europesays.com\/es\/wp-json\/wp\/v2\/posts\/160726","targetHints":{"allow":["GET"]}}],"collection":[{"href":"https:\/\/www.europesays.com\/es\/wp-json\/wp\/v2\/posts"}],"about":[{"href":"https:\/\/www.europesays.com\/es\/wp-json\/wp\/v2\/types\/post"}],"author":[{"embeddable":true,"href":"https:\/\/www.europesays.com\/es\/wp-json\/wp\/v2\/users\/2"}],"replies":[{"embeddable":true,"href":"https:\/\/www.europesays.com\/es\/wp-json\/wp\/v2\/comments?post=160726"}],"version-history":[{"count":0,"href":"https:\/\/www.europesays.com\/es\/wp-json\/wp\/v2\/posts\/160726\/revisions"}],"wp:featuredmedia":[{"embeddable":true,"href":"https:\/\/www.europesays.com\/es\/wp-json\/wp\/v2\/media\/154893"}],"wp:attachment":[{"href":"https:\/\/www.europesays.com\/es\/wp-json\/wp\/v2\/media?parent=160726"}],"wp:term":[{"taxonomy":"category","embeddable":true,"href":"https:\/\/www.europesays.com\/es\/wp-json\/wp\/v2\/categories?post=160726"},{"taxonomy":"post_tag","embeddable":true,"href":"https:\/\/www.europesays.com\/es\/wp-json\/wp\/v2\/tags?post=160726"}],"curies":[{"name":"wp","href":"https:\/\/api.w.org\/{rel}","templated":true}]}}