{"id":160743,"date":"2025-10-07T10:30:12","date_gmt":"2025-10-07T10:30:12","guid":{"rendered":"https:\/\/www.europesays.com\/es\/160743\/"},"modified":"2025-10-07T10:30:12","modified_gmt":"2025-10-07T10:30:12","slug":"guerra-oriente-proximo-los-libros-no-hablan-de-gaza-la-lucha-de-un-editor-israeli-contra-el-silencio-de-la-cultura-ante-el-genocidio","status":"publish","type":"post","link":"https:\/\/www.europesays.com\/es\/160743\/","title":{"rendered":"GUERRA ORIENTE PR\u00d3XIMO | \u201cLos libros no hablan de Gaza\u201d: la lucha de un editor israel\u00ed contra el silencio de la cultura ante el genocidio"},"content":{"rendered":"<p class=\"ft-text ft-helper-closenews\">Mientras los bombardeos siguen arrasando <a class=\"ft-link ft-link--decoration\" href=\"https:\/\/www.levante-emv.com\/tags\/franja-de-gaza\/\" rel=\"nofollow noopener\" target=\"_blank\">Gaza <\/a>indiscriminadamente -el \u00faltimo se produjo el pasado 4 de octubre cuando<a class=\"ft-link ft-link--decoration\" href=\"https:\/\/www.levante-emv.com\/internacional\/2025\/09\/29\/trump-netanyahu-encuentro-washington-tregua-en-gaza-liberacion-rehenes-plan-de-paz-gaza-israel-122087565.html\" target=\"_blank\" rel=\"nofollow noopener\"> el actual plan de paz cocinado por Trump y Netanyahu<\/a> ya hab\u00eda empezado a caminar-, la sociedad civil israel\u00ed, alejada f\u00edsica y mentalmente del conflicto, vive su sue\u00f1o gracias a un d\u00eda a d\u00eda anodino en el que la gente acude tranquilamente a bares y restaurantes, va al cine y al gimnasio o queda con los amigos para emprender cualquier actividad de ocio.<strong> Tambi\u00e9n lee.<\/strong> <strong>Las librer\u00edas de Tel-Aviv o Jerusal\u00e9n son un buen lugar para percibir c\u00f3mo la sociedad israel\u00ed vive de espaldas a las matanzas en la franja<\/strong>. En los dos a\u00f1os trascurridos desde el terrible atentado de Ham\u00e1s, no puede decirse que no se hayan editado libros en hebreo sobre<a class=\"ft-link ft-link--decoration\" href=\"https:\/\/www.levante-emv.com\/internacional\/2025\/10\/07\/directo-ultima-hora-conflicto-palestina-93048487.html\" target=\"_blank\" rel=\"nofollow noopener\"> el conflicto desencadenado por el ataque de Ham\u00e1s el 7 de octubre<\/a>, hace exactamente dos a\u00f1os. <strong>Han sido unos 300 t\u00edtulos, pero en ellos es imposible atisbar un solo sesgo cr\u00edtico hacia la aniquilaci\u00f3n palestina. <\/strong><\/p>\n<p class=\"ft-text\"><strong>Esa insensibilidad ha sido condenada por el editor israel\u00ed de origen argentino Uriel Kon al frente de Tesha Neshamot (siete vidas), uno de los sellos independientes de m\u00e1s prestigio en el pa\u00eds, ubicado en Tel-Aviv<\/strong>, quien desde el pasado agosto incluye en la contraportada de sus libros una nota en la que declara su oposici\u00f3n ante el asesinato de inocentes en Gaza pidiendo adem\u00e1s el alto el fuego inmediato y el regreso de los rehenes. El anuncio, recibido con burlas, boicot y un silencio atronador por parte de sus colegas de profesi\u00f3n, ha disparado su ostracismo. <strong>\u201cLos libros que se pueden encontrar en las librer\u00edas israel\u00eds relatan experiencias de rehenes liberados o experiencias y an\u00e9cdotas de los militares, nada m\u00e1s. S\u00e9 de soci\u00f3logos o antrop\u00f3logos que han tenido que publicar sus textos en otros idiomas<\/strong>. Y desde luego, no busques en las dos grandes cadenas mayoritarias que se reparten las librer\u00edas en Israel textos de autores palestinos. No los hay\u201d, explica Kon, columnista habitual de \u2018Haaretz\u2019 , el diario m\u00e1s cr\u00edtico con Netanyahu, que ha editado en su sello \u2018L\u00e9xico para para una sociedad conjunta\u2019, un libro biling\u00fce que recoge textos de 20 autores alrededor de la idea de la construcci\u00f3n de una sociedad \u00e1rabe-hebrea.<\/p>\n<p><img decoding=\"async\" src=\"https:\/\/www.europesays.com\/es\/wp-content\/uploads\/2025\/10\/1cd03c98-595c-4c7f-8d56-5677b2fd4a9b_alta-libre-aspect-ratio_default_0.jpg\" width=\"1200\" height=\"898\" alt=\"La librer\u00eda de Uriel Kon en Tel-Aviv, Tesha Neshamot.\" class=\"ft-helper-img-rd\" loading=\"lazy\" hasdataaida=\"true\"\/><\/p>\n<p class=\"ft-helper-fontColor-quaternary ft-helper-fontSize-body-S ft-helper-spacer-t-xxs\">La librer\u00eda de Uriel Kon en Tel-Aviv, Tesha Neshamot.  \/ EPC<\/p>\n<p>Tarde y con ambig\u00fcedad<\/p>\n<p class=\"ft-text\"><strong>Tambi\u00e9n reprocha el editor una cierta doble vara de medir por parte de los escritores israel\u00eds m\u00e1s internacionales, como David Grossman<\/strong>, qui\u00e9n pese a haberse declarado contrario a la pol\u00edtica de Netanyahu no ha sido, seg\u00fan la opini\u00f3n del editor, lo suficientemente contundente, especialmente en sus declaraciones en los medios de comunicaci\u00f3n israel\u00eds. Ha tenido que ser el pasado agosto y en el diario italiano \u2018La Repubblica\u2019, mientras crec\u00eda la repulsa internacional, cuando finalmente emple\u00f3 la expresi\u00f3n \u2018<strong>genocidio<\/strong>\u2019 \u2013que se hab\u00eda negado a utilizar hasta el momento- para definir el conflicto. En Israel solo un 5% de ciudadanos reconoce que se est\u00e1 realizando una \u2018matanza\u2019, no un genocidio, que excedi\u00f3 los l\u00edmites.<\/p>\n<p class=\"ft-text\"><strong>\u201cMuchos intelectuales israel\u00eds -dice Kon- manifiestan su rechazo en otros idiomas y en medios de comunicaci\u00f3n extranjeros, pero no en Israel.<\/strong> <strong>Grossman no se ha manifestado con la misma contundencia en los diarios israel\u00eds.<\/strong> En estas publicaciones, muchos autores contrarios a Netanyahu escriben con una cierta ret\u00f3rica oscura como para que sus cr\u00edticas se lean con precisi\u00f3n\u201d. Y a\u00f1ade que Grossman, a quien solamente toma como un ejemplo, bien <strong>podr\u00eda adoptar medidas m\u00e1s poderosas como pedir que sus libros no sean distribuidos en los territorios ocupados o condenar la pol\u00edtica de Netanyahu en una nota que acompa\u00f1e sus libros<\/strong>. \u201cNo lo hace. Condenar la situaci\u00f3n tarde y con ambig\u00fcedad es mejor que nada, quiz\u00e1, pero es muy poco\u201d.<\/p>\n<p class=\"ft-text\"><strong>\u201cTodas las sociedades fascistas necesitan socavar la cultura para que las atrocidades puedan ser cometidas sin molestias\u201d<\/strong>, diagnostica Kon. Y abunda en que eso ocurre en un pa\u00eds en el que<strong> la tasa de lectura ha ca\u00eddo un 40% en los \u00faltimos a\u00f1os y un 50% desde el inicio de la guerra.<\/strong> El editor se duele de las escasas, si no nulas, voces de peso que en estos momentos se plantean un di\u00e1logo frente a una futura reconstrucci\u00f3n. <strong>\u201cEn general la gente y muchos intelectuales est\u00e1n deseando que cesen las cr\u00edticas internacionales, les molesta que los hagan a un lado en el f\u00fatbol o en Eurovisi\u00f3n. Les duele, tristemente, mucho m\u00e1s que el boicot llevado por autores como Sally Rooney y otros. Es dif\u00edcil que una novela cambie el pensamiento de nadie\u201d.<\/strong><\/p>\n<p data-close=\"closedContent\" class=\"subscribeHideForDisplay\">Suscr\u00edbete para seguir leyendo<\/p>\n","protected":false},"excerpt":{"rendered":"Mientras los bombardeos siguen arrasando Gaza indiscriminadamente -el \u00faltimo se produjo el pasado 4 de octubre cuando el&hellip;\n","protected":false},"author":2,"featured_media":160744,"comment_status":"","ping_status":"","sticky":false,"template":"","format":"standard","meta":{"footnotes":""},"categories":[172],"tags":[224,35975,146,147,25,24,694,22880,74,225,591,23],"class_list":{"0":"post-160743","1":"post","2":"type-post","3":"status-publish","4":"format-standard","5":"has-post-thumbnail","7":"category-libros","8":"tag-books","9":"tag-editor","10":"tag-entertainment","11":"tag-entretenimiento","12":"tag-es","13":"tag-espana","14":"tag-gaza","15":"tag-hablan","16":"tag-israel","17":"tag-libros","18":"tag-lucha","19":"tag-spain"},"share_on_mastodon":{"url":"","error":""},"_links":{"self":[{"href":"https:\/\/www.europesays.com\/es\/wp-json\/wp\/v2\/posts\/160743","targetHints":{"allow":["GET"]}}],"collection":[{"href":"https:\/\/www.europesays.com\/es\/wp-json\/wp\/v2\/posts"}],"about":[{"href":"https:\/\/www.europesays.com\/es\/wp-json\/wp\/v2\/types\/post"}],"author":[{"embeddable":true,"href":"https:\/\/www.europesays.com\/es\/wp-json\/wp\/v2\/users\/2"}],"replies":[{"embeddable":true,"href":"https:\/\/www.europesays.com\/es\/wp-json\/wp\/v2\/comments?post=160743"}],"version-history":[{"count":0,"href":"https:\/\/www.europesays.com\/es\/wp-json\/wp\/v2\/posts\/160743\/revisions"}],"wp:featuredmedia":[{"embeddable":true,"href":"https:\/\/www.europesays.com\/es\/wp-json\/wp\/v2\/media\/160744"}],"wp:attachment":[{"href":"https:\/\/www.europesays.com\/es\/wp-json\/wp\/v2\/media?parent=160743"}],"wp:term":[{"taxonomy":"category","embeddable":true,"href":"https:\/\/www.europesays.com\/es\/wp-json\/wp\/v2\/categories?post=160743"},{"taxonomy":"post_tag","embeddable":true,"href":"https:\/\/www.europesays.com\/es\/wp-json\/wp\/v2\/tags?post=160743"}],"curies":[{"name":"wp","href":"https:\/\/api.w.org\/{rel}","templated":true}]}}