{"id":160807,"date":"2025-10-07T11:23:08","date_gmt":"2025-10-07T11:23:08","guid":{"rendered":"https:\/\/www.europesays.com\/es\/160807\/"},"modified":"2025-10-07T11:23:08","modified_gmt":"2025-10-07T11:23:08","slug":"eres-increible-jennifer-lopez-y-ben-affleck-se-reencuentran-en-la-alfombra-roja","status":"publish","type":"post","link":"https:\/\/www.europesays.com\/es\/160807\/","title":{"rendered":"\u201cEres incre\u00edble\u201d: Jennifer Lopez y Ben Affleck se reencuentran en la alfombra roja"},"content":{"rendered":"<p><a href=\"https:\/\/www.revistavanityfair.es\/articulos\/me-alegro-de-haber-llevado-ropa-interior-falda-de-jennifer-lopez-caida-concierto\" rel=\"nofollow noopener\" target=\"_blank\">Jennifer Lopez<\/a> y <a href=\"https:\/\/www.revistavanityfair.es\/articulos\/samuel-hijo-ben-affleck-critica-pelicula\" rel=\"nofollow noopener\" target=\"_blank\">Ben Affleck<\/a> han posado juntos en la alfombra roja con motivo del estreno de su nueva pel\u00edcula musical, Kiss of the Spider Woman, de la que el actor es productor ejecutivo. La expareja mostr\u00f3 complicidad y ternura en su reencuentro ante las c\u00e1maras y JLo no dud\u00f3 en dedicarle unas palabras de agradecimiento.<\/p>\n<p>\u00abSi no fuera por Ben, la pel\u00edcula no se habr\u00eda hecho, y siempre le dar\u00e9 ese cr\u00e9dito\u201d, dijo la cantante y actriz en el programa Today, en el que el presentador Craig Melvin se atrevi\u00f3 a aludir al elefante rosa de la habitaci\u00f3n \u2013por supuesto, su divorcio\u2013, algo que la propia Lopez se\u00f1al\u00f3. <strong>\u201cEn medio del rodaje de este elaborado y hermoso musical, tambi\u00e9n se formaliz\u00f3 tu divorcio con Ben\u201d<\/strong>, dijo Melvin. Fue entonces cuando Jennifer Lopez lo interrumpi\u00f3. \u201c\u00a1Pero bueno! \u00a1Mira a este tipo!\u201d, dijo buscando la complicidad del p\u00fablico.<\/p>\n<p><img decoding=\"async\" alt=\"Jennifer Lopez y Ben Affleck\" loading=\"lazy\" class=\"ResponsiveImageContainer-eNxvmU cfBbTk responsive-image__image\"   src=\"https:\/\/www.europesays.com\/es\/wp-content\/uploads\/2025\/10\/GettyImages-2239645943.jpg\"\/><\/p>\n<p>Jennifer Lopez y Ben AffleckSlaven Vlasic\/Getty Images<\/p>\n<p>\u00abLas cosas pasan; hay que seguir adelante\u00bb, a\u00f1adi\u00f3. A lo largo de la entrevista explic\u00f3 que el proyecto le ayud\u00f3 para escapar de la complicada situaci\u00f3n en la que se encontraba. \u201cEs gracioso, la pel\u00edcula trata sobre el escapismo. Trata sobre c\u00f3mo las pel\u00edculas y el arte nos salvan en los momentos m\u00e1s dif\u00edciles de nuestras vidas. Hacer este proyecto fue un sue\u00f1o hecho realidad para m\u00ed; realmente me ayud\u00f3 a superar un momento dif\u00edcil en mi vida personal\u201d, confes\u00f3.<\/p>\n<p>Al presentar la pel\u00edcula, Ben Affleck tuvo unas cari\u00f1osas palabras no solo para el equipo, sino tambi\u00e9n para su exmujer. \u201cMi objetivo era empoderar a grandes artistas, contar historias conmovedoras y brindar grandes oportunidades para que se cuente este tipo de grandes historias, adem\u00e1s de trabajar con los mejores directores del mundo y con el mejor material\u201d, dijo ante el p\u00fablico Affleck. \u201cEn esta pel\u00edcula, logramos todo eso y es un honor estar aqu\u00ed. Jennifer: eres incre\u00edble\u201d, dijo.<\/p>\n","protected":false},"excerpt":{"rendered":"Jennifer Lopez y Ben Affleck han posado juntos en la alfombra roja con motivo del estreno de su&hellip;\n","protected":false},"author":2,"featured_media":160808,"comment_status":"","ping_status":"","sticky":false,"template":"","format":"standard","meta":{"footnotes":""},"categories":[91],"tags":[3710,146,147,25,24,427,23],"class_list":{"0":"post-160807","1":"post","2":"type-post","3":"status-publish","4":"format-standard","5":"has-post-thumbnail","7":"category-entretenimiento","8":"tag-ben-affleck","9":"tag-entertainment","10":"tag-entretenimiento","11":"tag-es","12":"tag-espana","13":"tag-jennifer-lopez","14":"tag-spain"},"share_on_mastodon":{"url":"","error":""},"_links":{"self":[{"href":"https:\/\/www.europesays.com\/es\/wp-json\/wp\/v2\/posts\/160807","targetHints":{"allow":["GET"]}}],"collection":[{"href":"https:\/\/www.europesays.com\/es\/wp-json\/wp\/v2\/posts"}],"about":[{"href":"https:\/\/www.europesays.com\/es\/wp-json\/wp\/v2\/types\/post"}],"author":[{"embeddable":true,"href":"https:\/\/www.europesays.com\/es\/wp-json\/wp\/v2\/users\/2"}],"replies":[{"embeddable":true,"href":"https:\/\/www.europesays.com\/es\/wp-json\/wp\/v2\/comments?post=160807"}],"version-history":[{"count":0,"href":"https:\/\/www.europesays.com\/es\/wp-json\/wp\/v2\/posts\/160807\/revisions"}],"wp:featuredmedia":[{"embeddable":true,"href":"https:\/\/www.europesays.com\/es\/wp-json\/wp\/v2\/media\/160808"}],"wp:attachment":[{"href":"https:\/\/www.europesays.com\/es\/wp-json\/wp\/v2\/media?parent=160807"}],"wp:term":[{"taxonomy":"category","embeddable":true,"href":"https:\/\/www.europesays.com\/es\/wp-json\/wp\/v2\/categories?post=160807"},{"taxonomy":"post_tag","embeddable":true,"href":"https:\/\/www.europesays.com\/es\/wp-json\/wp\/v2\/tags?post=160807"}],"curies":[{"name":"wp","href":"https:\/\/api.w.org\/{rel}","templated":true}]}}