{"id":160821,"date":"2025-10-07T11:30:07","date_gmt":"2025-10-07T11:30:07","guid":{"rendered":"https:\/\/www.europesays.com\/es\/160821\/"},"modified":"2025-10-07T11:30:07","modified_gmt":"2025-10-07T11:30:07","slug":"daniel-luque-y-el-morbo-de-su-presencia-tras-caerse-del-cartel-roca-rey-en-zaragoza-nunca-torean-juntos","status":"publish","type":"post","link":"https:\/\/www.europesays.com\/es\/160821\/","title":{"rendered":"Daniel Luque y el morbo de su presencia tras caerse del cartel Roca Rey en Zaragoza: nunca torean juntos"},"content":{"rendered":"<p class=\"paragraph\"><b>La incompatibilidad, el morbo causado por las diferencias entre Roca Rey y Daniel Luque, se ha reeditado en la Feria del Pilar de Zaragoza<\/b>. Parad\u00f3jicamente, estas dos m\u00e1ximas figuras de la tauromaquia hace tiempo tiempo que no hacen el pase\u00edllo juntos. Tampoco lo har\u00e1n en la capital aragonesa, donde Daniel Luque s\u00ed vendr\u00e1&#8230; una vez que<a href=\"https:\/\/www.heraldo.es\/noticias\/aragon\/zaragoza\/fiestas-del-pilar\/2025\/10\/06\/toros-hoy-zaragoza-feria-taurina-pilar-horario-fiestas-2025-1844555.html\" title=\"Qui\u00e9n torea hoy en Zaragoza: el cartel completo de la Feria Taurina del Pilar 2025\" target=\"_blank\" rel=\"nofollow noopener\"> Roca Rey ha decidido cortar su temporada<\/a>. De hecho, el torero sevillano sustituir\u00e1 al peruano el d\u00eda 11, en uno de los mejores carteles del ciclo pilarista, en el que lidiar\u00e1 junto a Alejandro Talavante y Trist\u00e1n Barroso.\u00a0<\/p>\n<p class=\"paragraph\">Mucho se ha escrito y hablado sobre la disonancia entre<a href=\"https:\/\/www.heraldo.es\/noticias\/ocio-y-cultura\/2025\/10\/01\/conoce-sustituto-roca-rey-feria-taurina-pilar-zaragoza-daniel-luque-1858091.html\" title=\"Ya se conoce el sustituto de Roca Rey en la Feria Taurina del Pilar de Zaragoza: una apuesta segura\" target=\"_blank\" rel=\"nofollow noopener\"> Roca Rey y Daniel Luque, toreros &#8216;top&#8217; en el escalaf\u00f3n. <\/a>Lo m\u00e1s curioso es que, <b>siendo los dos de Gerena, en Sevilla, y perteneciendo sin ninguna duda a la jerarqu\u00eda patricia de la tauromaquia, nunca aparecen en los mismos carteles<\/b>. En el mundo del toro es tambi\u00e9n conocida la nula relaci\u00f3n entre ambos.<\/p>\n<p class=\"paragraph\">La Feria del Pilar ha sido escenario de un nuevo cap\u00edtulo de este desencuentro. <b>En un principio, estaba anunciado Roca Rey<\/b> para uno de los mejores carteles del serial pilarista, el del d\u00eda 11. Y, nada m\u00e1s conocerse que el peruano cortaba la temporada, hace m\u00e1s de una semana, ya fue anunciada la presencia de otro torero de post\u00edn. \u00bfQui\u00e9n?\u00a0 \u00a1Daniel Luque!<\/p>\n<p class=\"paragraph\">De esta forma,<b> el diestro de Gerena regresa al Coso de la Misericordia<\/b> tras haber constituido, en un principio, una de las grandes ausencias de este ciclo. Y eso que fue declarado triunfador de la Feria del Pilar 2024&#8230; <a href=\"https:\/\/www.heraldo.es\/noticias\/ocio-y-cultura\/2024\/10\/24\/daniel-luque-triunfador-feria-pilar-toros-zaragoza-1772367.html\" title=\"Daniel Luque, declarado triunfador de la Feria del Pilar\" target=\"_blank\" rel=\"nofollow noopener\">Daniel Luque cuaj\u00f3 una extraordinaria tarde<\/a> con toros de \u00c1lvaro N\u00fa\u00f1ez y Zacar\u00edas Moreno, consiguiendo abrir con todas de la ley la Puerta Grande de Zaragoza. Ahora regresa&#8230; en el cartel del que se cae Roca Rey.\u00a0<\/p>\n<p class=\"paragraph\">El cartel del d\u00eda 11 no es el \u00fanico barbi del serial pilarista. <b>El del jueves, d\u00eda 9, tambi\u00e9n promete<\/b>. Matadores de la entidad de\u00a0Fernando Adri\u00e1n, Borja Jim\u00e9nez y Tom\u00e1s Rufo pueden desorejar a m\u00e1s de un toro de La Palmosilla.\u00a0<\/p>\n<p class=\"paragraph\"><b>Los d\u00edas 9, 10 y 11 tambi\u00e9n hay anunciados carteles de lujo<\/b>. El hecho de que desde hace semanas no haya entradas denota la alta expectaci\u00f3n que ha levantado el estreno en Zaragoza como matador de toros del aragon\u00e9s\u00a0<b>Aar\u00f3n Palacio<\/b>, despu\u00e9s de haber salido a hombros de Nimes y Logro\u00f1o. El de Biota se medir\u00e1 en un mano a mano con Sebasti\u00e1n Castella, torero de alta alcurnia e indiscutible calidad.<\/p>\n<p class=\"paragraph\"><b>El d\u00eda 10 tambi\u00e9n es d\u00eda grande, con la alternativa del torero de la tierra Cristiano Torres<\/b>, con el genio Morante de la Puebla y reses bravas de selecto hierro de N\u00fa\u00f1ez del Cuvillo.<b> Y el d\u00eda 11, lo dicho, morbo, mucho morbo. Y torer\u00eda de verdad de Daniel Luque<\/b>, junto a Talavante y Trist\u00e1n Barroso.<\/p>\n","protected":false},"excerpt":{"rendered":"La incompatibilidad, el morbo causado por las diferencias entre Roca Rey y Daniel Luque, se ha reeditado en&hellip;\n","protected":false},"author":2,"featured_media":160822,"comment_status":"","ping_status":"","sticky":false,"template":"","format":"standard","meta":{"footnotes":""},"categories":[277],"tags":[373,34854,4398,2943,8115,168,25,24,47757,712,2682,4316,23,167,374,2487,491],"class_list":{"0":"post-160821","1":"post","2":"type-post","3":"status-publish","4":"format-standard","5":"has-post-thumbnail","7":"category-toreo","8":"tag-bullfighting","9":"tag-caerse","10":"tag-cartel","11":"tag-daniel","12":"tag-daniel-luque","13":"tag-deportes","14":"tag-es","15":"tag-espana","16":"tag-feria-pilar","17":"tag-feria-taurina","18":"tag-presencia","19":"tag-roca-rey","20":"tag-spain","21":"tag-sports","22":"tag-toreo","23":"tag-toreros","24":"tag-zaragoza"},"share_on_mastodon":{"url":"","error":""},"_links":{"self":[{"href":"https:\/\/www.europesays.com\/es\/wp-json\/wp\/v2\/posts\/160821","targetHints":{"allow":["GET"]}}],"collection":[{"href":"https:\/\/www.europesays.com\/es\/wp-json\/wp\/v2\/posts"}],"about":[{"href":"https:\/\/www.europesays.com\/es\/wp-json\/wp\/v2\/types\/post"}],"author":[{"embeddable":true,"href":"https:\/\/www.europesays.com\/es\/wp-json\/wp\/v2\/users\/2"}],"replies":[{"embeddable":true,"href":"https:\/\/www.europesays.com\/es\/wp-json\/wp\/v2\/comments?post=160821"}],"version-history":[{"count":0,"href":"https:\/\/www.europesays.com\/es\/wp-json\/wp\/v2\/posts\/160821\/revisions"}],"wp:featuredmedia":[{"embeddable":true,"href":"https:\/\/www.europesays.com\/es\/wp-json\/wp\/v2\/media\/160822"}],"wp:attachment":[{"href":"https:\/\/www.europesays.com\/es\/wp-json\/wp\/v2\/media?parent=160821"}],"wp:term":[{"taxonomy":"category","embeddable":true,"href":"https:\/\/www.europesays.com\/es\/wp-json\/wp\/v2\/categories?post=160821"},{"taxonomy":"post_tag","embeddable":true,"href":"https:\/\/www.europesays.com\/es\/wp-json\/wp\/v2\/tags?post=160821"}],"curies":[{"name":"wp","href":"https:\/\/api.w.org\/{rel}","templated":true}]}}