{"id":160825,"date":"2025-10-07T11:37:15","date_gmt":"2025-10-07T11:37:15","guid":{"rendered":"https:\/\/www.europesays.com\/es\/160825\/"},"modified":"2025-10-07T11:37:15","modified_gmt":"2025-10-07T11:37:15","slug":"deco-y-karanka-hablaron-sobre-la-lesion-de-lamine-yamal","status":"publish","type":"post","link":"https:\/\/www.europesays.com\/es\/160825\/","title":{"rendered":"Deco y Karanka hablaron sobre la lesi\u00f3n de Lamine Yamal"},"content":{"rendered":"<p class=\"ft-text\"><strong>El director deportivo del Bar\u00e7a Deco contact\u00f3 con el actual director t\u00e9cnico de la RFEF, Aitor Karanka<\/strong> para afrontar el espinoso asunto de la reacci\u00f3n de Hansi Flick en el \u00faltimo par\u00f3n de selecciones, disgustado por c\u00f3mo se hab\u00eda gestionado en la Selecci\u00f3n la lesi\u00f3n de Lamine Yamal. <a class=\"ft-link ft-link--decoration\" href=\"https:\/\/www.sport.es\/es\/noticias\/barca\/temor-barca-lamine-proximo-paron-121868669\" rel=\"nofollow noopener\" target=\"_blank\">El Bar\u00e7a est\u00e1 alerta frente al nuevo e inminente par\u00f3n de selecciones de la segunda semana de octubre<\/a>. Pese a todo Deco, en su papel de mantener abiertos los canales de di\u00e1logo, asegur\u00f3 en MD el disgusto del entrenador del Bar\u00e7a con la forma de actuar de Luis de la Fuente ya ha quedado atr\u00e1s, lo atribuy\u00f3 a un error de comunicaci\u00f3n y afirm\u00f3 que la relaciones entre el club y la Federaci\u00f3n son buenas.<\/p>\n<p class=\"ft-text\">\u00abNo hay nada (de tensi\u00f3n), hay que aprovechar las cosas para mejorar, no para seguir hablando y creando pol\u00e9mica donde no la hay. La selecci\u00f3n espa\u00f1ola es importante para el Bar\u00e7a y el Bar\u00e7a es importante para la selecci\u00f3n. Que llamen a tantos jugadores de nuestro equipo quiere decir que se est\u00e1n haciendo las cosas bien aqu\u00ed. Que tengamos tantos futbolistas en la mejor, o una de las mejores selecciones del mundo, es algo que nos enorgullece. <strong>No hay ninguna pol\u00e9mica con la Federaci\u00f3n, las cosas que se ten\u00edan que hablar, ya se hablaron.<\/strong> <strong>Yo habl\u00e9 con Karanka y lo que vamos a hacer es mejorar protocolos y la comunicaci\u00f3n. <\/strong>Una vez el jugador est\u00e9 en la selecci\u00f3n, decidir\u00e1 el seleccionador. No queremos ninguna pol\u00e9mica con la Federaci\u00f3n. <strong>La comunicaci\u00f3n es buena, quiz\u00e1 hubo alg\u00fan detalle que fall\u00f3 ah\u00ed. Yo soy Flick y me viene Lamine que no puede jugar en los pr\u00f3ximos partidos, y me enfadar\u00eda. <\/strong>Igual que si soy De la Fuente y quiero ganar los partidos, yo pongo a Lamine. Es algo hist\u00f3rico y es as\u00ed. El gran problema es que todos los partidos que hay de selecci\u00f3n, que son muchos, hoy son oficiales. Lo que hay que hacer es mejorar la comunicaci\u00f3n para que la cosa fluya. No hay ning\u00fan problema\u00bb.<\/p>\n","protected":false},"excerpt":{"rendered":"El director deportivo del Bar\u00e7a Deco contact\u00f3 con el actual director t\u00e9cnico de la RFEF, Aitor Karanka para&hellip;\n","protected":false},"author":2,"featured_media":160826,"comment_status":"","ping_status":"","sticky":false,"template":"","format":"standard","meta":{"footnotes":""},"categories":[268],"tags":[882,168,25,24,881,280,282,47759,47758,11680,8138,8252,1550,32462,281,23,167],"class_list":{"0":"post-160825","1":"post","2":"type-post","3":"status-publish","4":"format-standard","5":"has-post-thumbnail","7":"category-futbol","8":"tag-deco","9":"tag-deportes","10":"tag-es","11":"tag-espana","12":"tag-fc-barcelona","13":"tag-football","14":"tag-futbol","15":"tag-hablaron","16":"tag-karanka","17":"tag-lamine","18":"tag-lamine-yamal","19":"tag-lesion","20":"tag-rfef","21":"tag-seleccion-espana","22":"tag-soccer","23":"tag-spain","24":"tag-sports"},"share_on_mastodon":{"url":"","error":""},"_links":{"self":[{"href":"https:\/\/www.europesays.com\/es\/wp-json\/wp\/v2\/posts\/160825","targetHints":{"allow":["GET"]}}],"collection":[{"href":"https:\/\/www.europesays.com\/es\/wp-json\/wp\/v2\/posts"}],"about":[{"href":"https:\/\/www.europesays.com\/es\/wp-json\/wp\/v2\/types\/post"}],"author":[{"embeddable":true,"href":"https:\/\/www.europesays.com\/es\/wp-json\/wp\/v2\/users\/2"}],"replies":[{"embeddable":true,"href":"https:\/\/www.europesays.com\/es\/wp-json\/wp\/v2\/comments?post=160825"}],"version-history":[{"count":0,"href":"https:\/\/www.europesays.com\/es\/wp-json\/wp\/v2\/posts\/160825\/revisions"}],"wp:featuredmedia":[{"embeddable":true,"href":"https:\/\/www.europesays.com\/es\/wp-json\/wp\/v2\/media\/160826"}],"wp:attachment":[{"href":"https:\/\/www.europesays.com\/es\/wp-json\/wp\/v2\/media?parent=160825"}],"wp:term":[{"taxonomy":"category","embeddable":true,"href":"https:\/\/www.europesays.com\/es\/wp-json\/wp\/v2\/categories?post=160825"},{"taxonomy":"post_tag","embeddable":true,"href":"https:\/\/www.europesays.com\/es\/wp-json\/wp\/v2\/tags?post=160825"}],"curies":[{"name":"wp","href":"https:\/\/api.w.org\/{rel}","templated":true}]}}