{"id":160834,"date":"2025-10-07T11:45:18","date_gmt":"2025-10-07T11:45:18","guid":{"rendered":"https:\/\/www.europesays.com\/es\/160834\/"},"modified":"2025-10-07T11:45:18","modified_gmt":"2025-10-07T11:45:18","slug":"un-estudio-revela-que-la-forma-del-cerebro-puede-anticipar-la-demencia-gomera-verde","status":"publish","type":"post","link":"https:\/\/www.europesays.com\/es\/160834\/","title":{"rendered":"Un estudio revela que la forma del cerebro puede anticipar la demencia | Gomera Verde"},"content":{"rendered":"<p>\u00a0<\/p>\n<p>La investigaci\u00f3n, publicada en la revista Nature Communications, demuestra que el envejecimiento altera la geometr\u00eda del cerebro de forma sistem\u00e1tica: las zonas inferiores tienden a expandirse mientras que las superiores se comprimen, un patr\u00f3n directamente vinculado con la p\u00e9rdida de memoria, razonamiento y otras funciones cognitivas, seg\u00fan ha informado este lunes la ULL en un comunicado.<\/p>\n<p>Estos cambios estructurales, que se acent\u00faan en personas con deterioro cognitivo, podr\u00edan adem\u00e1s explicar por qu\u00e9 regiones como la corteza entorrinal, una de las primeras afectadas en el Alzheimer, son especialmente vulnerables al da\u00f1o neuronal, debido a la presi\u00f3n f\u00edsica que ejerce el envejecimiento sobre esa \u00e1rea.<\/p>\n<p>El profesor Niels Janssen, del Departamento de Psicolog\u00eda Cognitiva, Social y Organizacional de la ULL, autor principal del estudio, explica que estos hallazgos \u201cabren la puerta a identificar el riesgo de demencia muchos a\u00f1os antes de que aparezcan los s\u00edntomas, gracias a nuevos marcadores geom\u00e9tricos cerebrales\u201d.<\/p>\n<p>El trabajo, desarrollado junto al Centro de Neurobiolog\u00eda del Aprendizaje y la Memoria de la Universidad de California en Irvine, subraya la necesidad de entender c\u00f3mo los cambios mec\u00e1nicos del envejecimiento influyen en la vulnerabilidad del cerebro y aportan nuevas claves para su protecci\u00f3n.<\/p>\n<p>\u00a0<\/p>\n<p>\u00a0<\/p>\n","protected":false},"excerpt":{"rendered":"\u00a0 La investigaci\u00f3n, publicada en la revista Nature Communications, demuestra que el envejecimiento altera la geometr\u00eda del cerebro&hellip;\n","protected":false},"author":2,"featured_media":153558,"comment_status":"","ping_status":"","sticky":false,"template":"","format":"standard","meta":{"footnotes":""},"categories":[92],"tags":[1896,14491,168,25,24,14490,14493,14487,165,14489,14488,10,166,14492,23],"class_list":{"0":"post-160834","1":"post","2":"type-post","3":"status-publish","4":"format-standard","5":"has-post-thumbnail","7":"category-salud","8":"tag-canarias","9":"tag-chacaras","10":"tag-deportes","11":"tag-es","12":"tag-espana","13":"tag-esquelas","14":"tag-folklore","15":"tag-gomeraverde","16":"tag-health","17":"tag-lagomera","18":"tag-necrologicas","19":"tag-noticias","20":"tag-salud","21":"tag-silbo","22":"tag-spain"},"share_on_mastodon":{"url":"","error":""},"_links":{"self":[{"href":"https:\/\/www.europesays.com\/es\/wp-json\/wp\/v2\/posts\/160834","targetHints":{"allow":["GET"]}}],"collection":[{"href":"https:\/\/www.europesays.com\/es\/wp-json\/wp\/v2\/posts"}],"about":[{"href":"https:\/\/www.europesays.com\/es\/wp-json\/wp\/v2\/types\/post"}],"author":[{"embeddable":true,"href":"https:\/\/www.europesays.com\/es\/wp-json\/wp\/v2\/users\/2"}],"replies":[{"embeddable":true,"href":"https:\/\/www.europesays.com\/es\/wp-json\/wp\/v2\/comments?post=160834"}],"version-history":[{"count":0,"href":"https:\/\/www.europesays.com\/es\/wp-json\/wp\/v2\/posts\/160834\/revisions"}],"wp:featuredmedia":[{"embeddable":true,"href":"https:\/\/www.europesays.com\/es\/wp-json\/wp\/v2\/media\/153558"}],"wp:attachment":[{"href":"https:\/\/www.europesays.com\/es\/wp-json\/wp\/v2\/media?parent=160834"}],"wp:term":[{"taxonomy":"category","embeddable":true,"href":"https:\/\/www.europesays.com\/es\/wp-json\/wp\/v2\/categories?post=160834"},{"taxonomy":"post_tag","embeddable":true,"href":"https:\/\/www.europesays.com\/es\/wp-json\/wp\/v2\/tags?post=160834"}],"curies":[{"name":"wp","href":"https:\/\/api.w.org\/{rel}","templated":true}]}}