{"id":160868,"date":"2025-10-07T12:11:13","date_gmt":"2025-10-07T12:11:13","guid":{"rendered":"https:\/\/www.europesays.com\/es\/160868\/"},"modified":"2025-10-07T12:11:13","modified_gmt":"2025-10-07T12:11:13","slug":"zurich-con-casi-un-5-del-sabadell-no-acude-a-la-opa","status":"publish","type":"post","link":"https:\/\/www.europesays.com\/es\/160868\/","title":{"rendered":"Zurich, con casi un 5% del Sabadell, no acude a la OPA"},"content":{"rendered":"<p>    <img fetchpriority=\"high\" decoding=\"async\" src=\"data:image\/gif;base64,R0lGODlhAQABAIAAAAAAAP\/\/\/ywAAAAAAQABAAACAUwAOw==\" alt=\"Varapalo para BBVA: Zurich, con casi un 5% del Sabadell, no acude a la OPA\" loading=\"eager\" height=\"418\" width=\"740\" class=\"yf-1gfnohs loader\"\/> Varapalo para BBVA: Zurich, con casi un 5% del Sabadell, no acude a la OPA      <\/p>\n<p class=\"yf-1090901\">La aseguradora <strong>Zurich<\/strong> ha decidido no acudir a la <a class=\"link \" href=\"https:\/\/www.estrategiasdeinversion.com\/herramientas\/diccionario\/mercados\/tipos-de-opa-t-477\" rel=\"nofollow noopener\" target=\"_blank\" data-ylk=\"slk:oferta p\u00fablica de adquisici\u00f3n (OPA);elm:context_link;itc:0;sec:content-canvas\">oferta p\u00fablica de adquisici\u00f3n (OPA)<\/a> lanzada por <a class=\"link \" href=\"https:\/\/www.estrategiasdeinversion.com\/cotizaciones\/indices\/mercado-continuo\/bbva\" rel=\"nofollow noopener\" target=\"_blank\" data-ylk=\"slk:BBVA;elm:context_link;itc:0;sec:content-canvas\">BBVA<\/a>\u00a0sobre <a class=\"link \" href=\"https:\/\/www.estrategiasdeinversion.com\/cotizaciones\/indices\/mercado-continuo\/banco-sabadell\" rel=\"nofollow noopener\" target=\"_blank\" data-ylk=\"slk:Banco Sabadell;elm:context_link;itc:0;sec:content-canvas\">Banco Sabadell<\/a>, aludiendo a que las perspectivas del banco catal\u00e1n en solitario son m\u00e1s atractivas, seg\u00fan un comunicado remitido a Europa Press.<\/p>\n<p class=\"yf-1090901\">\u201cZurich no tiene intenci\u00f3n de presentar una oferta por sus acciones en el marco del actual proceso de oferta voluntaria, ya que <strong>la oferta actual no supone una propuesta atractiva para los accionistas de Sabadell m\u00e1s all\u00e1 de las perspectivas independientes de la empresa<\/strong>\u201d, ha indicado un portavoz de la aseguradora en declaraciones a la agencia.<\/p>\n<p class=\"yf-1090901\">La firma suiza, que tiene una alianza en seguros con el banco catal\u00e1n, ha ido aumentando su participaci\u00f3n de manera paulatina en el capital de Banco Sabadell desde que empez\u00f3 la OPA. De acuerdo con los registros de la Comisi\u00f3n Nacional del Mercado de Valores (CNMV), cuenta actualmente con<strong> una participaci\u00f3n del 4,947% en el Sabadell<\/strong>.<\/p>\n<p class=\"yf-1090901\">Este martes, Banco Sabadell hab\u00eda solicitado a la CNMV que adoptara, \u201cde manera preventiva\u201d, un \u201ccriterio p\u00fablico\u201d que \u201cdeban cumplir todos aquellos accionistas de la entidad que quieran hacer p\u00fablicas sus intenciones sobre la OPA\u201d de BBVA, con el objetivo de \u201cevitar potenciales manipulaciones de mercado\u201d.<\/p>\n<p class=\"yf-1090901\">En el escrito remitido al supervisor, Sabadell ha pedido que exija a todos estos inversores que detallen cu\u00e1l es su participaci\u00f3n total en acciones de la entidad, que aseguren de forma \u201cfirme e irrevocable\u201d que van a ir por el 100% de su posici\u00f3n y que comuniquen cualquier tipo de inter\u00e9s adicional existente, incluyendo la titularidad de otros valores o instrumentos de deuda o capital regulatorio de la entidad catalana.<\/p>\n<p class=\"yf-1090901\">La semana pasada, el \u00fanico consejero dominical de Banco Sabadell, <a class=\"link \" href=\"https:\/\/www.estrategiasdeinversion.com\/actualidad\/noticias\/bolsa-espana\/opa-de-bbva-sobre-sabadell-aumenta-la-posibilidad-n-849999\" rel=\"nofollow noopener\" target=\"_blank\" data-ylk=\"slk:David Mart\u00ednez Guzm\u00e1n, se desmarc\u00f3 de la decisi\u00f3n del consejo;elm:context_link;itc:0;sec:content-canvas\"><strong>David Mart\u00ednez Guzm\u00e1n, se desmarc\u00f3 de la decisi\u00f3n del consejo<\/strong><\/a> de rechazar la oferta mejorada por BBVA y anunci\u00f3 que ten\u00eda intenci\u00f3n de acudir al canje.<\/p>\n<p class=\"yf-1090901\">El plazo de aceptaci\u00f3n de la OPA de BBVA sobre Banco Sabadell <strong>finalizar\u00e1 este viernes 10 de octubre (incluido)<\/strong>, casi un a\u00f1o y medio despu\u00e9s de que se lanzase la operaci\u00f3n. La liquidaci\u00f3n de la oferta se espera a partir del 17 de octubre, que es cuando los accionistas de Sabadell que hayan acudido al canje pasar\u00e1n a serlo de BBVA. Las \u00f3rdenes se pueden revocar hasta el 9 de octubre, d\u00eda previo al fin del periodo.<\/p>\n<p class=\"yf-1090901\">La OPA se inici\u00f3 con una contraprestaci\u00f3n de una acci\u00f3n de BBVA y un pago de 0,70 euros por 5,5483 acciones de Sabadell. Sin embargo, y tras rechazar en varias ocasiones una mejora del precio, el banco anunci\u00f3 el 22 de septiembre un alza del precio del 10% hasta intercambiar <strong>una acci\u00f3n de BBVA por 4,8376 t\u00edtulos de Sabadell<\/strong>.<\/p>\n","protected":false},"excerpt":{"rendered":"Varapalo para BBVA: Zurich, con casi un 5% del Sabadell, no acude a la OPA La aseguradora Zurich&hellip;\n","protected":false},"author":2,"featured_media":160869,"comment_status":"","ping_status":"","sticky":false,"template":"","format":"standard","meta":{"footnotes":""},"categories":[80],"tags":[47768,3287,3285,82,95,94,25,24,3284,1457,23],"class_list":{"0":"post-160868","1":"post","2":"type-post","3":"status-publish","4":"format-standard","5":"has-post-thumbnail","7":"category-economia","8":"tag-aseguradora-zurich","9":"tag-banco-sabadell","10":"tag-bbva","11":"tag-business","12":"tag-economia","13":"tag-economy","14":"tag-es","15":"tag-espana","16":"tag-opa","17":"tag-sabadell","18":"tag-spain"},"share_on_mastodon":{"url":"","error":""},"_links":{"self":[{"href":"https:\/\/www.europesays.com\/es\/wp-json\/wp\/v2\/posts\/160868","targetHints":{"allow":["GET"]}}],"collection":[{"href":"https:\/\/www.europesays.com\/es\/wp-json\/wp\/v2\/posts"}],"about":[{"href":"https:\/\/www.europesays.com\/es\/wp-json\/wp\/v2\/types\/post"}],"author":[{"embeddable":true,"href":"https:\/\/www.europesays.com\/es\/wp-json\/wp\/v2\/users\/2"}],"replies":[{"embeddable":true,"href":"https:\/\/www.europesays.com\/es\/wp-json\/wp\/v2\/comments?post=160868"}],"version-history":[{"count":0,"href":"https:\/\/www.europesays.com\/es\/wp-json\/wp\/v2\/posts\/160868\/revisions"}],"wp:featuredmedia":[{"embeddable":true,"href":"https:\/\/www.europesays.com\/es\/wp-json\/wp\/v2\/media\/160869"}],"wp:attachment":[{"href":"https:\/\/www.europesays.com\/es\/wp-json\/wp\/v2\/media?parent=160868"}],"wp:term":[{"taxonomy":"category","embeddable":true,"href":"https:\/\/www.europesays.com\/es\/wp-json\/wp\/v2\/categories?post=160868"},{"taxonomy":"post_tag","embeddable":true,"href":"https:\/\/www.europesays.com\/es\/wp-json\/wp\/v2\/tags?post=160868"}],"curies":[{"name":"wp","href":"https:\/\/api.w.org\/{rel}","templated":true}]}}