{"id":160881,"date":"2025-10-07T12:24:12","date_gmt":"2025-10-07T12:24:12","guid":{"rendered":"https:\/\/www.europesays.com\/es\/160881\/"},"modified":"2025-10-07T12:24:12","modified_gmt":"2025-10-07T12:24:12","slug":"que-famosos-mallorquines-cumplen-anos-en-octubre","status":"publish","type":"post","link":"https:\/\/www.europesays.com\/es\/160881\/","title":{"rendered":"\u00bfQu\u00e9 famosos mallorquines cumplen a\u00f1os en octubre?"},"content":{"rendered":"<p>El mes de octubre se presenta como una \u00e9poca especial para <strong>varias personalidades destacadas vinculadas a Mallorca<\/strong> que celebran su cumplea\u00f1os durante estas fechas. La variedad de perfiles demuestra la diversidad de talentos que ha dado esta isla mediterr\u00e1nea, configurando un mosaico cultural que enriquece el panorama nacional e internacional. <strong>Cada uno de estos personajes representa diferentes facetas<\/strong> del car\u00e1cter y la identidad mallorquina, proyectando valores y tradiciones de esta tierra hacia el exterior.<\/p>\n<p><strong>Juan March Ordinas, <\/strong>nacido el 4 de octubre en Santa Margalida, ha sido una de las figuras m\u00e1s influyentes en la historia econ\u00f3mica. Este empresario y financiero mallorqu\u00edn, fundador del grupo bancario Banca March, construy\u00f3 uno de los mayores imperios empresariales del siglo XX en Espa\u00f1a. Su vida estuvo marcada por sus \u00e9xitos empresariales, comenzando como un modesto comerciante de cerdos hasta convertirse en uno de los hombres m\u00e1s ricos y poderosos del pa\u00eds. La trayectoria de March incluy\u00f3 negocios tan diversos como el contrabando de tabaco, la banca, las navieras y las empresas energ\u00e9ticas. La Fundaci\u00f3n Juan March, creada en 1955, representa hoy uno de sus legados m\u00e1s duraderos para la cultura espa\u00f1ola, promoviendo actividades art\u00edsticas, cient\u00edficas y culturales.<\/p>\n<p>El 30 de octubre es el cumplea\u00f1os del pol\u00edtico mallorqu\u00edn <strong>Miquel Ensenyat<\/strong>. Como miembro destacado de M\u00c9S per Mallorca, ha ocupado cargos de relevancia en las instituciones insulares, incluyendo la presidencia del Consell de Mallorca. Su trayectoria pol\u00edtica se ha caracterizado por la defensa de valores progresistas, ecologistas y la promoci\u00f3n de la cultura y lengua propias de las islas. Ensenyat ha sido una figura clave en debates sobre el modelo tur\u00edstico sostenible para Mallorca, la protecci\u00f3n del territorio y la promoci\u00f3n de pol\u00edticas sociales.<\/p>\n<p>El deporte mallorqu\u00edn tambi\u00e9n tiene sus representantes entre los nacidos en octubre. <strong>Miguel \u00c1ngel Moy\u00e1 Rumbo<\/strong>, conocido futbol\u00edsticamente como Molondro, nacido el 19 de octubre en Sa Pobla, representa una de las figuras destacadas del f\u00fatbol balear. Su carrera como guardameta le llev\u00f3 a defender las porter\u00edas de diversos equipos en las categor\u00edas del f\u00fatbol espa\u00f1ol, dejando huella por su profesionalidad y entrega. Por su parte, <strong>Guillem Bauz\u00e0<\/strong>, nacido el 25 de octubre en Palma, desarroll\u00f3 una carrera futbol\u00edstica que le llev\u00f3 a jugar en equipos brit\u00e1nicos como el Swansea City, una trayectoria poco com\u00fan para los futbolistas espa\u00f1oles de su generaci\u00f3n. Su adaptaci\u00f3n al f\u00fatbol anglosaj\u00f3n demostr\u00f3 la versatilidad y capacidad de los deportistas mallorquines para triunfar en diferentes ligas europeas.<\/p>\n<p>El 19 de octubre celebra su cumplea\u00f1os el m\u00fasico <strong>Samuel Bouriah<\/strong>, conocido art\u00edsticamente como DJ Sammy. Nacido en Mallorca, su carrera musical le ha convertido en uno de los productores y disc jockeys m\u00e1s reconocidos de la escena dance europea. Sus \u00e9xitos como Heaven o The Boys of Summer alcanzaron los primeros puestos en las listas de \u00e9xitos internacionales a principios de los 2000. Sus actuaciones en los clubes de Ibiza y Mallorca le catapultaron a una carrera internacional que sigue activa.<\/p>\n<p>El mundo de la interpretaci\u00f3n tambi\u00e9n tiene su representante entre los mallorquines nacidos en octubre. <strong>Cinthia P\u00e9rez Mas<\/strong>, actriz nacida en Palma el 31 de octubre, ha desarrollado una carrera que la ha llevado a participar en diversas producciones audiovisuales con rostros tan conocidos como Rosal\u00eda. Adem\u00e1s, hace dos a\u00f1os acab\u00f3 el curso de Especialista de Cine en la agencia y academia de Barcelona In Extremis Film Services.<\/p>\n","protected":false},"excerpt":{"rendered":"El mes de octubre se presenta como una \u00e9poca especial para varias personalidades destacadas vinculadas a Mallorca que&hellip;\n","protected":false},"author":2,"featured_media":160882,"comment_status":"","ping_status":"","sticky":false,"template":"","format":"standard","meta":{"footnotes":""},"categories":[174],"tags":[5233,255,47773,146,147,25,24,256,10403,12648,492,23,2922,1529],"class_list":{"0":"post-160881","1":"post","2":"type-post","3":"status-publish","4":"format-standard","5":"has-post-thumbnail","7":"category-famosos","8":"tag-audiencias-um","9":"tag-celebrities","10":"tag-cumpleanos-en-mallorca","11":"tag-entertainment","12":"tag-entretenimiento","13":"tag-es","14":"tag-espana","15":"tag-famosos","16":"tag-famosos-en-mallorca","17":"tag-ia-news","18":"tag-sociedad","19":"tag-spain","20":"tag-tendencias","21":"tag-ultima-hora"},"share_on_mastodon":{"url":"","error":""},"_links":{"self":[{"href":"https:\/\/www.europesays.com\/es\/wp-json\/wp\/v2\/posts\/160881","targetHints":{"allow":["GET"]}}],"collection":[{"href":"https:\/\/www.europesays.com\/es\/wp-json\/wp\/v2\/posts"}],"about":[{"href":"https:\/\/www.europesays.com\/es\/wp-json\/wp\/v2\/types\/post"}],"author":[{"embeddable":true,"href":"https:\/\/www.europesays.com\/es\/wp-json\/wp\/v2\/users\/2"}],"replies":[{"embeddable":true,"href":"https:\/\/www.europesays.com\/es\/wp-json\/wp\/v2\/comments?post=160881"}],"version-history":[{"count":0,"href":"https:\/\/www.europesays.com\/es\/wp-json\/wp\/v2\/posts\/160881\/revisions"}],"wp:featuredmedia":[{"embeddable":true,"href":"https:\/\/www.europesays.com\/es\/wp-json\/wp\/v2\/media\/160882"}],"wp:attachment":[{"href":"https:\/\/www.europesays.com\/es\/wp-json\/wp\/v2\/media?parent=160881"}],"wp:term":[{"taxonomy":"category","embeddable":true,"href":"https:\/\/www.europesays.com\/es\/wp-json\/wp\/v2\/categories?post=160881"},{"taxonomy":"post_tag","embeddable":true,"href":"https:\/\/www.europesays.com\/es\/wp-json\/wp\/v2\/tags?post=160881"}],"curies":[{"name":"wp","href":"https:\/\/api.w.org\/{rel}","templated":true}]}}