{"id":16090,"date":"2025-07-31T10:38:12","date_gmt":"2025-07-31T10:38:12","guid":{"rendered":"https:\/\/www.europesays.com\/es\/16090\/"},"modified":"2025-07-31T10:38:12","modified_gmt":"2025-07-31T10:38:12","slug":"logrobasket-y-clavijo-juntos-en-el-salvaje-oeste","status":"publish","type":"post","link":"https:\/\/www.europesays.com\/es\/16090\/","title":{"rendered":"Logrobasket y Clavijo, juntos en el salvaje Oeste"},"content":{"rendered":"<p>La l\u00f3gica se impuso y Clavijo y LBC Cocinas.com compartir\u00e1n fase regular en el Grupo Oeste. <\/p>\n<p>La Federaci\u00f3n Espa\u00f1ola dio a conocer la disposici\u00f3n  &#8230; definitiva de la Segunda FEB una vez confirmados sus 28 participantes. De nuevo se dividen en dos conferencias, Este y Oeste, de catorce equipos cada una. <\/p>\n<p class=\"v-p\">En el grupo de los dos equipos riojanos siete son los que repiten. El Clavijo volver\u00e1 a verse las caras con los conocidos C\u00e1ceres, Coto C\u00f3rdoba, Biele ISB, Cl\u00ednica Ponferrada, Cultural y Deportiva Leonesa e Insolac Caja 87. A ellos se a\u00f1aden los descendidos Starlabs Mor\u00f3n, Valladolid. Los novatos son, adem\u00e1s del primer equipo del Logrobasket, Ja\u00e9n Para\u00edso Interior, Castillo de Gorraiz Valle de Eg\u00fc\u00e9s, C\u00edrculo Gij\u00f3n Baloncesto y Toledo.<\/p>\n<p class=\"v-p\">Por tanto, los dos equipos capitalinos se cruzar\u00e1n en doble vuelta a equipos de Navarra, Pa\u00eds Vasco, Asturias, Castilla y Le\u00f3n, Extremadura y Andaluc\u00eda. Si se repite la din\u00e1mica de temporadas pasadas, este grupo podr\u00eda volver a denominarse como el salvaje Oeste ya que la igualdad entre los catorce equipos permiti\u00f3 mantener la emoci\u00f3n hasta el final tanto en la zona alta como en la baja de la clasificaci\u00f3n. Los resultados inesperados y las variaciones en la tabla hac\u00edan que en solo unas pocas jornadas los objetivos y las miradas de unos y otros cambiaran de repente del &#8216;play off&#8217; de ascenso a la l\u00ednea roja del descenso.<\/p>\n<p class=\"v-p\">En el Este quedan encuadrados los equipos de Arag\u00f3n, Catalu\u00f1a, Comunidad Valenciana, Madrid, Castilla-La Mancha, Murcia y Baleares. No habr\u00e1 representantes de Galicia, Cantabria, Islas Canarias ni de las ciudades aut\u00f3nomas. <\/p>\n<p class=\"v-p\">Este viernes, 1 de agosto, se llevar\u00e1 a cabo el sorteo de las 26 jornadas que componen la fase regular y que marcar\u00e1n la hoja de ruta definitiva de todos los equipos de Segunda FEB. El inicio de la liga est\u00e1 fijado por la federaci\u00f3n para el 4 de octubre.<\/p>\n<p class=\"v-p\"><strong>Juntos en la Copa Espa\u00f1a<\/strong><\/p>\n<p class=\"v-p\">Adem\u00e1s de en la fase regular liguera del Oeste, Clavijo y Logrobasket coincidir\u00e1n tambi\u00e9n en el Grupo de la Copa Espa\u00f1a. Blanquiazules y blanquirrojos competir\u00e1n por clasificarse para el &#8216;play off&#8217; con Biele ISB y Castillo de Gorraiz Valle de Eg\u00fc\u00e9s. <\/p>\n<p class=\"v-p\">Los grupos se han hecho atendiendo a un criterio de proximidad geogr\u00e1fica y solo se disputar\u00e1 una vuelta (tres partidos). Ahora bien, los resultados de los siete grupos se contabilizar\u00e1n de cara a una clasificaci\u00f3n unificada. Los primeros catorce clasificados al t\u00e9rmino de esta primera liguilla pasar\u00e1n a la fase de eliminatorias, a la que se incorporar\u00e1n ya los equipos de Primera FEB.<\/p>\n<p class=\"v-p\">Las tres jornadas se disputar\u00e1n los fines de semana del 14, 21 y 28 de septiembre.<\/p>\n<p>Sergi Serrato sigue en el Logrobasket<\/p>\n<p class=\"v-p\">\nCuatro son las renovaciones, junto a otros tantos fichajes, anunciadas ya por el Logrobasket de cara a su estreno en Segunda FEB. En los despachos de la entidad blanquirroja ten\u00edan claro que el &#8216;roster&#8217; de esta campa\u00f1a iba a tener un buen n\u00famero de caras reconocibles, de jugadores que se hab\u00edan ganado el puesto en una temporada exitosa pero tambi\u00e9n complicada. El \u00faltimo de los nombres dado a conocer y que ya figuraba en la plantilla anterior es el de Sergi Serrato. El internacional andorrano lleg\u00f3 al equipo de Nacho Arbu\u00e9s en febrero, cedido por el Morabanc de ACB y que ha prolongado un a\u00f1o m\u00e1s el acuerdo de vinculaci\u00f3n. Su t\u00e9cnico destaca \u00absu capacidad de revolucionar un partido cuando es necesario\u00bb.<\/p>\n","protected":false},"excerpt":{"rendered":"La l\u00f3gica se impuso y Clavijo y LBC Cocinas.com compartir\u00e1n fase regular en el Grupo Oeste. La Federaci\u00f3n&hellip;\n","protected":false},"author":2,"featured_media":16091,"comment_status":"","ping_status":"","sticky":false,"template":"","format":"standard","meta":{"footnotes":""},"categories":[269],"tags":[299,298,4014,168,25,24,1300,10526,10528,10527,23,167],"class_list":{"0":"post-16090","1":"post","2":"type-post","3":"status-publish","4":"format-standard","5":"has-post-thumbnail","7":"category-baloncesto","8":"tag-baloncesto","9":"tag-basketball","10":"tag-clavijo","11":"tag-deportes","12":"tag-es","13":"tag-espana","14":"tag-juntos","15":"tag-logrobasket","16":"tag-oeste","17":"tag-salvaje","18":"tag-spain","19":"tag-sports"},"share_on_mastodon":{"url":"","error":""},"_links":{"self":[{"href":"https:\/\/www.europesays.com\/es\/wp-json\/wp\/v2\/posts\/16090","targetHints":{"allow":["GET"]}}],"collection":[{"href":"https:\/\/www.europesays.com\/es\/wp-json\/wp\/v2\/posts"}],"about":[{"href":"https:\/\/www.europesays.com\/es\/wp-json\/wp\/v2\/types\/post"}],"author":[{"embeddable":true,"href":"https:\/\/www.europesays.com\/es\/wp-json\/wp\/v2\/users\/2"}],"replies":[{"embeddable":true,"href":"https:\/\/www.europesays.com\/es\/wp-json\/wp\/v2\/comments?post=16090"}],"version-history":[{"count":0,"href":"https:\/\/www.europesays.com\/es\/wp-json\/wp\/v2\/posts\/16090\/revisions"}],"wp:featuredmedia":[{"embeddable":true,"href":"https:\/\/www.europesays.com\/es\/wp-json\/wp\/v2\/media\/16091"}],"wp:attachment":[{"href":"https:\/\/www.europesays.com\/es\/wp-json\/wp\/v2\/media?parent=16090"}],"wp:term":[{"taxonomy":"category","embeddable":true,"href":"https:\/\/www.europesays.com\/es\/wp-json\/wp\/v2\/categories?post=16090"},{"taxonomy":"post_tag","embeddable":true,"href":"https:\/\/www.europesays.com\/es\/wp-json\/wp\/v2\/tags?post=16090"}],"curies":[{"name":"wp","href":"https:\/\/api.w.org\/{rel}","templated":true}]}}