{"id":160927,"date":"2025-10-07T13:00:17","date_gmt":"2025-10-07T13:00:17","guid":{"rendered":"https:\/\/www.europesays.com\/es\/160927\/"},"modified":"2025-10-07T13:00:17","modified_gmt":"2025-10-07T13:00:17","slug":"dia-internacional-de-la-dislexia-ayuntamiento-valle-de-egues","status":"publish","type":"post","link":"https:\/\/www.europesays.com\/es\/160927\/","title":{"rendered":"D\u00cdA INTERNACIONAL DE LA DISLEXIA &#8211; Ayuntamiento Valle de Eg\u00fc\u00e9s"},"content":{"rendered":"<p>\tEl edificio del Ayuntamiento se iluminar\u00e1 de azul turquesa ma\u00f1ana, 8 de octubre, por el D\u00eda Internacional de la Dislexia<\/p>\n<p>El Ayuntamiento del Valle de Eg\u00fc\u00e9s\/Eguesibar participar\u00e1 en la campa\u00f1a internacional \u201cUnidos por la Dislexia\u201d, que se celebra ma\u00f1ana 8 de octubre, con motivo del D\u00eda Internacional de la Dislexia.<\/p>\n<p>As\u00ed, el edificio consistorial se iluminar\u00e1 de color azul turquesa como muestra de solidaridad hacia esta causa, dando visibilidad a las personas con dislexi en una iniciativa coordinada por DISFAM y el Observatorio Internacional de Dislexia y otras Dificultades Espec\u00edficas de Aprendizaje (OIDEA).<\/p>\n<p>La dislexia es un trastorno del aprendizaje, que afecta como m\u00ednimo al 10% de la poblaci\u00f3n mundial y que, en muchas ocasiones, es detectado tarde debido a que es un trastorno totalmente invisible, que ocasiona la mayor parte de los fracasos y abandonos escolares.<\/p>\n<p>En los \u00faltimos a\u00f1os, el impacto de esta campa\u00f1a ha sido excepcional, pues cada vez son m\u00e1s los Ayuntamientos, Parlamentos, Asambleas Nacionales, Senados y otras Instituciones internacionales, que iluminan de color azul turquesa sus edificios o monumentos que considere.<\/p>\n<p>#UnidosPorLaDislexia<\/p>\n","protected":false},"excerpt":{"rendered":"El edificio del Ayuntamiento se iluminar\u00e1 de azul turquesa ma\u00f1ana, 8 de octubre, por el D\u00eda Internacional de&hellip;\n","protected":false},"author":2,"featured_media":160928,"comment_status":"","ping_status":"","sticky":false,"template":"","format":"standard","meta":{"footnotes":""},"categories":[5],"tags":[17,18,25,24,13,14,11,19,20,9,10,15,16,23,12,21,22],"class_list":{"0":"post-160927","1":"post","2":"type-post","3":"status-publish","4":"format-standard","5":"has-post-thumbnail","7":"category-titulares","8":"tag-breaking-news","9":"tag-breakingnews","10":"tag-es","11":"tag-espana","12":"tag-featured-news","13":"tag-featurednews","14":"tag-headlines","15":"tag-latest-news","16":"tag-latestnews","17":"tag-news","18":"tag-noticias","19":"tag-noticias-destacadas","20":"tag-noticiasdestacadas","21":"tag-spain","22":"tag-titulares","23":"tag-ultimas-noticias","24":"tag-ultimasnoticias"},"share_on_mastodon":{"url":"","error":""},"_links":{"self":[{"href":"https:\/\/www.europesays.com\/es\/wp-json\/wp\/v2\/posts\/160927","targetHints":{"allow":["GET"]}}],"collection":[{"href":"https:\/\/www.europesays.com\/es\/wp-json\/wp\/v2\/posts"}],"about":[{"href":"https:\/\/www.europesays.com\/es\/wp-json\/wp\/v2\/types\/post"}],"author":[{"embeddable":true,"href":"https:\/\/www.europesays.com\/es\/wp-json\/wp\/v2\/users\/2"}],"replies":[{"embeddable":true,"href":"https:\/\/www.europesays.com\/es\/wp-json\/wp\/v2\/comments?post=160927"}],"version-history":[{"count":0,"href":"https:\/\/www.europesays.com\/es\/wp-json\/wp\/v2\/posts\/160927\/revisions"}],"wp:featuredmedia":[{"embeddable":true,"href":"https:\/\/www.europesays.com\/es\/wp-json\/wp\/v2\/media\/160928"}],"wp:attachment":[{"href":"https:\/\/www.europesays.com\/es\/wp-json\/wp\/v2\/media?parent=160927"}],"wp:term":[{"taxonomy":"category","embeddable":true,"href":"https:\/\/www.europesays.com\/es\/wp-json\/wp\/v2\/categories?post=160927"},{"taxonomy":"post_tag","embeddable":true,"href":"https:\/\/www.europesays.com\/es\/wp-json\/wp\/v2\/tags?post=160927"}],"curies":[{"name":"wp","href":"https:\/\/api.w.org\/{rel}","templated":true}]}}