{"id":160931,"date":"2025-10-07T13:07:08","date_gmt":"2025-10-07T13:07:08","guid":{"rendered":"https:\/\/www.europesays.com\/es\/160931\/"},"modified":"2025-10-07T13:07:08","modified_gmt":"2025-10-07T13:07:08","slug":"ferrari-convoca-un-gabinete-de-crisis-y-ya-se-teme-lo-peor-para-el-futuro-el-2026-da-miedo","status":"publish","type":"post","link":"https:\/\/www.europesays.com\/es\/160931\/","title":{"rendered":"Ferrari convoca un gabinete de crisis y ya se teme lo peor para el futuro: \u00abEl 2026 da miedo\u00bb"},"content":{"rendered":"<p class=\"L6-news-detail__text\"><b>Charles Leclerc, sexto; Lewis Hamilton, octavo.<\/b> Esos fueron los resultados de Ferrari en un fin de semana, el de Singapur, en el que <b><a title=\"George Russell y su Mercedes\" href=\"https:\/\/www.lasexta.com\/noticias\/deportes\/motor\/formula1\/russell-vuelve-rechazar-oferta-renovacion-mercedes-hay-tres-motivos-fundamentales_2025100768e4e9bde81f4179693aa6fe.html\" target=\"_blank\" rel=\"nofollow noopener\">George Russell y su Mercedes<\/a><\/b> se colaron por delante de los dos McLaren y de <b><a title=\"Max Verstappen\" href=\"https:\/\/www.lasexta.com\/noticias\/deportes\/motor\/formula1\/palo-verstappen-fia-sus-innovadoras-medidas-menos-chalecos-refrigerantes-mas_2025100668e3c357e81f41796939cb40.html\" target=\"_blank\" rel=\"nofollow noopener\">Max Verstappen<\/a><\/b>. Porque con este Ferrari no se pueden aprovechar esas oportunidad.<\/p>\n<p class=\"L6-news-detail__text\">Y en Italia informan de un gabinete de crisis en Maranello. Habr\u00e1 reuni\u00f3n entre los dos jefazos de la marca, <b>John Elkann y Benedetto Vigna.<\/b><\/p>\n<p class=\"L6-news-detail__text\">El citado medio se teme lo peor para la temporada que viene, cuando entren en vigor las nuevas normas de la F\u00f3rmula 1: <b>\u00abEl 2026 da miedo en Ferrari&#8230;\u00bb.<\/b><\/p>\n<p class=\"L6-news-detail__text\">El camino hacia esas nuevas normas est\u00e1 siendo desastroso. Sobre todo porque hab\u00eda muchas esperanzas en este curso en el que el fichaje de <b><a title=\"Lewis Hamilton\" href=\"https:\/\/www.lasexta.com\/noticias\/deportes\/motor\/formula1\/consejo-hamilton-piastri-que-puede-hacer-arder-mclaren-posicion-nunca-mas_2025100768e4b3000e3c6c5098263407.html\" target=\"_blank\" rel=\"nofollow noopener\">Lewis Hamilton<\/a><\/b>, siete veces campe\u00f3n del mundo, est\u00e1 resultando realmente decepcionante. Camina sexto en la clasificaci\u00f3n general de pilotos.<\/p>\n<p class=\"L6-news-detail__text\">Pero ni \u00e9l ni Leclerc consiguen acercarse a los mejores. <b>Lejos de la lucha por el mundial<\/b> e incapaces de aprovechar las oportunidades que surgen. Ninguna victoria en todo el calendario y el futuro ni mucho menos es prometedor.<\/p>\n<p class=\"L6-news-detail__text\">De ah\u00ed las cr\u00edticas de la prensa italiana, que vuelven a poner el foco en un <b>Fred Vasseur<\/b> reci\u00e9n renovado como jefe. El gabinete de crisis se celebrar\u00e1 en Maranello esta semana antes del viaje a Estados Unidos.<\/p>\n<p class=\"L6-support-news-video__title\">MotoGP<\/p>\n<p>            <a href=\"https:\/\/www.lasexta.com\/noticias\/deportes\/motor\/insaciable-tremendo-doble-adelantamiento-marquez-sprint-indonesia_2025100468e0d199771e4a2d532da1fd.html\" class=\"L6-news__link\" rel=\"nofollow noopener\" target=\"_blank\"><br \/>\n                Es insaciable: el tremendo doble adelantamiento de M\u00e1rquez en la &#8216;sprint&#8217; de Indonesia<\/p>\n<p class=\"recirculation-video-desc\">El de Cervera se deshizo de Binder y Morbidelli en pr\u00e1cticamente una curva con una acci\u00f3n espectacular. Sin embargo, no puedo evitar su peor resultado en una &#8216;sprint&#8217; esta temporada.<\/p>\n<p>            <\/a><\/p>\n","protected":false},"excerpt":{"rendered":"Charles Leclerc, sexto; Lewis Hamilton, octavo. Esos fueron los resultados de Ferrari en un fin de semana, el&hellip;\n","protected":false},"author":2,"featured_media":160932,"comment_status":"","ping_status":"","sticky":false,"template":"","format":"standard","meta":{"footnotes":""},"categories":[270],"tags":[168,25,24,306,271,272,23,167],"class_list":{"0":"post-160931","1":"post","2":"type-post","3":"status-publish","4":"format-standard","5":"has-post-thumbnail","7":"category-formula-1","8":"tag-deportes","9":"tag-es","10":"tag-espana","11":"tag-f1","12":"tag-formula-1","13":"tag-formula1","14":"tag-spain","15":"tag-sports"},"share_on_mastodon":{"url":"","error":""},"_links":{"self":[{"href":"https:\/\/www.europesays.com\/es\/wp-json\/wp\/v2\/posts\/160931","targetHints":{"allow":["GET"]}}],"collection":[{"href":"https:\/\/www.europesays.com\/es\/wp-json\/wp\/v2\/posts"}],"about":[{"href":"https:\/\/www.europesays.com\/es\/wp-json\/wp\/v2\/types\/post"}],"author":[{"embeddable":true,"href":"https:\/\/www.europesays.com\/es\/wp-json\/wp\/v2\/users\/2"}],"replies":[{"embeddable":true,"href":"https:\/\/www.europesays.com\/es\/wp-json\/wp\/v2\/comments?post=160931"}],"version-history":[{"count":0,"href":"https:\/\/www.europesays.com\/es\/wp-json\/wp\/v2\/posts\/160931\/revisions"}],"wp:featuredmedia":[{"embeddable":true,"href":"https:\/\/www.europesays.com\/es\/wp-json\/wp\/v2\/media\/160932"}],"wp:attachment":[{"href":"https:\/\/www.europesays.com\/es\/wp-json\/wp\/v2\/media?parent=160931"}],"wp:term":[{"taxonomy":"category","embeddable":true,"href":"https:\/\/www.europesays.com\/es\/wp-json\/wp\/v2\/categories?post=160931"},{"taxonomy":"post_tag","embeddable":true,"href":"https:\/\/www.europesays.com\/es\/wp-json\/wp\/v2\/tags?post=160931"}],"curies":[{"name":"wp","href":"https:\/\/api.w.org\/{rel}","templated":true}]}}