{"id":160985,"date":"2025-10-07T13:56:16","date_gmt":"2025-10-07T13:56:16","guid":{"rendered":"https:\/\/www.europesays.com\/es\/160985\/"},"modified":"2025-10-07T13:56:16","modified_gmt":"2025-10-07T13:56:16","slug":"irene-rosales-vuelve-a-la-tele-un-mes-despues-de-anunciar-su-separacion-de-kiko-rivera-todos-los-detalles","status":"publish","type":"post","link":"https:\/\/www.europesays.com\/es\/160985\/","title":{"rendered":"Irene Rosales vuelve a la tele un mes despu\u00e9s de anunciar su separaci\u00f3n de Kiko Rivera: todos los detalles"},"content":{"rendered":"<p><img loading=\"lazy\" decoding=\"async\" src=\"https:\/\/www.europesays.com\/es\/wp-content\/uploads\/2025\/09\/100x100_informalia-logo.jpg\" itemtype=\"\/\/schema.org\/ImageObject\" itemprop=\"url\" alt=\"Informalia\" width=\"64\" height=\"64\" pinger-seen=\"true\"\/><\/p>\n<p>Sin pausa, pero sin prisa. As\u00ed est\u00e1 reconstruyendo su vida <b>Irene Rosales<\/b> tras haber puesto fin a su matrimonio con<b> Kiko Rivera<\/b>, una uni\u00f3n que ha durado 11 a\u00f1os y de la que han nacido dos hijas, Ana y Carlota. Tras los comunicados separados con los que anunciaron su ruptura, el intercambio de pullitas e indirectas entre los ex en redes sociales ha sido continuo. De hecho, el DJ anunci\u00f3 que escribir\u00e1 una canci\u00f3n sobre lo sucedido, al m\u00e1s puro estilo Shakira. Ahora, la sevillana ha dado un paso al frente y ha tomado la delantera al hijo de <b>Isabel Pantoja<\/b> firmando un nuevo proyecto profesional que la lleva, de nuevo, a la televisi\u00f3n.<\/p>\n<p>Seg\u00fan Poco pasa TV, Irene acudir\u00e1 pr\u00f3ximamente como invitada al programa Bailando con las estrellas, donde coincidir\u00e1 con Anabel Pantoja, la prima de Kiko, con la que siempre han mantenido muy buena relaci\u00f3n. Por el momento, Irene no se ha pronunciado al respecto pero s\u00ed ha compartido un mensaje en Instagram: \u00abEnfocada en lo que s\u00ed hay, en lo que s\u00ed tengo, en lo que s\u00ed soy, en los que s\u00ed est\u00e1n\u00bb. Se trata de un primer paso, un acercamiento a la cadena de Fuencarral en la que ya trabaj\u00f3 Irene (Viva la vida en 2021 y Fiesta en 2024) y podr\u00eda recuperarla con una nueva colaboraci\u00f3n o incluso con una entrevista De Viernes, donde le pagar\u00edan una jugosa cifra.<\/p>\n<p>Irene contin\u00faa en la residencia familiar en Castilleja de la Cuesta con sus dos hijas, mientras que Kiko se ha instalado en un piso en Sevilla. Su relaci\u00f3n, por el momento, parece cordial por el bien de las ni\u00f1as, a las que acompa\u00f1aron hace un par de semanas en el primer d\u00eda de colegio. Ambos han hecho borr\u00f3n y cuenta nueva en sus vidas: ella, rodeada de familiares y amigos que se han convertido en su principal apoyo; \u00e9l centrado en su carrera musical: \u00abSe vienen muchas sorpresas y no solo de videojuegos. Estar\u00e9 m\u00e1s activo en redes aunque ve\u00e1is que he borrado todas fotos. Lo hice porque los buenos recuerdos ya est\u00e1n dentro de m\u00ed y siento que es hora de empezar de cero\u00bb, dijo a principios de mes. <\/p>\n<p>WhatsApp<a href=\"https:\/\/api.whatsapp.com\/send?text=https:\/\/www.eleconomista.es\/informalia\/television\/noticias\/13571129\/09\/25\/irene-rosales-vuelve-a-la-tele-un-mes-despues-de-anunciar-su-separacion-de-kiko-rivera-todos-los-detalles.html?utm_source%3Dwhatsapp%26utm_medium%3Dshare_button&amp;id=1648118629957_whatsapp\" target=\"_blank\" data-action=\"share\/whatsapp\/share\" aria-label=\"Compartir en Whatsapp\" rel=\"nofollow noopener\"><\/a>Facebook<a id=\"fb-share\" href=\"#\" target=\"_blank\" rel=\"noopener noreferrer\" aria-label=\"Compartir en Facebook\"><\/a>Twitter<a href=\"https:\/\/twitter.com\/share?text=Irene+Rosales+vuelve+a+la+tele+un+mes+despu%C3%A9s+de+anunciar+su+separaci%C3%B3n+de+Kiko+Rivera%3A+todos+los+detalles&amp;url=https:\/\/www.eleconomista.es\/informalia\/television\/noticias\/13571129\/09\/25\/irene-rosales-vuelve-a-la-tele-un-mes-despues-de-anunciar-su-separacion-de-kiko-rivera-todos-los-detalles.html&amp;via=Informalia&amp;id=1648118839245_twitter\" target=\"_blank\" aria-label=\"Compartir en Twitter\" rel=\"nofollow noopener\"><\/a>Linkedin<a onclick=\"return abrirLinkedin();\" href=\"https:\/\/www.linkedin.com\/shareArticle?text=Irene+Rosales+vuelve+a+la+tele+un+mes+despu%C3%A9s+de+anunciar+su+separaci%C3%B3n+de+Kiko+Rivera%3A+todos+los+detalles&amp;url=https:\/\/www.eleconomista.es\/informalia\/television\/noticias\/13571129\/09\/25\/irene-rosales-vuelve-a-la-tele-un-mes-despues-de-anunciar-su-separacion-de-kiko-rivera-todos-los-detalles.html&amp;mini=true\" target=\"_blank\" aria-label=\"Compartir en linkedin\" rel=\"nofollow noopener\"><\/a>Beloud<a href=\"https:\/\/beloud.com\/share?text=Irene+Rosales+vuelve+a+la+tele+un+mes+despu%C3%A9s+de+anunciar+su+separaci%C3%B3n+de+Kiko+Rivera%3A+todos+los+detalles&amp;url=https:\/\/www.eleconomista.es\/informalia\/television\/noticias\/13571129\/09\/25\/irene-rosales-vuelve-a-la-tele-un-mes-despues-de-anunciar-su-separacion-de-kiko-rivera-todos-los-detalles.html&amp;via=Informalia&amp;id=1648118839245_beloud\" target=\"_blank\" aria-label=\"Compartir en beloud\" rel=\"nofollow noopener\"><\/a>Bluesky<a href=\"https:\/\/bsky.app\/intent\/compose?text=https:\/\/bsky.app\/intent\/compose?text=https:\/\/www.eleconomista.es\/informalia\/television\/noticias\/13571129\/09\/25\/irene-rosales-vuelve-a-la-tele-un-mes-despues-de-anunciar-su-separacion-de-kiko-rivera-todos-los-detalles.html&amp;url=https:\/\/www.eleconomista.es\/informalia\/television\/noticias\/13571129\/09\/25\/irene-rosales-vuelve-a-la-tele-un-mes-despues-de-anunciar-su-separacion-de-kiko-rivera-todos-los-detalles.html&amp;via=elEconomistaes&amp;id=1648118839245_bluesky\" target=\"_blank\" aria-label=\"Compartir en bluesky\" rel=\"nofollow noopener\"><\/a><\/p>\n<p><script async src=\"https:\/\/platform.twitter.com\/widgets.js\" charset=\"utf-8\"><\/script><\/p>\n","protected":false},"excerpt":{"rendered":"Sin pausa, pero sin prisa. As\u00ed est\u00e1 reconstruyendo su vida Irene Rosales tras haber puesto fin a su&hellip;\n","protected":false},"author":2,"featured_media":160986,"comment_status":"","ping_status":"","sticky":false,"template":"","format":"standard","meta":{"footnotes":""},"categories":[174],"tags":[255,146,147,25,24,256,23,2626],"class_list":{"0":"post-160985","1":"post","2":"type-post","3":"status-publish","4":"format-standard","5":"has-post-thumbnail","7":"category-famosos","8":"tag-celebrities","9":"tag-entertainment","10":"tag-entretenimiento","11":"tag-es","12":"tag-espana","13":"tag-famosos","14":"tag-spain","15":"tag-televisian"},"share_on_mastodon":{"url":"","error":""},"_links":{"self":[{"href":"https:\/\/www.europesays.com\/es\/wp-json\/wp\/v2\/posts\/160985","targetHints":{"allow":["GET"]}}],"collection":[{"href":"https:\/\/www.europesays.com\/es\/wp-json\/wp\/v2\/posts"}],"about":[{"href":"https:\/\/www.europesays.com\/es\/wp-json\/wp\/v2\/types\/post"}],"author":[{"embeddable":true,"href":"https:\/\/www.europesays.com\/es\/wp-json\/wp\/v2\/users\/2"}],"replies":[{"embeddable":true,"href":"https:\/\/www.europesays.com\/es\/wp-json\/wp\/v2\/comments?post=160985"}],"version-history":[{"count":0,"href":"https:\/\/www.europesays.com\/es\/wp-json\/wp\/v2\/posts\/160985\/revisions"}],"wp:featuredmedia":[{"embeddable":true,"href":"https:\/\/www.europesays.com\/es\/wp-json\/wp\/v2\/media\/160986"}],"wp:attachment":[{"href":"https:\/\/www.europesays.com\/es\/wp-json\/wp\/v2\/media?parent=160985"}],"wp:term":[{"taxonomy":"category","embeddable":true,"href":"https:\/\/www.europesays.com\/es\/wp-json\/wp\/v2\/categories?post=160985"},{"taxonomy":"post_tag","embeddable":true,"href":"https:\/\/www.europesays.com\/es\/wp-json\/wp\/v2\/tags?post=160985"}],"curies":[{"name":"wp","href":"https:\/\/api.w.org\/{rel}","templated":true}]}}