{"id":160991,"date":"2025-10-07T14:00:14","date_gmt":"2025-10-07T14:00:14","guid":{"rendered":"https:\/\/www.europesays.com\/es\/160991\/"},"modified":"2025-10-07T14:00:14","modified_gmt":"2025-10-07T14:00:14","slug":"noticias-del-miercoles-1-de-octubre-de-2025","status":"publish","type":"post","link":"https:\/\/www.europesays.com\/es\/160991\/","title":{"rendered":"Noticias del mi\u00e9rcoles 1 de octubre de 2025"},"content":{"rendered":"<p>            <img decoding=\"async\" src=\"https:\/\/www.europesays.com\/es\/wp-content\/uploads\/2025\/10\/20180403JC_0056-930x450.jpg\"\/><\/p>\n<p><a href=\"https:\/\/www.europesays.com\/es\/wp-content\/uploads\/2025\/10\/20180403JC_0056.jpg\"><img fetchpriority=\"high\" decoding=\"async\" class=\"size-full wp-image-142153\" src=\"https:\/\/www.europesays.com\/es\/wp-content\/uploads\/2025\/10\/20180403JC_0056.jpg\" alt=\"Polic\u00eda. Foto: Javier Calvelo \/ adhocFOTOS\" width=\"1024\" height=\"576\"  \/><\/a><\/p>\n<p style=\"text-align: right;\"><strong>Foto: <\/strong>Javier Calvelo \/ adhocFOTOS<\/p>\n<p>NACIONALES<\/p>\n<p><b>La Polic\u00eda detuvo este martes en Montevideo a un joven de 21 a\u00f1os buscado por un intento de homicidio, que adem\u00e1s es investigado por su posible participaci\u00f3n en el atentado contra la fiscal de Corte subrogante, M\u00f3nica Ferrero.<\/b><\/p>\n<p>El operativo se realiz\u00f3 en el barrio La Uni\u00f3n, donde los efectivos allanaron una vivienda e incautaron un veh\u00edculo con documentaci\u00f3n ap\u00f3crifa. La indagatoria est\u00e1 a cargo de Inteligencia, Narc\u00f3ticos y la Jefatura de Montevideo.<\/p>\n<p>Seg\u00fan inform\u00f3 Telemundo, el detenido tendr\u00eda v\u00ednculos con la banda de Los Alb\u00edn, uno de los grupos delictivos que operan en la capital.<\/p>\n<p><b>La fiscal de Estupefacientes, Angelita Romano, imput\u00f3 a un hombre que hab\u00eda sido detenido el domingo por el atentado contra la fiscal de Corte. La jueza Diovanet Olivera formaliz\u00f3 la investigaci\u00f3n por asociaci\u00f3n para delinquir, atentado agravado, estrago y receptaci\u00f3n, y dispuso prisi\u00f3n preventiva por 180 d\u00edas \u2014hasta el 28 de marzo\u2014 como medida cautelar.<\/b><\/p>\n<p>El sospechoso, de 55 a\u00f1os y sin antecedentes penales, fue identificado cuando circulaba en un autom\u00f3vil negro con el que se brind\u00f3 apoyo log\u00edstico a los atacantes..<\/p>\n<p>La mujer que viajaba con el detenido fue puesta en libertad tras comprobarse, con im\u00e1genes de c\u00e1maras, que no particip\u00f3 en el ataque.<\/p>\n<p>La Polic\u00eda contin\u00faa con varias l\u00edneas de investigaci\u00f3n. El Ej\u00e9rcito analiza la granada hallada en la casa de Ferrero y se revisa el ADN de una colilla encontrada en el lugar.<\/p>\n<p><b>La ministra de Defensa, Sandra Lazo, inform\u00f3 que la Brigada de Explosivos analiz\u00f3 las esquirlas y el iniciador del artefacto usado en el atentado contra la fiscal de Corte. El estudio preliminar determin\u00f3 que no se trata de material de uso del Ej\u00e9rcito, por lo que a\u00fan se desconoce su origen.<\/b><\/p>\n<p>Lazo advirti\u00f3 que el crimen organizado cuenta con m\u00faltiples v\u00edas para acceder a ese tipo de armamento y sostuvo que ser\u00e1 necesario reforzar los controles.<\/p>\n<p><b>El presidente Yamand\u00fa Orsi afirm\u00f3 que el reciente atentado contra la fiscal subrogante, M\u00f3nica Ferrero, no debe mezclarse con el debate sobre la designaci\u00f3n de un nuevo fiscal de Corte.\u00a0<\/b><\/p>\n<p>Luego de la reuni\u00f3n del lunes entre Orsi y los representantes de los partidos pol\u00edticos, el secretario general del Partido Colorado, Andr\u00e9s Ojeda, hab\u00eda llamado a \u201cabroquelarse\u201d detr\u00e1s de Ferrero.\u00a0<\/p>\n<blockquote>\n<p><strong>\u201cSi el sistema reacciona sacando a M\u00f3nica Ferrero, el narco gana. El mensaje es \u2018c\u00f3mprate una granada de mano y cambian al fiscal de Corte\u2019\u201d, hab\u00eda expresado Ojeda.<\/strong><\/p>\n<\/blockquote>\n<p>Consultado en rueda de prensa ayer, el presidente Orsi insisti\u00f3 en que se trata de dos discusiones distintas y que, llegado el momento, habr\u00e1 que encarar el asunto \u201cde la forma que sea\u201d.<\/p>\n<blockquote>\n<p><strong>\u201cNo hay que entreverar los tantos. Hoy el tema central es este, [es el tema] que puso en el centro de la atenci\u00f3n a la persona [de Ferrero] y a la instituci\u00f3n de la Fiscal\u00eda; entonces, tranquilos, no entreveremos los tantos, no contaminemos una cosa con la otra, porque lo peor que podemos hacer es que no pongamos el foco donde lo tenemos que poner\u201d.<\/strong><\/p>\n<\/blockquote>\n<p><b>Por otro lado, Orsi afirm\u00f3 que las instituciones deben fortalecerse para enfrentar al crimen organizado y valor\u00f3 el trabajo coordinado con Argentina, Paraguay y Brasil, ya que \u2014dijo\u2014 estos grupos no reconocen fronteras.\u00a0 Adem\u00e1s, se\u00f1al\u00f3 que el proyecto que modifica la Ley de Prevenci\u00f3n de Lavado de Activos es \u201cuna pata importante\u201d para frenar a las redes delictivas.<\/b><\/p>\n<p>Respecto a la reuni\u00f3n mantenida el lunes con los l\u00edderes de todos los partidos, destac\u00f3 la importancia de la unidad nacional y anunci\u00f3 que volver\u00e1 a convocar a las fuerzas pol\u00edticas a medida que se avance en nuevas medidas.<\/p>\n<p><b>El Frente Amplio resolvi\u00f3 aceptar una propuesta del Partido Colorado para postergar la votaci\u00f3n del proyecto del Poder Ejecutivo que modifica la ley de lavado de activos. Seg\u00fan explic\u00f3 el senador colorado Robert Silva, el acuerdo implica que la iniciativa se vote en una de las dos sesiones previas al tratamiento del Presupuesto Nacional, es decir, el 8 o el 15 de octubre, pero no hoy con car\u00e1cter de \u201cgrave y urgente\u201d, como pretend\u00eda hacerlo el oficialismo.<\/b><\/p>\n<p>La bancada frenteamplista hab\u00eda anunciado ayer que buscar\u00eda acelerar el tr\u00e1mite a ra\u00edz del atentado contra la fiscal de Corte M\u00f3nica Ferrero. El gobierno de Yamand\u00fa Orsi exhortaba a aprobar la ley con rapidez, al entender que los cambios son\u00a0 clave para fortalecer la lucha contra el narcotr\u00e1fico.<\/p>\n<p>Durante el d\u00eda, este asunto hab\u00eda generado pol\u00e9mica entre el oficialismo y la oposici\u00f3n. En rueda de prensa al mediod\u00eda, el senador frenteamplista Daniel Caggiani, coordinador de la bancada, dijo que \u201cno hay m\u00e1s tiempo que esperar\u201d.<\/p>\n<blockquote>\n<p><strong>\u201cPerseguir lo m\u00e1s importante que es el dinero que estas organizaciones criminales consiguen. Uruguay tiene importantes niveles de procedimientos, formalizaciones y condenas en algunos temas, pero nos falta bastante para avanzar en el combate al lavado de activos. En los \u00faltimos a\u00f1os s\u00f3lo ocho personas han sido procesadas por estos temas y sin dudas ah\u00ed tenemos un debe importante\u201d.<\/strong><\/p>\n<\/blockquote>\n<p>En tanto, la senadora nacionalista Graciela Bianchi dijo que el proyecto que promueve el oficialismo \u201ces un disparate\u201d que atenta contra las libertades individuales.<\/p>\n<blockquote>\n<p><strong>\u201cPretenden hacerle creer a la gente que con las modificaciones a la ley actual de lavado de activos \u2014de la cual soy corredactora, o sea, que s\u00e9 de lo que hablo\u2014 se va a frenar el narcotr\u00e1fico. De ninguna manera: eso es una pantalla de humo para perseguir a los ciudadanos honestos, levantar el secreto bancario e ir por las libertades individuales en materia financiera que no son solo financieras, son parte de nuestra vida\u201d.<\/strong><\/p>\n<\/blockquote>\n<p>OTROS TEMAS QUE SE DESTACAN<\/p>\n<p><b>El Ministerio de Econom\u00eda y Finanzas volvi\u00f3 a presentarse ayer ante la Comisi\u00f3n de Presupuesto integrada con Hacienda de Diputados, que desde agosto analiza el proyecto enviado por el Poder Ejecutivo. El ministro Gabriel Oddone y su equipo llevaron varias modificaciones al texto original, centradas en el Impuesto M\u00ednimo Global, el secreto bancario y algunos ajustes adicionales.<\/b><\/p>\n<p>En relaci\u00f3n con la aplicaci\u00f3n local del Impuesto M\u00ednimo Global \u2014un gravamen impulsado por la OCDE para grandes multinacionales\u2014, Oddone explic\u00f3 que las empresas instaladas en zonas francas amparadas por leyes de estabilidad tributaria no estar\u00e1n obligadas a pagar el impuesto cuando sus casas matrices est\u00e9n en pa\u00edses que no lo aplican. El cambio que se introduce ahora busca dar certeza jur\u00eddica a las zonas francas y responder a un reclamo del sector, que advert\u00eda que el nuevo tributo vulneraba los contratos vigentes.<\/p>\n<p>Seg\u00fan dijeron el ministro y su equipo en una conferencia de prensa antes de que terminara su comparecencia, esta aclaraci\u00f3n no cambia la recaudaci\u00f3n proyectada, porque ya se hab\u00eda previsto que estas firmas no ser\u00edan alcanzadas.<\/p>\n<p>Sobre el secreto bancario, el texto original del Presupuesto facultaba a la DGI a solicitar directamente el levantamiento de la reserva de la informaci\u00f3n bancaria sin pasar por la Justicia. Luego de las cr\u00edticas de distintos sectores, el gobierno cambi\u00f3 la propuesta: se mantiene la intervenci\u00f3n judicial, pero con un plazo m\u00e1ximo de diez d\u00edas h\u00e1biles para que el juez resuelva. Si en ese lapso no hay pronunciamiento, la autorizaci\u00f3n quedar\u00e1 otorgada autom\u00e1ticamente. Oddone defendi\u00f3 el cambio como un equilibrio entre las exigencias de la OCDE \u2014que reclamaba m\u00e1s agilidad\u2014 y las garant\u00edas para los contribuyentes.<\/p>\n<blockquote>\n<p><strong>\u201cSimplemente lo que estamos haciendo es mantener la intervenci\u00f3n preceptiva del Poder Judicial con plazos m\u00e1s acotados. Eso es una diferencia con lo que nosotros originalmente hab\u00edamos remitido, donde el Poder Judicial no ten\u00eda intervenci\u00f3n\u201d.<\/strong><\/p>\n<\/blockquote>\n<p>Desde la oposici\u00f3n surgieron reparos a este punto. El diputado nacionalista \u00c1lvaro Rodr\u00edguez Hunter advirti\u00f3 que, en la pr\u00e1ctica, los jueces no podr\u00e1n expedirse en tan poco tiempo, lo que habilitar\u00eda un acceso casi autom\u00e1tico a las cuentas bancarias.<\/p>\n<blockquote>\n<p><strong>\u201cLa OCDE exige 90 d\u00edas. Ese plazo ser\u00eda coherente. Un plazo de 10 d\u00edas en Uruguay,\u00a0 con el poco personal y recursos que tiene la Justicia sabemos que es dif\u00edcil de cumplir\u201d.<\/strong><\/p>\n<\/blockquote>\n<p>El paquete de modificaciones incluye tambi\u00e9n otros temas: se restableci\u00f3 la supervisi\u00f3n del Banco Central sobre las casas de cambio y cofres fort, que en el texto original hab\u00edan quedado fuera del control del regulador. El cambio responde a observaciones de la Senaclaft, que advirti\u00f3 riesgos de lavado de activos. Adem\u00e1s, se ajust\u00f3 el r\u00e9gimen de importaci\u00f3n de autos cl\u00e1sicos, que quedar\u00e1n exonerados de tributos salvo que se vendan en el pa\u00eds, en cuyo caso deber\u00e1n abonar lo que no pagaron al importarlos. Finalmente, se ampli\u00f3 a 2025 el per\u00edodo para acceder a los beneficios del programa de atracci\u00f3n de talento calificado.<\/p>\n<p><b>El gobierno dio por finalizada la alerta roja para personas en situaci\u00f3n de calle, que hab\u00eda entrado en vigor el 26 de junio luego de que se registraran varias muertes por hipotermia en distintos puntos del pa\u00eds.\u00a0<\/b><\/p>\n<p>La herramienta de la alerta roja, prevista en la ley de creaci\u00f3n del Sistema Nacional de Emergencias (Sinae) permiti\u00f3 la \u201cevacuaci\u00f3n obligatoria\u201d de personas y animales en situaci\u00f3n de vulnerabilidad o riesgo.\u00a0<\/p>\n<p>En una conferencia de prensa que encabezaron ayer el ministro de Desarrollo Social, Gonzalo Civila, y Leandro Palomeque, director del Sinae, se inform\u00f3 que durante m\u00e1s de tres meses el operativo implic\u00f3 un despliegue interinstitucional sin precedentes: se habilitaron refugios 24 horas y centros de evacuaci\u00f3n en coordinaci\u00f3n con intendencias y organizaciones sociales, se brindaron atenciones m\u00e9dicas en terreno y hasta se acondicionaron espacios para recibir mascotas.\u00a0<\/p>\n<p>Durante la alerta, seg\u00fan se consign\u00f3, hubo 19.802 traslados voluntarios, se gestionaron 22 internaciones compulsivas y 99 detenciones.\u00a0<\/p>\n<p>El ministro Civila sostuvo que el sistema lleg\u00f3 a duplicar su capacidad habitual, creciendo m\u00e1s de un 140% respecto al inicio del invierno.\u00a0<\/p>\n<blockquote>\n<p><strong>\u201cHoy podemos decir que m\u00e1s de 100 personas de las abarcadas por los centros de evacuaci\u00f3n, pudieron ingresar en comunidades terap\u00e9uticas, en propuestas de rehabilitaci\u00f3n para consumo problem\u00e1tico de drogas, y eso para nosotros es una muy buena noticia porque da cuenta de que hay experiencias que pueden ir m\u00e1s all\u00e1 de un lugar para pernoctar, un lugar para pasar la noche o para pasar el d\u00eda, en el caso de las personas que no tienen una vivienda a la que poder acceder\u201d\u00a0<\/strong><\/p>\n<\/blockquote>\n<p>Con la mejora de las temperaturas, se da por concluida esta etapa de emergencia y comienza otra: la del proceso de \u201cdesevacuaci\u00f3n\u201d, es decir, el retorno de quienes pasaron por los centros a los refugios habituales del Mides o a programas como los vales habitacionales y los dispositivos de rehabilitaci\u00f3n.<\/p>\n<p><b>La jueza Diovanet Olivera rechaz\u00f3 nuevamente el pedido de la fiscal Sandra Fleitas de enviar a prisi\u00f3n domiciliaria al exsenador frenteamplista Charles Carrera, imputado por el uso irregular del Hospital Policial. La magistrada entendi\u00f3 que no hay pruebas de que Carrera intentara entorpecer la investigaci\u00f3n. Adem\u00e1s, se neg\u00f3 a imponerle la prohibici\u00f3n de expresarse en redes sociales o ante la prensa, como tambi\u00e9n planteaba Fleitas.<\/b><\/p>\n<p>De esta forma, Carrera seguir\u00e1 esperando el juicio en libertad con medidas cautelares: fijar domicilio y no salir del pa\u00eds, hasta febrero de 2026. La fiscal apel\u00f3 la resoluci\u00f3n y explic\u00f3 que las medidas solicitadas buscaban proteger la etapa probatoria y evitar presiones o amedrentamientos a testigos.<\/p>\n<p>Carrera est\u00e1 imputado desde junio por fraude, falsificaci\u00f3n ideol\u00f3gica y uso indebido de informaci\u00f3n privilegiada. La investigaci\u00f3n penal, iniciada en 2022 a partir de una denuncia del Ministerio del Interior, apunta a dos hechos ocurridos entre 2013 y 2016: la entrega de tickets de alimentaci\u00f3n y la atenci\u00f3n m\u00e9dica en el Hospital Policial a V\u00edctor Hern\u00e1ndez, un civil herido por una bala perdida en noviembre de 2012, presuntamente disparada desde la casa de un polic\u00eda en La Paloma.<\/p>\n<p><b>A la salida de la audiencia, Carrera asegur\u00f3 que qued\u00f3 con \u201cla tranquilidad de que prim\u00f3 el Estado de derecho y la democracia\u201d.<\/b><\/p>\n<p>El exsenador cuestion\u00f3 las medidas solicitadas por la fiscal, reiter\u00f3 que la causa fue \u201carmada por Luis Alberto Heber\u201d y vincul\u00f3 nuevamente la denuncia a su rechazo al acuerdo firmado entre el gobierno y Katoen Natie por la terminal de contenedores del puerto de Montevideo, cuando Heber era ministro de Transporte. Aclar\u00f3 que sus cr\u00edticas no apuntan a la Fiscal\u00eda como instituci\u00f3n y sostuvo que respetar\u00e1 el resultado del proceso.<\/p>\n<blockquote>\n<p><strong>\u201cEl juez de garant\u00edas tuvo un rol muy importante, porque jam\u00e1s se puede cuestionar a una persona que ejerza el derecho a denunciar, el derecho a defenderse, el derecho a ejercer la libertad de expresi\u00f3n. En ese sentido, todas las medidas que solicitaba la Fiscal\u00eda considero que eran absurdas y hasta abusivas\u201d.<\/strong><\/p>\n<\/blockquote>\n<p><b>La Comisi\u00f3n de Salud del Senado recibi\u00f3 este martes al cardenal Daniel Sturla, quien reiter\u00f3 la oposici\u00f3n de la Iglesia Cat\u00f3lica al proyecto de ley de eutanasia. \u201cDefendemos la vida, este proyecto transmite la idea de que hay vidas descartables y por eso es negativo\u201d, se\u00f1al\u00f3 tras su comparecencia. Sturla insisti\u00f3 en que deber\u00eda llamarse \u201cley de eutanasia\u201d y no de \u201cmuerte digna\u201d, y propuso como alternativa fortalecer los cuidados paliativos.<\/b><\/p>\n<p>El debate parlamentario entr\u00f3 en su etapa final. El senador nacionalista Mart\u00edn Lema ratific\u00f3 que no votar\u00e1 el proyecto porque, seg\u00fan dijo, carece de garant\u00edas jur\u00eddicas y cl\u00ednicas. Adem\u00e1s, cuestion\u00f3 que el Ministerio de Salud P\u00fablica no haya asumido una postura institucional sobre el tema.<\/p>\n<p>Desde el oficialismo, el senador frenteamplista An\u00edbal Pereyra consider\u00f3 importante escuchar todas las voces, aunque record\u00f3 que la posici\u00f3n de la Iglesia no es nueva. Consultado por La Diaria, se\u00f1al\u00f3 que el texto ya fue aprobado en Diputados y que la intenci\u00f3n del Frente Amplio es que el Senado lo someta a votaci\u00f3n en el plenario a mediados de octubre.<\/p>\n<p><b>Un grupo llamado \u201cPampaLeaks\u201d asegur\u00f3 haber accedido a los sistemas de Ceibal y filtrado datos de m\u00e1s de un mill\u00f3n de uruguayos. Seg\u00fan lo publicado en foros de internet, la informaci\u00f3n incluye nombres, c\u00e9dulas, n\u00fameros de serie y el historial de cada computadora entregada a estudiantes, docentes y funcionarios, lo que permitir\u00eda vincular cada dispositivo con su usuario.<\/b><\/p>\n<p>Los atacantes divulgaron una muestra con 33 mil registros y advirtieron que lo difundido es apenas \u201cla punta del iceberg\u201d. El mismo grupo ya se hab\u00eda atribuido hackeos a Dinacia, la Fiscal\u00eda General y la Masoner\u00eda, y afirma tener informaci\u00f3n sensible de otros organismos estatales, como Sucive, ANEP y la Direcci\u00f3n Nacional de Identificaci\u00f3n Civil.<\/p>\n<p>Ceibal, en tanto, neg\u00f3 que se haya vulnerado su infraestructura interna y asegur\u00f3 que la filtraci\u00f3n provino de un informe espec\u00edfico y del perfil de un usuario de la plataforma CREA. El organismo remarc\u00f3 que no se afectaron los sistemas ni se comprometieron historiales de uso, y trabaja junto a Agesic para determinar el origen y alcance del incidente.<\/p>\n<p><b>La Confederaci\u00f3n de Sindicatos Industriales realiz\u00f3 ayer un paro parcial y una movilizaci\u00f3n frente al Ministerio de Trabajo, en reclamo de medidas para proteger el empleo y fortalecer la industria nacional. La protesta se dio en el marco de cierres de plantas l\u00e1cteas, panificadoras y automotrices, que se suman a otras empresas del sector.<\/b><\/p>\n<p>Seg\u00fan el presidente de la confederaci\u00f3n, Danilo D\u00e1rdano, en los \u00faltimos nueve meses se perdieron m\u00e1s de 4.000 puestos de trabajo, entre empleos formales, informales e indirectos. El dirigente advirti\u00f3 que el cierre de empresas genera un \u201cefecto contagio\u201d y reclam\u00f3 pol\u00edticas de Estado que aseguren estabilidad.<\/p>\n<p>Entre los planteos sindicales figuran la creaci\u00f3n de seguros especiales de desempleo, la mejora de la pauta salarial y una planificaci\u00f3n industrial sostenida. Tambi\u00e9n reclamaron atender el atraso cambiario y facilitar cr\u00e9ditos blandos para el sector productivo.<\/p>\n<p><b>M\u00e1s de 5.000 personas comienzan esta semana los cursos del programa Uruguay Impulsa en m\u00e1s de 200 localidades del pa\u00eds. La propuesta, coordinada por Inefop, UTU, ministerios e intendencias, apunta a mejorar la empleabilidad con formaci\u00f3n en construcci\u00f3n, log\u00edstica, administraci\u00f3n, gastronom\u00eda y competencias digitales.<\/b><\/p>\n<p>Las capacitaciones se extender\u00e1n hasta fin de a\u00f1o, con 88 horas de clases dictadas por m\u00e1s de 1.200 docentes. Adem\u00e1s, m\u00e1s de 2.000 participantes tendr\u00e1n la posibilidad de acreditar estudios para completar primaria o ciclo b\u00e1sico.<\/p>\n<p>El programa busca fortalecer las oportunidades laborales en todo el territorio y se apoya en una inversi\u00f3n cercana a 195 millones de pesos.<\/p>\n<p>ECONOM\u00cdA Y EMPRESAS<\/p>\n<p><b>El poder de compra de los trabajadores tuvo un leve aumento en agosto. Seg\u00fan inform\u00f3 el Instituto Nacional de Estad\u00edstica (INE), el salario real creci\u00f3 0,19% en el mes, acumula una suba de 2,41% en lo que va del a\u00f1o y 1,31% en los \u00faltimos doce meses.\u00a0<\/b><\/p>\n<p>Por sectores, el incremento mensual fue de 0,23% en el privado y 0,11% en el p\u00fablico; en la comparaci\u00f3n anual, la mejora alcanza 0,88% y 2,08% respectivamente.<\/p>\n<p>Seg\u00fan los datos oficiales, el \u00cdndice Medio de Salarios aument\u00f3 0,15% en agosto, con un acumulado de 5,23% en el a\u00f1o y 5,56% en los \u00faltimos doce meses.<\/p>\n<p>El \u00edndice nominal, que se utiliza para ajustar las pasividades, registr\u00f3 una suba de 0,18% en el mes y de 5,51% en el \u00faltimo a\u00f1o.\u00a0<\/p>\n<p>En el sector privado la mayor incidencia provino de la intermediaci\u00f3n financiera, el transporte y el comercio, mientras que en el sector p\u00fablico el ajuste se explic\u00f3 por el Gobierno Central y las empresas estatales.<\/p>\n<p><b>El d\u00e9ficit fiscal de Uruguay se ubic\u00f3 en el equivalente al 4,1% del PIB en el a\u00f1o m\u00f3vil a agosto, seg\u00fan inform\u00f3 el Ministerio de Econom\u00eda. La cifra es dos d\u00e9cimas menor a la del mes anterior y se acerca a la proyecci\u00f3n oficial de 4,2% para el cierre de 2025.<\/b><\/p>\n<p>Seg\u00fan la cartera, la mejora responde a menores gastos y al ingreso de utilidades del Banco Rep\u00fablica, aunque se registr\u00f3 una leve ca\u00edda en la recaudaci\u00f3n de la DGI.<\/p>\n<p>En cuanto a las empresas p\u00fablicas, el resultado primario fue de 0,3% del PIB, una d\u00e9cima m\u00e1s que en julio.<\/p>\n<p><b>El Ministerio de Turismo lanz\u00f3 ayer en Buenos Aires la campa\u00f1a \u201cUruguay sorprende\u201d, dirigida a captar m\u00e1s visitantes desde Argentina, principal mercado emisor de turistas. El ministro Pablo Menoni destac\u00f3 que el objetivo es aprovechar los beneficios fiscales y reforzar la promoci\u00f3n para contrarrestar la volatilidad econ\u00f3mica y atraer viajeros de nuevas provincias.<\/b><\/p>\n<p>La campa\u00f1a busca mostrar un pa\u00eds con propuestas m\u00e1s all\u00e1 del sol y playa, como turismo rural, cultural y religioso. Tambi\u00e9n incluye incentivos a aerol\u00edneas, que ya despertaron inter\u00e9s: Aerol\u00edneas Argentinas anunci\u00f3 nuevas rutas hacia Punta del Este desde San Pablo, Porto Alegre y C\u00f3rdoba.<\/p>\n<p>El embajador Diego C\u00e1nepa record\u00f3 que siete de cada diez turistas que llegan a Uruguay son argentinos, y se\u00f1al\u00f3 que a\u00fan hay mucho margen para crecer. La iniciativa comenzar\u00e1 a difundirse en octubre en redes y medios digitales de la regi\u00f3n, con beneficios como IVA cero en hoteles y devoluci\u00f3n de impuestos en gastronom\u00eda y alquileres tur\u00edsticos.<\/p>\n<p><strong>En el mercado local, el d\u00f3lar ayer se mantuvo pr\u00e1cticamente estable. El interbancario fondo se oper\u00f3 en promedio a $39,845.<\/strong><\/p>\n<p><strong>En el mes de setiembre el d\u00f3lar baj\u00f3 0,38%.<\/strong><\/p>\n<p><strong>En lo que va del a\u00f1o 2025, el d\u00f3lar lleva una baja acumulada de 9,58% (comparando la cotizaci\u00f3n de ayer en relaci\u00f3n a la \u00faltima de 2024)<\/strong><\/p>\n<p><strong>En pizarra del Banco Rep\u00fablica, el billete cerr\u00f3 ayer en $38,65 para la compra y $41,05 para la venta.<\/strong><\/p>\n<p><strong>En Brasil, la divisa estadounidense tuvo baj\u00f3 ayer y se ubic\u00f3 en R$ 5,319. En el mes de setiembre, baj\u00f3 1,99%.<\/strong><\/p>\n<p><strong>En tanto, en Argentina, el d\u00f3lar oficial subi\u00f3 ayer y se situ\u00f3 en AR$ 1.380,00. En el mes de setiembre, aument\u00f3 2,83%. Mientras tanto, el d\u00f3lar paralelo (o Blue) tambi\u00e9n subi\u00f3 y cotiz\u00f3 en AR$ 1.445,00. En el mes, aument\u00f3 9,47%.<\/strong><\/p>\n<p><strong>El Euro subi\u00f3 ayer frente al d\u00f3lar y al t\u00e9rmino de la jornada cotizaba a US$ 1,1737.<\/strong><\/p>\n<p>OTRAS NOTICIAS<\/p>\n<p><b>La jueza concursal Mar\u00eda Constanza Farfalla posterg\u00f3 para el 6 de noviembre la junta de acreedores del fondo Rep\u00fablica Ganadera que deb\u00eda realizarse este martes, en el marco del concurso que intenta evitar la liquidaci\u00f3n. La pr\u00f3rroga se resolvi\u00f3 luego de que el abogado de la firma, el exjuez Gerardo Azarola, presentara nuevas adhesiones al convenio de reorganizaci\u00f3n.\u00a0<\/b><\/p>\n<p>Rep\u00fablica Ganadera y un grupo de damnificados del fondo propusieron un acuerdo privado para que la empresa siga produciendo, en manos de los inversores, y con apoyo de una l\u00ednea de cr\u00e9ditos del Banco Rep\u00fablica (BROU). Se\u00f1alan que en 9 o 10 a\u00f1os recuperar\u00edan el dinero.\u00a0<\/p>\n<p>Seg\u00fan inform\u00f3 El Observador, Azarola indic\u00f3 que ya se super\u00f3 el 45% de los cr\u00e9ditos a favor de la propuesta, lo que acerca al umbral legal de m\u00e1s del 50% del pasivo requerido para aprobar el acuerdo. Seg\u00fan dijo, varios acreedores que antes no conoc\u00edan los detalles ahora manifestaron su apoyo.\u00a0<\/p>\n<p>De todos modos, la s\u00edndica Zamira Ayul advirti\u00f3 que el plan es \u201cinviable como sistema productivo\u201d y que plantea metas imposibles para saldar una deuda de 95 millones de d\u00f3lares.\u00a0<\/p>\n<p>La jueza deber\u00e1 resolver si homologa o no el convenio en caso de alcanzarse las mayor\u00edas legales.<\/p>\n<p><b>Un hombre de 45 a\u00f1os fue asesinado el martes en el barrio Pe\u00f1arol, en Montevideo.\u00a0<\/b><\/p>\n<p>La v\u00edctima estaba sentada en la vereda cuando dos hombres en moto lo atacaron a balazos. Los homicidas est\u00e1n pr\u00f3fugos.<\/p>\n<p><b>Otro hombre, de 46 a\u00f1os, fue asesinado ayer en Barra de Valizas, departamento de Rocha.\u00a0<\/b><\/p>\n<p>La v\u00edctima fue hallada con heridas de arma blanca en plena v\u00eda p\u00fablica. Seg\u00fan Telenoche, dos personas fueron detenidas en relaci\u00f3n con el hecho.<\/p>\n<p>INTERNACIONALES<\/p>\n<p><b>El presidente estadounidense, Donald Trump, dio al movimiento palestino Ham\u00e1s un ultim\u00e1tum de \u00abtres o cuatro d\u00edas\u00bb para responder a su plan de paz en Gaza, que recibi\u00f3 el visto bueno de Israel.<\/b><\/p>\n<p>El plan contempla un alto el fuego, la liberaci\u00f3n de los rehenes israel\u00edes en un plazo de 72 horas, la liberaci\u00f3n de m\u00e1s de mil palestinos presos en c\u00e1rceles israel\u00edes, el desarme de Ham\u00e1s y una retirada gradual de las fuerzas israel\u00edes desplegadas en la Franja de Gaza.<\/p>\n<p>Asimismo, seg\u00fan el textoo, el propio Trump dirigir\u00e1 una autoridad de transici\u00f3n que gobernar\u00e1 la franja de Gaza, en la que estar\u00e1 acompa\u00f1ado entre otros por el ex primer ministro brit\u00e1nico Tony Blair.<\/p>\n<p>Pa\u00edses \u00e1rabes y musulmanes, incluyendo los mediadores Egipto y Catar, aplaudieron los \u00abesfuerzos sinceros\u00bb por alcanzar la paz tras casi dos a\u00f1os de una devastadora guerra.<\/p>\n<p>Pero Ham\u00e1s a\u00fan debe dar su respuesta y el presidente Trump se refiri\u00f3 a los plazos que maneja a esos efectos.\u00a0<\/p>\n<blockquote>\n<p><strong>\u201cVamos a darles alrededor de tres o cuatro d\u00edas para que respondan. Veremos c\u00f3mo va. Todos los pa\u00edses \u00e1rabes est\u00e1n de acuerdo. Todos los pa\u00edses musulmanes est\u00e1n de acuerdo. Israel est\u00e1 de acuerdo. Solo estamos esperando a Ham\u00e1s. Y Ham\u00e1s o lo hace o no lo hace, y si no lo hace el final ser\u00e1 muy triste\u201d.\u00a0<\/strong><\/p>\n<\/blockquote>\n<p><b>El papa Le\u00f3n XIV afirm\u00f3 que espera que Ham\u00e1s acepte dentro de los plazos establecidos el plan de paz de Estados Unidos para poner fin al conflicto en la Franja de Gaza.<\/b><\/p>\n<p>\u00abEspero que Ham\u00e1s lo acepte en los plazos establecidos. Hay elementos muy interesantes\u00bb en el plan estadounidense, dijo el papa, citado por las agencias, a periodistas italianos al salir de su residencia de Castel Gandolfo, en las afueras de Roma.<\/p>\n<p>\u00abEs importante que haya un alto el fuego y la liberaci\u00f3n de los rehenes\u00bb, a\u00f1adi\u00f3.\u00a0<\/p>\n<p>NOTICIAS DENTRO DE ESTADOS UNIDOS<\/p>\n<p><b>El presidente estadounidense, Donald Trump, habl\u00f3 ayer durante una reuni\u00f3n de todos los generales de las fuerzas armadas convocada por el Pent\u00e1gono, donde justific\u00f3 su despliegue de tropas en ciudades del pa\u00eds debido a que, dijo, en el pa\u00eds existe una \u00abinvasi\u00f3n interior\u00bb de extranjeros.<\/b><\/p>\n<blockquote>\n<p><strong>\u00abSolo en las \u00faltimas d\u00e9cadas los pol\u00edticos llegaron a creer que nuestra labor consiste en vigilar los confines de Kenia y Somalia, mientras Estados Unidos sufre una invasi\u00f3n interna. Estamos sufriendo una invasi\u00f3n interna. No es diferente a un enemigo extranjero, pero es m\u00e1s dif\u00edcil en muchos sentidos porque no llevan uniforme. Al menos cuando llevan uniforme, se les puede eliminar. Estas personas no tienen uniforme. Pero estamos siendo invadidos desde dentro. Lo estamos deteniendo muy r\u00e1pidamente\u00bb, dijo Trump al referirse a migrantes procedentes de todo el mundo, incluidos los de Am\u00e9rica Latina.<\/strong><\/p>\n<\/blockquote>\n<p>Los altos mandos escucharon en silencio mientras el presidente hablaba sobre esos \u00abenemigos\u00bb, dando a entender que continuar\u00e1 con su pol\u00edtica de utilizar al ej\u00e9rcito para hacer cumplir la ley.<\/p>\n<p>Trump advirti\u00f3 sobre\u00bbuna guerra desde dentro\u00bb en referencia a su percepci\u00f3n de los \u00edndices de criminalidad en ciudades como San Francisco, Chicago, Nueva York y Los \u00c1ngeles.<\/p>\n<p>Culp\u00f3 a lo que \u00e9l denomin\u00f3 como \u00abdem\u00f3cratas radicales de izquierda\u00bb por convertir a estas ciudades en \u00ablugares muy inseguros\u00bb.<\/p>\n<p>Sus comentarios se produjeron luego del anuncio durante el fin de semana de que se desplegar\u00edan tropas en Portland, Oreg\u00f3n, aunque el gobierno del estado ha presentado un recurso legal para intentar impedir que el despliegue se lleve a cabo.<\/p>\n<p>Trump insisti\u00f3 en su idea de que migrantes procedentes de \u00abinstituciones mentales\u00bb y pandillas de Venezuela y \u00abde toda Sudam\u00e9rica\u00bb llegaron masivamente al pa\u00eds.<\/p>\n<p>Por ello asegur\u00f3 que adem\u00e1s de cerrar la frontera y limitar la migraci\u00f3n, despleg\u00f3 a la Guardia Nacional y fuerzas militares en ciudades como Washington DC para \u00ablimpiarlas\u00bb de la criminalidad.<\/p>\n<p>\u00abEso tambi\u00e9n es una guerra. Es una guerra desde dentro\u00bb, se\u00f1al\u00f3, adem\u00e1s de prometer m\u00e1s despliegues en otras metr\u00f3polis con altos \u00edndices delictivos.\u00a0<\/p>\n<p>Pete Hegseth, el secretario de Guerra, seg\u00fan la nueva terminolog\u00eda que usa el gobierno de Trump, convoc\u00f3 esta reuni\u00f3n para explicar las nuevas directrices militar de Estados Unidos.<\/p>\n<p>Las fuerzas militares estadounidenses deber\u00e1n volver a centrarse en los \u201cvalores de anta\u00f1o\u201d, dijo Hegseth, en contraste con los a\u00f1os de campa\u00f1as para diversificar el reclutamiento o cursos para sensibilizar a los oficiales con temas como el cambio clim\u00e1tico.<\/p>\n<p>Durante la presidencia del dem\u00f3crata Joe Biden el Pent\u00e1gono lleg\u00f3 a nombrar a un almirante transexual, Rachel Levine, al frente del principal organismo sanitario de las fuerzas armadas.<\/p>\n<p>El Pent\u00e1gono da por terminada esa etapa de \u201cbasura ideol\u00f3gica\u201d, asever\u00f3 Hegseth. \u201cSe acab\u00f3 esta mierda\u201d, dijo textualmente. El objetivo es acabar con \u201cd\u00e9cadas de decadencia\u201d, lanz\u00f3.\u00a0<\/p>\n<p>La lista desplegada por su ministro Hegseth fue minuciosa: m\u00e1s entrenamiento f\u00edsico, fuera barbas, pelo largo, \u201cgenerales gordos\u201d, menos reuniones administrativas, fin de las quejas an\u00f3nimas.<\/p>\n<p>Ese nueva \u201cmentalidad guerrera\u201d, en palabras de Hegseth, implica que las fuerzas armadas volver\u00e1n a utilizar est\u00e1ndares de reclutamiento y entrenamiento basados en la capacidad masculina en t\u00e9rminos de resistencia f\u00edsica.<\/p>\n<p>\u201cQuiero ser muy claro: no se trata de impedir a las mujeres servir\u201d en las fuerzas armadas, insisti\u00f3. \u201cNuestras oficiales femeninas son las mejores del mundo, pero cuando se trate de un trabajo que requiera poder f\u00edsico para entrar en combate, esos est\u00e1ndares deben ser neutrales, y altos\u201d, explic\u00f3. \u201cSi las mujeres pueden lograrlo, excelente\u201d, a\u00f1adi\u00f3.\u00a0<\/p>\n<p><b>Estados Unidos enfrentar\u00e1 un cierre administrativo del gobierno federal tras el fracaso de una \u00faltima votaci\u00f3n en el Senado para evitar la par\u00e1lisis presupuestaria, con lo que cientos de miles de funcionarios p\u00fablicos se quedar\u00e1n sin salario.<\/b><\/p>\n<p>Pese a las fren\u00e9ticas negociaciones en el Congreso, no hubo acuerdo entre dem\u00f3cratas y republicanos para financiar al gobierno en el \u00faltimo d\u00eda del a\u00f1o fiscal.<\/p>\n<p>Los republicanos del Senado intentaron aprobar un parche de financiaci\u00f3n temporal aprobado por la C\u00e1mara de Representantes, pero no pudieron obtener los votos dem\u00f3cratas necesarios para enviarlo al escritorio del presidente Donald Trump.<\/p>\n<p>Se ingresar\u00e1 as\u00ed a un cierre administrativo del gobierno, conocido como \u00abshutdown\u00bb, que provocar\u00e1 la paralizaci\u00f3n de la mayor\u00eda de los servicios federales.<\/p>\n<p>Cientos de miles de empleados p\u00fablicos quedar\u00e1n temporalmente sin sueldo y se interrumpir\u00e1 el pago de muchas prestaciones sociales.<\/p>\n<p>Seg\u00fan la Oficina de Presupuesto del Congreso (CBO), 750.000 funcionarios federales podr\u00edan encontrarse esta vez en situaci\u00f3n de desempleo parcial, con una p\u00e9rdida de ingresos equivalente a 400 millones de d\u00f3lares.<\/p>\n<p>El \u00faltimo cierre, ocurrido de diciembre de 2018 hasta finales de enero de 2019, durante el primer mandato de Trump, dur\u00f3 35 d\u00edas.\u00a0<\/p>\n<p>Trump se refiri\u00f3 ayer a un posible cierre administrativo.\u00a0<\/p>\n<p>\u00abEllos van a cerrarlo, no nosotros. No queremos cerrar porque estamos viviendo el mejor periodo que se conoce\u00bb, dijo.\u00a0<\/p>\n<p>\u00abPodemos hacer cosas durante el cierre que son irreversibles, que son malas para ellos (\u2026) como despedir a una gran cantidad de personas, o cortar cosas que a ellos les gustan\u00bb, afirm\u00f3 Trump, en alusi\u00f3n a los dem\u00f3cratas.<\/p>\n<p><b>El presidente Donald Trump dijo que su administraci\u00f3n est\u00e1 cerca de alcanzar un acuerdo presupuestario con Harvard, n\u00famero uno en su cruzada contra las universidades, por el que el centro educativo pagar\u00eda 500 millones de d\u00f3lares.\u00a0<\/b><\/p>\n<p>Desde su regreso a la Casa Blanca en enero, Trump acus\u00f3 a Harvard de servir como semillero de la ideolog\u00eda \u2018woke\u2019, un t\u00e9rmino despectivo usado por conservadores para calificar de manera peyorativa ideas progresistas a favor de las mujeres y las minor\u00edas.<\/p>\n<p>\u00abEstamos acerc\u00e1ndonos\u00bb a un acuerdo, dijo Trump en la Casa Blanca. \u00abEllos pagar\u00edan alrededor de 500 millones de d\u00f3lares\u00bb, agreg\u00f3.<\/p>\n<p>El gobierno retir\u00f3 a Harvard algo m\u00e1s de 2.600 millones de d\u00f3lares en subsidios.<\/p>\n<p>A principios de septiembre, una jueza de Boston orden\u00f3 la suspensi\u00f3n del bloqueo de los fondos, al considerar que se trataba de \u00abuna violaci\u00f3n de la primera enmienda de la Constituci\u00f3n\u00bb, que defiende la libertad de expresi\u00f3n.<\/p>\n<p>En represalia, el gobierno retir\u00f3 a Harvard algo m\u00e1s de 2.600 millones de d\u00f3lares en subsidios.<\/p>\n<p>A principios de septiembre, una jueza de Boston orden\u00f3 la suspensi\u00f3n del bloqueo de los fondos, al considerar que se trataba de \u00abuna violaci\u00f3n de la primera enmienda de la Constituci\u00f3n\u00bb, que defiende la libertad de expresi\u00f3n.\u00a0<\/p>\n<p><b>Donald Trump dijo que ser\u00eda un \u00abinsulto\u00bb que Estados Unidos no fuera galardonado con el premio Nobel de la Paz por su supuesto papel en la resoluci\u00f3n de varias guerras.<\/b><\/p>\n<p>El presidente estadounidense, que durante mucho tiempo ha buscado ganar el premio que ser\u00e1 anunciado el 10 de octubre, hizo campa\u00f1a para su caso un d\u00eda despu\u00e9s de anunciar un plan de paz para poner fin a la guerra en Gaza.<\/p>\n<p>\u00ab\u00bfRecibir\u00e1s el Premio Nobel?\u00bb, se pregunt\u00f3 Trump, y luego se contest\u00f3 a s\u00ed mismo: \u00abAbsolutamente, no. Se lo dar\u00e1n a alg\u00fan tipo que no hizo absolutamente nada\u00bb.<\/p>\n<p>No recibir el galard\u00f3n \u00abser\u00eda un gran insulto para nuestro pa\u00eds\u00bb, a\u00f1adi\u00f3 en una reuni\u00f3n de altos oficiales militares estadounidenses. \u00abNo lo quiero para m\u00ed, lo quiero para el pa\u00eds\u00bb, agreg\u00f3.<\/p>\n<p>Trump insisti\u00f3 el martes en que ha resuelto siete guerras desde su regreso a la Casa Blanca en enero.<\/p>\n<p>A\u00f1adi\u00f3 que si Ham\u00e1s acepta su plan para poner fin a la guerra en la guerra de Gaza, ser\u00e1n ocho los conflictos finalizados gracias a su intermediaci\u00f3n.<\/p>\n<p>OTROS TEMAS EN EL MUNDO<\/p>\n<p><b>En el Reino Unido, el primer ministro, Keir Starmer, con bajos niveles de popularidad, habl\u00f3 ayer en el congreso anual del Partido Laborista, donde llam\u00f3 a rechazar a una extrema derecha en ascenso y defendi\u00f3 la diversidad caracter\u00edstica de su pa\u00eds.\u00a0<\/b><\/p>\n<p>Starmer solo lleva 15 meses en el poder, pero est\u00e1 en sus niveles m\u00e1s bajos en las encuestas y su pol\u00edtica es cuestionada incluso dentro de su propio partido, mientras que la formaci\u00f3n de extrema derecha Reform UK encabeza las intenciones de voto.<\/p>\n<p>En un discurso considerado por muchos crucial para su futuro en Downing Street, Starmer afirm\u00f3 que Reino Unido est\u00e1 \u00aben una encrucijada\u00bb, llamando a los brit\u00e1nicos a elegir la \u00abdecencia\u00bb y la \u00abrenovaci\u00f3n\u00bb con los laboristas, en lugar de la \u00abdivisi\u00f3n\u00bb y el \u00abresentimiento\u00bb con Reform UK y su l\u00edder, Nigel Farage.<\/p>\n<p>\u00abSi ustedes dicen o dejan entrever que una persona no puede ser inglesa o brit\u00e1nica por el color de su piel, que las familias multiculturales deben justificarse, que la gente que ha vivido aqu\u00ed durante generaciones debe ahora ser expulsada, entonces, esc\u00fachenme bien, los combatiremos con todas nuestras fuerzas\u201d, advirti\u00f3.<\/p>\n<p>Starmer respond\u00eda de este modo a una reciente propuesta de Reform UK, que quiere, si llega al poder, eliminar el permiso de residencia permanente.\u00a0<\/p>\n<p><b>El presidente ucraniano, Volodimir Zelenski, advirti\u00f3 de la situaci\u00f3n \u00abcr\u00edtica\u00bb de la central nuclear de Zaporiyia, ocupada por Rusia, que lleva siete d\u00edas seguidos desconectada de la red el\u00e9ctrica.<\/b><\/p>\n<p>\u00abLa situaci\u00f3n es cr\u00edtica. Debido a los ataques rusos, la planta ha quedado desconectada de su suministro el\u00e9ctrico y de la red. Est\u00e1 siendo alimentada con electricidad procedente de generadores di\u00e9sel\u00bb, dijo Zelenski en su discurso diario.<\/p>\n<p>La central nuclear de Zaporiyia, situada en el sur de Ucrania, es la m\u00e1s grande de Europa y est\u00e1 en manos de Rusia desde poco despu\u00e9s del inicio de la invasi\u00f3n, en febrero de 2022.<\/p>\n<p>\u00abSon los rusos quienes obstaculizan la reparaci\u00f3n de las l\u00edneas el\u00e9ctricas de la planta y la restauraci\u00f3n de la seguridad b\u00e1sica con sus bombardeos. Y esto es una amenaza para absolutamente todos\u00bb, a\u00f1adi\u00f3.<\/p>\n<p><b>El Consejo de Seguridad de la ONU aprob\u00f3\u00a0 una resoluci\u00f3n que transforma la Misi\u00f3n Multinacional de Seguridad en Hait\u00ed en una fuerza mayor para combatir las pandillas, con el objetivo de frenar la violencia en el empobrecido pa\u00eds.<\/b><\/p>\n<p>La resoluci\u00f3n presentada por Estados Unidos y Panam\u00e1, que cont\u00f3 con 12 votos a favor y tres abstenciones, prev\u00e9 convertir la Misi\u00f3n en una \u00abnueva fuerza de represi\u00f3n de las bandas\u00bb criminales que tendr\u00e1 un m\u00e1ximo de 5.500 uniformados.<\/p>\n<p>La MMAS, liderada por Kenia, fue creada en 2023 para reforzar las operaciones de la polic\u00eda contra las pandillas, que controlan casi la totalidad de la capital del pa\u00eds, Puerto Pr\u00edncipe, y a principios de 2024 obligaron a dimitir al entonces primer ministro, Ariel Henry.<\/p>\n<p>Con poco financiamiento, poco equipamiento y apenas un millar de uniformados de los 2.500 que se esperaban, la MMAS ha tenido escasos resultados en Hait\u00ed.\u00a0<\/p>\n<p><b>Un tribunal de El Salvador conden\u00f3 a 28 a\u00f1os de prisi\u00f3n a dos exministros izquierdistas por negociar votos con pandillas en las elecciones de 2014, de acuerdo con la sentencia judicial.<\/b><\/p>\n<p>Los exministros Benito Lara (Justicia) y Ar\u00edstides Valencia (Gobernaci\u00f3n) fueron condenados a 20 a\u00f1os de prisi\u00f3n por fraude electoral m\u00e1s otros ocho a\u00f1os por integrar agrupaciones il\u00edcitas.<\/p>\n<p>La Fiscal\u00eda acus\u00f3 a los excolaboradores del presidente Salvador S\u00e1nchez Cer\u00e9n de haber pagado a las pandillas Barrio 18 y Mara Salvatrucha para obligar a residentes de sus zonas de influencia a votar por el izquierdista Frente Farabundo Mart\u00ed (FMLN, exguerrilla) en las elecciones presidenciales de 2014.<\/p>\n<p>Otros tres acusados, entre ellos un exalcalde de San Salvador, fueron condenados a 18 a\u00f1os de prisi\u00f3n por pagar a las pandillas para que obligaran a los votantes a que apoyaran a un partido de derecha en los comicios presidenciales de 2014 y los legislativos y municipales de 2015.\u00a0<\/p>\n<p><b>El presidente venezolano Nicol\u00e1s Maduro recibi\u00f3 un doctorado honoris causa en \u00abmateria de seguridad\u00bb otorgado por una universidad militar, en momentos de tensi\u00f3n con Estados Unidos por los buques de guerra desplegados en el Caribe.<\/b><\/p>\n<p>\u00abTengo mi toga y mi boina de combate\u00bb, dijo Maduro desde una tarima acompa\u00f1ado por el ministro de Defensa, Vladimir Padrino L\u00f3pez, y miembros del alto mando militar, en un acto transmitido en cadena nacional.<\/p>\n<p>El mandatario defendi\u00f3 que las operaciones militares ordenadas las \u00faltimas semanas son \u00abpara ejercitar el m\u00fasculo nacional\u00bb y garantizar la soberan\u00eda.<\/p>\n<p>\u00abEs un honor inmenso recibir de manos militares un t\u00edtulo honorable\u00bb, afirm\u00f3 Maduro al asegurar que su gobierno ha resistido una \u00abguerra multiforme\u00bb desde Estados Unidos con \u00absabidur\u00eda\u00bb.<\/p>\n<p>Maduro cuestion\u00f3 las acusaciones del secretario de Estado estadounidense, Marco Rubio, que vincula a militares venezolanos con supuestos c\u00e1rteles de drogas al tirarlo de inmoral.<\/p>\n<blockquote>\n<p><strong>\u201cCon su indecencia y su inmoralidad, ha dicho que\u00a0 los cuarteles de Venezuela son el epicentro del tr\u00e1fico de droga\u201d.\u00a0<\/strong><\/p>\n<\/blockquote>\n<p><b>En Brasil el desempleo se mantuvo en su nivel m\u00e1s bajo en 13 a\u00f1os en el trimestre junio\u2013agosto, que abarca un mes de vigencia de los aranceles impuestos por el presidente estadounidense, Donald Trump.<\/b><\/p>\n<p>La tasa de desocupaci\u00f3n para el periodo fue de 5,6%, la m\u00e1s baja desde 2012, cuando el Instituto Brasile\u00f1o de Geograf\u00eda y Estad\u00edstica adopt\u00f3 su m\u00e9todo de c\u00e1lculo actual.<\/p>\n<p>El dato es el primero que tiene en cuenta los aranceles impuestos por Trump a varios productos brasile\u00f1os, que entraron en efecto el 6 de agosto.<\/p>\n<p>\u00abM\u00e1s de un mill\u00f3n de brasile\u00f1os abandonaron la condici\u00f3n de desocupaci\u00f3n en un a\u00f1o. Brasil avanza con m\u00e1s empleos y m\u00e1s dignidad para su gente\u00bb, celebr\u00f3 la ministra de Planeamiento y Presupuesto, Simone Tebet, en sus redes.\u00a0<\/p>\n<p>El presidente de Brasil, Luiz In\u00e1cio Lula da Silva, se ha enfrentado a Trump por esta medida, y ha defendido la \u00absoberan\u00eda\u00bb brasile\u00f1a.<\/p>\n<p>La crisis diplom\u00e1tica, sin embargo, se enfri\u00f3 la semana pasada, cuando ambos mandatarios tuvieron una breve charla durante la Asamblea General de Naciones Unidas en Nueva York y pactaron un encuentro.\u00a0<\/p>\n<p><b>En Brasil, el Senado aprob\u00f3 la segunda parte del reglamento de la reforma tributaria elaborada por el gobierno que encabeza el presidente Luis In\u00e1cio Lula Da Silva.\u00a0<\/b><\/p>\n<p>El proyecto de ley complementario detalla las normas para el funcionamiento de los nuevos impuestos sobre bienes y servicios.\u00a0<\/p>\n<p>La iniciativa fue aprobada con 51 votos a favor, 10 en contra y una abstenci\u00f3n. Ahora debe regresar a la C\u00e1mara de Diputados para su revisi\u00f3n.<\/p>\n<p>CNN inform\u00f3 que la propuesta recibi\u00f3 m\u00e1s de 200 enmiendas durante su tratamiento en el Senado, de las cuales se aceptaron alrededor de 50.<\/p>\n<p><b>En Argentina lo que llaman el \u201cefecto Scott Bessent\u201d, en alusi\u00f3n al apoyo anunciado por el secretario del Tesoro estadounidense, se est\u00e1 devaluando a una velocidad mucho mayor que la esperada.<\/b><\/p>\n<p>Hace apenas dos semanas que el gobierno de Estados Unidos dio su pleno respaldo a Javier Milei y dijo que, si era necesario, comprar\u00eda bonos de deuda argentino para impedir el desplome de los precios y que, adem\u00e1s, tambi\u00e9n le prestar\u00eda dinero a Argentina si tuviera dificultades para pagar un vencimiento de deuda.<\/p>\n<p>Sin embargo, el efecto de alivio dur\u00f3 muy pocos d\u00edas y ayer el mercado financiero volvi\u00f3 a vivir otra jornada ca\u00f3tica, en la que los bonos se volvieron a desplomar y el \u00edndice de riesgo pa\u00eds, que hab\u00eda bajado a 800 puntos, otra vez ronda los 1.200 puntos.<\/p>\n<p>Los analistas del mercado atribuyen el cambio de humor al hecho de que el ministro de Econom\u00eda, Luis Caputo, en vez de aprovechar el ingreso extraordinario de 7.000 millones de d\u00f3lares de la exportaci\u00f3n agr\u00edcola para reforzar las reservas, compr\u00f3 apenas un 40% de ese monto.<\/p>\n<p>Esto lo est\u00e1 usando para pulsear con los inversores, tratando de topear la cotizaci\u00f3n.<\/p>\n<p>Es as\u00ed que ayer el d\u00f3lar hab\u00eda subido a 1.430 pesos, y apareci\u00f3 una orden de venta grande en 1.380 pesos.<\/p>\n<p>Fue algo que cay\u00f3 mal entre los inversores, porque ese dinero ahora debe restarse de las reservas. Y todav\u00eda faltan cuatro largas semanas para las elecciones legislativas del domingo 26.<\/p>\n<p>Esto llev\u00f3 a que se generara en el mercado una casi certeza de que a Caputo se le terminar\u00e1n los d\u00f3lares en cuesti\u00f3n de semanas, y que no llegar\u00e1 a enero, como se preve\u00eda al comienzo, cuando el calendario marca vencimientos por m\u00e1s de 4 mil millones de d\u00f3lares.<\/p>\n<p>Ya hab\u00eda malestar entre los operadores por una regulaci\u00f3n del viernes pasado, que impide una operaci\u00f3n de venta de d\u00f3lares en el paralelo para aquellos que antes compraron en el oficial. Los cr\u00edticos lo consideran un paulatino regreso al cepo cambiario.<\/p>\n<p>Y esas sospechas se intensificaron cuando ayer, en el medio de la jornada, las llamadas \u201cFintech\u201d, que ofrecen servicios financieros digitales, suspendieron la venta de d\u00f3lares por orden del Banco Central. A partir de ese momento circularon rumores sobre m\u00e1s prohibiciones de compra de divisas, y el gobierno tuvo que salir a aclarar que los bancos seguir\u00e1n vendiendo normalmente.<\/p>\n<p>Lo cierto es que, apenas dos semanas despu\u00e9s del anuncio de la ayuda de Estados Unidos, y cuando todav\u00eda no se terminaron de liquidar los 7 mil millones de d\u00f3lares del agro, el gobierno se encuentra otra vez ante una situaci\u00f3n de zozobra financiera.<\/p>\n<p>Y lo m\u00e1s sugestivo es que, antes de la apertura del mercado, Javier Milei hab\u00eda adelantado que Donald Trump lo recibir\u00e1 dentro de dos semanas en una reuni\u00f3n bilateral en Washington. Es un nuevo gesto de respaldo, sobre el que se lleg\u00f3 a especular que podr\u00eda resultar en un acuerdo de libre comercio.<\/p>\n<p>Pero ni siquiera ese anuncio alcanz\u00f3 para aplacar el nerviosismo pre electoral, por lo que toda la atenci\u00f3n de los pr\u00f3ximos d\u00edas est\u00e1 centrada en el posible anuncio de medidas econ\u00f3micas, sobre todo en el plano cambiario.<\/p>\n<p style=\"text-align: right;\">(Fernando Guti\u00e9rrez, corresponsal en Argentina)<\/p>\n","protected":false},"excerpt":{"rendered":"Foto: Javier Calvelo \/ adhocFOTOS NACIONALES La Polic\u00eda detuvo este martes en Montevideo a un joven de 21&hellip;\n","protected":false},"author":2,"featured_media":160992,"comment_status":"","ping_status":"","sticky":false,"template":"","format":"standard","meta":{"footnotes":""},"categories":[170],"tags":[146,147,25,24,184,185,23],"class_list":{"0":"post-160991","1":"post","2":"type-post","3":"status-publish","4":"format-standard","5":"has-post-thumbnail","7":"category-musica","8":"tag-entertainment","9":"tag-entretenimiento","10":"tag-es","11":"tag-espana","12":"tag-music","13":"tag-musica","14":"tag-spain"},"share_on_mastodon":{"url":"","error":""},"_links":{"self":[{"href":"https:\/\/www.europesays.com\/es\/wp-json\/wp\/v2\/posts\/160991","targetHints":{"allow":["GET"]}}],"collection":[{"href":"https:\/\/www.europesays.com\/es\/wp-json\/wp\/v2\/posts"}],"about":[{"href":"https:\/\/www.europesays.com\/es\/wp-json\/wp\/v2\/types\/post"}],"author":[{"embeddable":true,"href":"https:\/\/www.europesays.com\/es\/wp-json\/wp\/v2\/users\/2"}],"replies":[{"embeddable":true,"href":"https:\/\/www.europesays.com\/es\/wp-json\/wp\/v2\/comments?post=160991"}],"version-history":[{"count":0,"href":"https:\/\/www.europesays.com\/es\/wp-json\/wp\/v2\/posts\/160991\/revisions"}],"wp:featuredmedia":[{"embeddable":true,"href":"https:\/\/www.europesays.com\/es\/wp-json\/wp\/v2\/media\/160992"}],"wp:attachment":[{"href":"https:\/\/www.europesays.com\/es\/wp-json\/wp\/v2\/media?parent=160991"}],"wp:term":[{"taxonomy":"category","embeddable":true,"href":"https:\/\/www.europesays.com\/es\/wp-json\/wp\/v2\/categories?post=160991"},{"taxonomy":"post_tag","embeddable":true,"href":"https:\/\/www.europesays.com\/es\/wp-json\/wp\/v2\/tags?post=160991"}],"curies":[{"name":"wp","href":"https:\/\/api.w.org\/{rel}","templated":true}]}}