{"id":161011,"date":"2025-10-07T14:12:09","date_gmt":"2025-10-07T14:12:09","guid":{"rendered":"https:\/\/www.europesays.com\/es\/161011\/"},"modified":"2025-10-07T14:12:09","modified_gmt":"2025-10-07T14:12:09","slug":"el-rey-esta-llegando-nadie-esta-a-salvo-la-toma-de-poder-continua","status":"publish","type":"post","link":"https:\/\/www.europesays.com\/es\/161011\/","title":{"rendered":"\u00abEl rey est\u00e1 llegando&#8230; Nadie est\u00e1 a salvo. \u00a1La toma de poder contin\u00faa!\u00bb"},"content":{"rendered":"<p style=\"\"><strong>Suenan tambores de guerra para Ilia Topuria<\/strong>. Al menos eso se puede llegar a intuir de su \u00faltima publicaci\u00f3n en redes sociales, en la que el hispanogeorgiano ha querido <a href=\"https:\/\/www.abc.es\/deportes\/mma\/peleara-ilia-topuria-20251003132130-nt.html\" target=\"_self\" data-voc-vtm-id=\"in-text-traffic\" title=\"agitar el &#039;avispero&#039; medi\u00e1tico\" rel=\"nofollow noopener\">agitar el &#8216;avispero&#8217; medi\u00e1tico<\/a> internacional con su un mensaje contundente, fiel a su estilo. \u00ab &#8230; El rey est\u00e1 llegando. Nadie est\u00e1 a salvo. Que se pongan en la fila. \u00a1\u00a1\u00a1La toma de poder contin\u00faa!!!\u00bb, ha escrito El Matador, dejando caer que ya va siendo hora de enfundarse las guantillas para defender su t\u00edtulo del peso ligero de la UFC.<\/p>\n<p class=\"voc-p\" style=\"\">Desde que Topuria noqueara al brasile\u00f1o Charles Oliveira, el pasado mes de junio en Las Vegas, no ha vuelvo a pisar el oct\u00e1gono. Ahora, parece que todo va tomando forma de cara a lo que ser\u00e1 su primera defensa del cintur\u00f3n de las 155 libras (70,3 kilogramos), un cetro que obtuvo de manera directa, despu\u00e9s de dejar vacante su reinado en una divisi\u00f3n de peso inferior, la del pluma (145 libras, 65,8 kilos). <\/p>\n<p class=\"voc-p\" style=\"\">Lo cierto es que la UFC, la mayor organizaci\u00f3n de artes marciales mixtas (MMA) del mundo, ha cerrado un contrato hist\u00f3rico milmillonario con Paramount, que entrar\u00e1 en vigor en 2026. La plataforma que ostentar\u00e1 los derechos televisivos de la compa\u00f1\u00eda estadounidense necesita poner toda la carne en el asador desde el inicio de la temporada para tratar de captar millones de suscriptores y poder capitalizar su inversi\u00f3n. Es por ello que la UFC quiere que <a href=\"https:\/\/www.abc.es\/deportes\/mma\/peleara-ilia-topuria-20251003132130-nt.html\" target=\"_self\" data-voc-vtm-id=\"in-text-traffic\" title=\"sus mayores estrellas protagonicen los primeros eventos\" rel=\"nofollow noopener\">sus mayores estrellas protagonicen los primeros eventos<\/a> numerados del a\u00f1o, especialmente el de enero. <\/p>\n<p class=\"voc-p\" style=\"\">Y ah\u00ed es donde entrar\u00eda Ilia Topuria, que a priori deber\u00eda defender su cintur\u00f3n ante el estadounidense Justin Gaethje. Tanto El Matador como The Highlight <strong>son dos perfiles que a la UFC les interesar\u00eda cruzar en el primer evento numerado<\/strong>, que se presume que tendr\u00e1 lugar el 17 de enero en Los \u00c1ngeles, lugar donde est\u00e1 instalado el cuartel general de Paramount. A falta de que avancen las conversaciones ,esa ser\u00eda la idea original de la compa\u00f1\u00eda que preside Dana White. <\/p>\n<p class=\"voc-p\" style=\"\">Bien es cierto que aqu\u00ed asoma<strong> un escollo para la preparaci\u00f3n de Ilia Topuria<\/strong> y es que su hermano Aleksandre estar\u00e1 peleando el 22 de noviembre en el UFC Qatar. Debido a que El Matador estar\u00e1 ayundando a prepara este pleito a Aleks, es probable que el inter\u00e9s del hispanogeorgiano fuera pelear un poco m\u00e1s adelante. En cualquier caso, falta todav\u00eda una conversaci\u00f3n que termine de aterrizar todo este asunto. <\/p>\n","protected":false},"excerpt":{"rendered":"Suenan tambores de guerra para Ilia Topuria. Al menos eso se puede llegar a intuir de su \u00faltima&hellip;\n","protected":false},"author":2,"featured_media":161012,"comment_status":"","ping_status":"","sticky":false,"template":"","format":"standard","meta":{"footnotes":""},"categories":[276],"tags":[5773,10600,168,25,24,347,23433,4233,5330,7034,23,167,4350,348,343],"class_list":{"0":"post-161011","1":"post","2":"type-post","3":"status-publish","4":"format-standard","5":"has-post-thumbnail","7":"category-ufc","8":"tag-campeon","9":"tag-continua","10":"tag-deportes","11":"tag-es","12":"tag-espana","13":"tag-ilia","14":"tag-llegando","15":"tag-poder","16":"tag-rey","17":"tag-salvo","18":"tag-spain","19":"tag-sports","20":"tag-toma","21":"tag-topuria","22":"tag-ufc"},"share_on_mastodon":{"url":"","error":""},"_links":{"self":[{"href":"https:\/\/www.europesays.com\/es\/wp-json\/wp\/v2\/posts\/161011","targetHints":{"allow":["GET"]}}],"collection":[{"href":"https:\/\/www.europesays.com\/es\/wp-json\/wp\/v2\/posts"}],"about":[{"href":"https:\/\/www.europesays.com\/es\/wp-json\/wp\/v2\/types\/post"}],"author":[{"embeddable":true,"href":"https:\/\/www.europesays.com\/es\/wp-json\/wp\/v2\/users\/2"}],"replies":[{"embeddable":true,"href":"https:\/\/www.europesays.com\/es\/wp-json\/wp\/v2\/comments?post=161011"}],"version-history":[{"count":0,"href":"https:\/\/www.europesays.com\/es\/wp-json\/wp\/v2\/posts\/161011\/revisions"}],"wp:featuredmedia":[{"embeddable":true,"href":"https:\/\/www.europesays.com\/es\/wp-json\/wp\/v2\/media\/161012"}],"wp:attachment":[{"href":"https:\/\/www.europesays.com\/es\/wp-json\/wp\/v2\/media?parent=161011"}],"wp:term":[{"taxonomy":"category","embeddable":true,"href":"https:\/\/www.europesays.com\/es\/wp-json\/wp\/v2\/categories?post=161011"},{"taxonomy":"post_tag","embeddable":true,"href":"https:\/\/www.europesays.com\/es\/wp-json\/wp\/v2\/tags?post=161011"}],"curies":[{"name":"wp","href":"https:\/\/api.w.org\/{rel}","templated":true}]}}