{"id":161019,"date":"2025-10-07T14:21:13","date_gmt":"2025-10-07T14:21:13","guid":{"rendered":"https:\/\/www.europesays.com\/es\/161019\/"},"modified":"2025-10-07T14:21:13","modified_gmt":"2025-10-07T14:21:13","slug":"este-libro-ha-cambiado-mi-percepcion-sobre-la-vida-y-la-muerte","status":"publish","type":"post","link":"https:\/\/www.europesays.com\/es\/161019\/","title":{"rendered":"Este libro ha cambiado mi percepci\u00f3n sobre la vida y la muerte"},"content":{"rendered":"<p class=\"paragraph\" id=\"paragraph_1\"><strong>Dan Brown<\/strong> (\u00c9xeter, Estados Unidos, 1964), el c\u00e9lebre superventas estadounidense que conquist\u00f3 las listas de los m\u00e1s vendidos de todo el mundo con El c\u00f3digo Da Vinci (2003), ha llegado a Espa\u00f1a para presentar El \u00faltimo secreto (Planeta), su nuevo libro.<\/p>\n<p class=\"paragraph\" id=\"paragraph_2\">Para este nuevo trabajo recupera la figura de <strong>Robert Langdon<\/strong>, el profesor de iconograf\u00eda y simbolog\u00eda religiosa en la Universidad de Harvard que ya protagonizaba \u00c1ngeles y demonios (2000), <a href=\"https:\/\/www.elespanol.com\/el-cultural\/cine\/20230505\/the-lost-king-pariente-discreta-da-vinci\/758424187_0.html?utm_cmp_rs=linksinline\" rel=\"nofollow noopener\" target=\"_blank\">El c\u00f3digo Da Vinci<\/a> (2003), El s\u00edmbolo perdido (2009), Inferno (2013) y Origen (2017).<\/p>\n<p class=\"paragraph\" id=\"paragraph_3\">En esta ocasi\u00f3n, ser\u00e1 <strong>Praga<\/strong> el escenario en el que dar\u00e1 inicio esta nueva historia. Langdon viaja a la capital de la Rep\u00fablica Checa para asistir a una conferencia impartida por Katherine Solomon, una cient\u00edfica no\u00e9tica con la que el profesor mantiene una relaci\u00f3n amorosa.<\/p>\n<p><img loading=\"lazy\" decoding=\"async\" alt=\"La escritora Inma Pelegr\u00edn, autora de 'Fosca' (Lumen). Foto: In\u00e9s Mart\u00ednez\" height=\"180\" src=\"https:\/\/www.europesays.com\/es\/wp-content\/uploads\/2025\/10\/1003743954016_259162028_320x180.jpg\" width=\"320\" data-lazy-status=\"processed\" data-lazy-info=\"remove loading item 1\"\/><\/p>\n<p class=\"paragraph\" id=\"paragraph_4\">Solomon es la cabeza visible de <strong>una nueva revoluci\u00f3n cient\u00edfica<\/strong>: est\u00e1 a punto de publicar un libro en el que se exponen nuevos y prometedores descubrimientos sobre la conciencia humana que hacen tambalear los cimientos de todo el conocimiento establecido acerca del tema.<\/p>\n<p class=\"paragraph\" id=\"paragraph_5\">Sin embargo, <strong>un asesinato lo trastocar\u00e1 todo<\/strong>. Tras ello, Katherine desaparece junto con el texto que promet\u00eda cambiar nuestra percepci\u00f3n del mundo y de nosotros mismos. Langdon, entonces, comenzar\u00e1 una investigaci\u00f3n para conocer el paradero de la desaparecida. Al mismo tiempo, lo perseguir\u00e1 una organizaci\u00f3n secreta.<\/p>\n<p class=\"paragraph\" id=\"paragraph_6\">La no\u00e9tica, <strong>la disciplina que estudia la naturaleza de la conciencia<\/strong>, es la espina dorsal del nuevo relato de Dan Brown. Durante la rueda de prensa celebrada en Madrid en el C\u00edrculo de Bellas Artes, el propio escritor ha confesado que el libro nace de su propio inter\u00e9s sobre esta rama de conocimiento: \u00abEs el fruto de mis propios estudios. Robert Langdon es esc\u00e9ptico, como tambi\u00e9n lo soy yo. Su viaje de aceptaci\u00f3n es mi mismo camino, pasando de esc\u00e9ptico a &#8216;creyente&#8217;. El libro ha cambiado por completo mi perspectiva sobre la vida y la muerte\u00bb.<\/p>\n<p class=\"paragraph\" id=\"paragraph_7\">En la novela asistiremos a un enfrentamiento entre los que apuestan por esta rama de conocimiento \u00abalternativo\u00bb y un bando m\u00e1s tradicional: \u00abunos son materialistas, aquellos que consideran que la conciencia es el resultado de procesos qu\u00edmicos en el cerebro. Los otros apuestan por la posibilidad de que el cerebro no es lo que hab\u00edamos pensado. Que no es m\u00e1s que un receptor. Cuando este muere, todav\u00eda queda en el ambiente la &#8216;se\u00f1al&#8217;. Eso es la conciencia para ellos. Ambos est\u00e1n de acuerdo con los datos, eso es indiscutible.<strong> En lo que difieren es en su interpretaci\u00f3n<\/strong>\u00ab.<\/p>\n<p><img decoding=\"async\" alt=\"Dan Brown durante la presentaci\u00f3n de su nuevo libro 'El \u00faltimo secreto'. Foto: Alberto Ortega \/ Europa Press\" height=\"2581\" loading=\"lazy\" width=\"1706\" data-lazy-status=\"processed\" id=\"04f221bebf\" src=\"https:\/\/www.elespanol.com\/el-cultural\/letras\/20251007\/dan-brown-presenta-ultimo-secreto-libro-cambiado-percepcion-vida-muerte\/[\" https:=\"\" data-lazy-info=\"changed src\"\/><\/p>\n<p>                                                            Dan Brown durante la presentaci\u00f3n de su nuevo libro &#8216;El \u00faltimo secreto&#8217;. Foto: Alberto Ortega \/ Europa Press<\/p>\n<p class=\"paragraph\" id=\"paragraph_8\">Una concepci\u00f3n de la realidad que no solo bebe de la no\u00e9tica, \u00absino tambi\u00e9n de todas las religiones\u00bb, insiste Brown. \u00abLa ciencia y la religi\u00f3n explican lo mismo, lo \u00fanico que cambia es el lenguaje con el que lo hacen\u00bb.<\/p>\n<p class=\"paragraph\" id=\"paragraph_9\">El autor de El \u00faltimo secreto piensa que una revoluci\u00f3n cient\u00edfica as\u00ed no es la primera vez que ocurre: \u00abHab\u00eda un momento en el que cre\u00edamos que la Tierra era el centro del Universo. Era nuestra realidad. Pero hab\u00eda cosas que no cuadraban, de ah\u00ed lo que sucedi\u00f3 despu\u00e9s, el giro copernicano. Lo que sugiero que puede suceder en esta novela es algo similar. Cuando el modelo no encaja, solo queda cambiarlo\u00bb.<\/p>\n<blockquote class=\"content__blockquote\">\n<p class=\"blockquote__quote\">\u00a0\u00abLa ciencia y la religi\u00f3n explican lo mismo, lo \u00fanico que cambia es el lenguaje con el que lo hacen\u00bb<\/p>\n<\/blockquote>\n<p class=\"paragraph\" id=\"paragraph_10\">Una visi\u00f3n alternativa de nuestra realidad que puede traer cola en el mundo cient\u00edfico. \u00abCada vez que dices que el mundo no es como se supone que es, vas a recibir cr\u00edticas\u00bb, reflexiona Brown.Su libro m\u00e1s conocido, El c\u00f3digo Da Vinci, ya <strong>despert\u00f3 un encendid\u00edsimo debate sobre el relato alternativo que ofreci\u00f3 de la vida de Jesucristo<\/strong>.<\/p>\n<p class=\"paragraph\" id=\"paragraph_11\">El autor, no obstante, no cree que algo as\u00ed vuelva a ocurrir en esta novela: \u00abNo me esperaba que la historia del C\u00f3digo Da Vinci provocara tanta controversia. <strong>No creo que en este caso ocurra as\u00ed<\/strong>. Este libro no est\u00e1 en desacuerdo sobre lo que est\u00e1 ocurriendo, sino en el porqu\u00e9. Adem\u00e1s, la ciencia no despierta discusiones tan acaloradas como la religi\u00f3n, as\u00ed que estoy tranquilo\u00bb.<\/p>\n<p>De la librer\u00eda a Netflix<\/p>\n<p class=\"paragraph\" id=\"paragraph_12\">El libro se lanz\u00f3 el 10 de septiembre de forma simult\u00e1nea a nivel internacional, ocupando el n\u00famero uno en las listas de m\u00e1s vendidos durante la primera semana en cada uno de los pa\u00edses donde se public\u00f3, seg\u00fan confirma la editorial Planeta.<strong> En nuestro pa\u00eds se han vendido 150.000 ejemplares hasta la fecha<\/strong>.<\/p>\n<p class=\"paragraph\" id=\"paragraph_13\">Dan Brown es, al fin y al cabo, sin\u00f3nimo de \u00e9xito asegurado, raz\u00f3n por la cual <strong>Netflix no ha tardado en comprar los derechos para una serie que adapte El \u00faltimo secreto a la peque\u00f1a pantalla<\/strong>.<\/p>\n<p class=\"paragraph\" id=\"paragraph_14\">\u00abLas pel\u00edculas no son una r\u00e9plica exacta de los libros. Es un talento totalmente diferente. Estoy muy contento con la adaptaci\u00f3n de Netflix, porque tendr\u00e1n alrededor de ocho horas para contar la historia, no solo dos\u00bb, ha dicho Brown sobre la recientemente anunciada adaptaci\u00f3n.<\/p>\n<p><img decoding=\"async\" alt=\"H\u00e9l\u00e8ne Cixous, Premio Formentor: \u201cLos israel\u00edes no quieren  exterminar a los palestinos\u201d\" height=\"180\" loading=\"lazy\" width=\"320\" data-lazy-status=\"processed\" id=\"1147e6d087\" src=\"https:\/\/www.elespanol.com\/el-cultural\/letras\/20251007\/dan-brown-presenta-ultimo-secreto-libro-cambiado-percepcion-vida-muerte\/[\" https:=\"\" data-lazy-info=\"changed src\"\/><\/p>\n<p>El t\u00e1ndem Langdon-Brown<\/p>\n<p class=\"paragraph\" id=\"paragraph_15\">A todo aquel que piense en Dan Brown le vendr\u00e1 inevitablemente a la cabeza su personaje estrella, el profesor Robert Langdon. <strong>Autor y personaje mantienen una relaci\u00f3n \u00abprofesional\u00bb de m\u00e1s de veinticinco a\u00f1os<\/strong>.<\/p>\n<p class=\"paragraph\" id=\"paragraph_16\">\u00abLangdon es la persona que siempre hab\u00eda querido ser\u00bb, admite el escritor.<strong> \u00abTiene una vida mucho m\u00e1s interesante que la m\u00eda, o al menos la ten\u00eda<\/strong>. Conforme yo evoluciono, \u00e9l evoluciona. Tenemos muchas cosas en com\u00fan, como nuestra fascinaci\u00f3n por la historia, los s\u00edmbolos y el conocimiento en general. Me siento muy conectado a \u00e9l\u00bb.<\/p>\n<p class=\"paragraph\" id=\"paragraph_17\">Aunque Brown reconoce que cuando habla de su personaje en las ruedas de prensa se siente extra\u00f1o al hacerlo en tercera persona, insiste en que son dos personas distintas.<\/p>\n<blockquote class=\"content__blockquote\">\n<p class=\"blockquote__quote\">\u00abLangdon es la persona que yo siempre hab\u00eda querido ser\u00bb<\/p>\n<\/blockquote>\n<p class=\"paragraph\" id=\"paragraph_18\">Para ilustrar la diferencia entre personaje y autor, Brown comparte otra an\u00e9cdota en la que dijo a un periodista que Langdon era mucho m\u00e1s inteligente que \u00e9l. Cuando su interlocutor cuestion\u00f3 esa afirmaci\u00f3n porque \u00abtodo lo que dice Langdon viene de la mente del autor\u00bb, \u00e9l replic\u00f3: \u00abLo que Langdon dice de pasada sobre un cuadro que ve en el Louvre<strong> viene de un trabajo m\u00edo de documentaci\u00f3n de tres d\u00edas<\/strong>\u00ab.<\/p>\n<p>Vuelta a Espa\u00f1a<\/p>\n<p><img decoding=\"async\" alt=\"El escritor ruso Vladimir Sorokin. Foto: Maria Sorokina\" height=\"180\" loading=\"lazy\" width=\"320\" data-lazy-status=\"processed\" id=\"c6a7dca2e6\" src=\"https:\/\/www.elespanol.com\/el-cultural\/letras\/20251007\/dan-brown-presenta-ultimo-secreto-libro-cambiado-percepcion-vida-muerte\/[\" https:=\"\" data-lazy-info=\"changed src\"\/><\/p>\n<p class=\"paragraph\" id=\"paragraph_19\">Brown ha manifestado su amor por Espa\u00f1a durante la rueda de prensa, pa\u00eds que ya utiliz\u00f3 para ambientar una de sus novelas, Origen. <strong>No descarta, ha transmitido, volver a utilizar en el futuro alg\u00fan lugar de Espa\u00f1a como localizaci\u00f3n de alg\u00fan nuevo libro<\/strong>.<\/p>\n<p class=\"paragraph\" id=\"paragraph_20\">Su amor por nuestro pa\u00eds\u00a0lo ha llevado a considerar, incluso, que no se siente tan c\u00f3modo en su pa\u00eds con los recientes acontecimientos. Sin embargo, el estadounidense ha desmentido esa suposici\u00f3n: \u00abS\u00e9 que Estados Unidos est\u00e1 pasando por un per\u00edodo extra\u00f1o. Pero en mi mente no es m\u00e1s que un bad\u00e9n en una carretera. La historia de un pa\u00eds es muy larga, y este no es m\u00e1s que un episodio m\u00e1s\u00bb.<\/p>\n","protected":false},"excerpt":{"rendered":"Dan Brown (\u00c9xeter, Estados Unidos, 1964), el c\u00e9lebre superventas estadounidense que conquist\u00f3 las listas de los m\u00e1s vendidos&hellip;\n","protected":false},"author":2,"featured_media":161020,"comment_status":"","ping_status":"","sticky":false,"template":"","format":"standard","meta":{"footnotes":""},"categories":[172],"tags":[224,36812,146,147,25,24,5131,225,23],"class_list":{"0":"post-161019","1":"post","2":"type-post","3":"status-publish","4":"format-standard","5":"has-post-thumbnail","7":"category-libros","8":"tag-books","9":"tag-dan-brown","10":"tag-entertainment","11":"tag-entretenimiento","12":"tag-es","13":"tag-espana","14":"tag-letras","15":"tag-libros","16":"tag-spain"},"share_on_mastodon":{"url":"","error":""},"_links":{"self":[{"href":"https:\/\/www.europesays.com\/es\/wp-json\/wp\/v2\/posts\/161019","targetHints":{"allow":["GET"]}}],"collection":[{"href":"https:\/\/www.europesays.com\/es\/wp-json\/wp\/v2\/posts"}],"about":[{"href":"https:\/\/www.europesays.com\/es\/wp-json\/wp\/v2\/types\/post"}],"author":[{"embeddable":true,"href":"https:\/\/www.europesays.com\/es\/wp-json\/wp\/v2\/users\/2"}],"replies":[{"embeddable":true,"href":"https:\/\/www.europesays.com\/es\/wp-json\/wp\/v2\/comments?post=161019"}],"version-history":[{"count":0,"href":"https:\/\/www.europesays.com\/es\/wp-json\/wp\/v2\/posts\/161019\/revisions"}],"wp:featuredmedia":[{"embeddable":true,"href":"https:\/\/www.europesays.com\/es\/wp-json\/wp\/v2\/media\/161020"}],"wp:attachment":[{"href":"https:\/\/www.europesays.com\/es\/wp-json\/wp\/v2\/media?parent=161019"}],"wp:term":[{"taxonomy":"category","embeddable":true,"href":"https:\/\/www.europesays.com\/es\/wp-json\/wp\/v2\/categories?post=161019"},{"taxonomy":"post_tag","embeddable":true,"href":"https:\/\/www.europesays.com\/es\/wp-json\/wp\/v2\/tags?post=161019"}],"curies":[{"name":"wp","href":"https:\/\/api.w.org\/{rel}","templated":true}]}}