{"id":161023,"date":"2025-10-07T14:27:11","date_gmt":"2025-10-07T14:27:11","guid":{"rendered":"https:\/\/www.europesays.com\/es\/161023\/"},"modified":"2025-10-07T14:27:11","modified_gmt":"2025-10-07T14:27:11","slug":"j-a-bayona-descoloca-a-david-broncano-con-una-excelente-broma-en-la-revuelta-muy-bien-ejecutada","status":"publish","type":"post","link":"https:\/\/www.europesays.com\/es\/161023\/","title":{"rendered":"J. A. Bayona descoloca a David Broncano con una \u00abexcelente\u00bb broma en &#8216;La Revuelta&#8217;: \u00abMuy bien ejecutada\u00bb"},"content":{"rendered":"<p>El director catal\u00e1n iba a presentar &#8216;Vieja loca&#8217;, pero la \u00abvacilada\u00bb que ide\u00f3 pasar\u00e1 a la historia del programa de RTVE<\/p>\n<p>    <img loading=\"lazy\" decoding=\"async\" class=\"article-figure-img\" width=\"654\" height=\"368\" src=\"https:\/\/www.europesays.com\/es\/wp-content\/uploads\/2025\/10\/92c3797dc17fc32c0d64a4b960aa0160.jpg\"\/><\/p>\n<p>        RTVE<\/p>\n<p class=\"bo-p\">Este lunes 6 de octubre <a href=\"https:\/\/www.sensacine.com\/actores\/actor-990703\/\" class=\"bo-link\" rel=\"nofollow noopener\" target=\"_blank\"><b>David Broncano<\/b><\/a><b> vivi\u00f3 la mayor \u00abvacilada\u00bb de la historia de <\/b><b>La Revuelta<\/b>. <a href=\"https:\/\/www.sensacine.com\/actores\/actor-190649\/\" class=\"bo-link\" rel=\"nofollow noopener\" target=\"_blank\">Juan Antonio Bayona<\/a> acudi\u00f3 al programa de RTVE para presentar <a href=\"https:\/\/www.sensacine.com\/peliculas\/pelicula-327766\/\" class=\"bo-link\" rel=\"nofollow noopener\" target=\"_blank\">Vieja loca<\/a>, la nueva pel\u00edcula que produce y que se estrena en las salas de cine este viernes 10 de octubre. Pero ni el presentador ni los espectadores vieron venir la extraordinaria broma que ide\u00f3 el director catal\u00e1n.<\/p>\n<p class=\"bo-p\">Bayona entr\u00f3 en el escenario del Teatro Pr\u00edncipe de Gran V\u00eda con ganas de seguir el juego del formato. Llev\u00f3 regalos al presentador, uno de ellos una caja de condones abierta, asegur\u00f3 que al programa le faltaba \u00abritmo\u00bb y mostr\u00f3 orgullo por la buen\u00edsima recaudaci\u00f3n de <a href=\"https:\/\/www.sensacine.com\/peliculas\/pelicula-228558\/\" class=\"bo-link\" rel=\"nofollow noopener\" target=\"_blank\">Jurassic World: El reino ca\u00eddo<\/a>. Pero lo mejor de la entrevista lleg\u00f3 al partir de los 15 minutos.<\/p>\n<p>            Esta asociaci\u00f3n fue a &#8216;La Revuelta&#8217; a denunciar su causa y el programa tuvo que cortarles: \u00abSe convirti\u00f3 en decepci\u00f3n\u00bb<\/p>\n<p class=\"bo-p\">El presentador interrumpi\u00f3 la entrevista con el director catal\u00e1n para recibir una inesperada videollamada. <b>Lo sorprendente fue cuando se descubri\u00f3 que Bayona era el que estaba al otro lado del tel\u00e9fono<\/b>. \u00abDavid, estoy llegando. Me estoy he retrasado un poco porque el tren de Barcelona ha llegado tarde, pero ya estoy entrando por la puerta del teatro\u00bb, afirm\u00f3.<\/p>\n<p class=\"bo-p\">Bayona no solo descoloc\u00f3 al p\u00fablico, que no entend\u00eda nada ya que el cineasta se encontraba a la vez en el plat\u00f3, sino que tambi\u00e9n al propio presentador. Tras unos segundos de incredulidad, Broncano se dio cuenta de lo que estaba sucediendo: el Bayona que se encontraba en plat\u00f3 era el hermano gemelo del directo. \u00ab<b>Qu\u00e9 desgraciado\u00bb<\/b>, exclam\u00f3 el jinense.<\/p>\n<p class=\"bo-p\">\u00ab<b>Le he dicho [a mi hermano gemelo] que llegaba tarde y que me echase un cable<\/b>\u00ab, explic\u00f3 Bayona al entrar en el teatro. Carlos Bayona interrumpi\u00f3 a su hermano para se\u00f1alar el verdadero motivo de la broma: \u00abEl \u00faltimo d\u00eda que nos vimos, me confundiste y me dijiste que ya no te ibas a confundir m\u00e1s\u2026\u00bb. Pero estaba equivocado, Broncano volvi\u00f3 a no ser capaz de distinguir a los gemelos.<\/p>\n<p class=\"bo-p\">El presentador intent\u00f3 justificarse por su error: \u00abNo me lo pod\u00e9is echar en cara. Esto os pasar\u00e1 todo el rato\u00bb, se\u00f1al\u00f3 Broncano, quien no dud\u00f3 en dejar claro que hab\u00eda sido un buen &#8216;troleo&#8217;. \u00ab<b>Me he quedado flasheado en un primer momento, pero excelente broma, muy bien ejecutada<\/b>\u00ab, sentenci\u00f3.<\/p>\n<p class=\"bo-p\">La entrevista continu\u00f3 con la promesa de Bayona a dirigir un d\u00eda La Revuelta y la respuesta a las preguntas cl\u00e1sicas de ambos hermanos. La primera vez que responden dos gemelos en la historia del programa de La 1.<\/p>\n","protected":false},"excerpt":{"rendered":"El director catal\u00e1n iba a presentar &#8216;Vieja loca&#8217;, pero la \u00abvacilada\u00bb que ide\u00f3 pasar\u00e1 a la historia del&hellip;\n","protected":false},"author":2,"featured_media":161024,"comment_status":"","ping_status":"","sticky":false,"template":"","format":"standard","meta":{"footnotes":""},"categories":[91],"tags":[146,147,25,24,23],"class_list":{"0":"post-161023","1":"post","2":"type-post","3":"status-publish","4":"format-standard","5":"has-post-thumbnail","7":"category-entretenimiento","8":"tag-entertainment","9":"tag-entretenimiento","10":"tag-es","11":"tag-espana","12":"tag-spain"},"share_on_mastodon":{"url":"","error":""},"_links":{"self":[{"href":"https:\/\/www.europesays.com\/es\/wp-json\/wp\/v2\/posts\/161023","targetHints":{"allow":["GET"]}}],"collection":[{"href":"https:\/\/www.europesays.com\/es\/wp-json\/wp\/v2\/posts"}],"about":[{"href":"https:\/\/www.europesays.com\/es\/wp-json\/wp\/v2\/types\/post"}],"author":[{"embeddable":true,"href":"https:\/\/www.europesays.com\/es\/wp-json\/wp\/v2\/users\/2"}],"replies":[{"embeddable":true,"href":"https:\/\/www.europesays.com\/es\/wp-json\/wp\/v2\/comments?post=161023"}],"version-history":[{"count":0,"href":"https:\/\/www.europesays.com\/es\/wp-json\/wp\/v2\/posts\/161023\/revisions"}],"wp:featuredmedia":[{"embeddable":true,"href":"https:\/\/www.europesays.com\/es\/wp-json\/wp\/v2\/media\/161024"}],"wp:attachment":[{"href":"https:\/\/www.europesays.com\/es\/wp-json\/wp\/v2\/media?parent=161023"}],"wp:term":[{"taxonomy":"category","embeddable":true,"href":"https:\/\/www.europesays.com\/es\/wp-json\/wp\/v2\/categories?post=161023"},{"taxonomy":"post_tag","embeddable":true,"href":"https:\/\/www.europesays.com\/es\/wp-json\/wp\/v2\/tags?post=161023"}],"curies":[{"name":"wp","href":"https:\/\/api.w.org\/{rel}","templated":true}]}}