{"id":161039,"date":"2025-10-07T14:41:20","date_gmt":"2025-10-07T14:41:20","guid":{"rendered":"https:\/\/www.europesays.com\/es\/161039\/"},"modified":"2025-10-07T14:41:20","modified_gmt":"2025-10-07T14:41:20","slug":"el-ano-que-diego-tristan-pudo-ser-jugador-del-madrid","status":"publish","type":"post","link":"https:\/\/www.europesays.com\/es\/161039\/","title":{"rendered":"El a\u00f1o que Diego Trist\u00e1n pudo ser jugador del Madrid"},"content":{"rendered":"<p><strong>El 16 de julio de 2000 Florentino P\u00e9rez gan\u00f3 las elecciones a la presidencia del Real Madrid<\/strong>. Venci\u00f3 a Lorenzo Sanz gracias a dos hechos puntuales, de una parte la movilizaci\u00f3n del voto por correo y de otra el anuncio el 5 de julio del fichaje de <strong>Luis Figo por el Real Madrid<\/strong> si \u00e9l era elegido presidente. Esa operaci\u00f3n salpic\u00f3 de lleno al <a href=\"https:\/\/www.ultimahora.es\/etiqueta\/Real+Mallorca.html?utm_source=Inline-tag&amp;utm_medium=internal\" rel=\"nofollow noopener\" target=\"_blank\">Real Mallorca<\/a> y concretamente a uno de sus futbolistas: <strong>Diego Trist\u00e1n. <\/strong>Florentino, que en las anteriores elecciones hab\u00eda perdido frente a <strong>Ram\u00f3n Mendoza<\/strong>, sac\u00f3 todos los tanques para no volver a caer derrotado y apost\u00f3 a ganador. Afirm\u00f3 ante la incredulidad azulgrana, que Figo jugar\u00eda en el Madrid y que si no pod\u00eda cumplir con su promesa, abonar\u00eda el carnet a todos los socios. Figo lleg\u00f3 al Madrid previo pago de 60 millones de euros.<\/p>\n<p>El movimiento del que se vino hablando desde el 5 de julio motiv\u00f3 que <strong>Lorenzo Sanz<\/strong>, su rival en las urnas, tratara de reaccionar y a tres d\u00edas de las elecciones, el jueves 13 de julio, hizo oficial la contrataci\u00f3n de Diego Trist\u00e1n.<\/p>\n<p>Goleadores<\/p>\n<p>El atacante del Mallorca hab\u00eda cerrado la temporada 99\/00 con la atractiva cifra de 19 goles. No fue de los principales artilleros ya que <strong>Makay<\/strong> marc\u00f3 22, <strong>Salva Sevilla<\/strong> 27, <strong>Hasselbaink<\/strong> 24 y <strong>Catanha<\/strong> tambi\u00e9n 24. <strong>Milosevic<\/strong> estuvo tambi\u00e9n por encima con 21. Sin embargo, Diego era un valor al alza con 23 a\u00f1os y hab\u00eda recibido numerosas ofertas, la m\u00e1s importante la de la <strong>Fiorentina<\/strong>.<\/p>\n<p><img loading=\"lazy\" decoding=\"async\" src=\"https:\/\/www.europesays.com\/es\/wp-content\/uploads\/2025\/10\/3474299.jpg\" border=\"0\" alt=\"\" width=\"1013\" height=\"1336\"\/>&#13;<br \/>\nInformaci\u00f3n de Ultima Hora de 14 de julio de 2000.&#13;<\/p>\n<p><strong>Sin embargo, el mi\u00e9rcoles 13 de julio el Mallorca cit\u00f3 de forma urgente<\/strong> a los medios de comunicaci\u00f3n para llevara cabo un anuncio urgente e importante. Diego Trist\u00e1n vestir\u00e1 la zamarra del Real Madrid si Lorenzo Sanz es elegido presidente del club blanco el pr\u00f3ximo domingo. De esta forma lo confirmaba <strong>Mateu Alemany<\/strong> en una conferencia de prensa que sirvi\u00f3 para deshacer la madeja de la contrataci\u00f3n del delantero andaluz y que aclar\u00f3 el montante de la operaci\u00f3n \u00ab2.800 millones de pesetas\u00bb y el futuro de <strong>Samuel Eto\u2019o<\/strong>, que regresar\u00e1 al Real Mallorca.<\/p>\n<p>\u00abHace tres horas que acabo de cerrar la operaci\u00f3n en Madrid con la candidatura de Sanz\u00bb, significaba el consejero delegado del club balear. El mandatario mallorqu\u00edn explicaba como se hab\u00eda finiquitado el traspaso y paralelamente se hab\u00edan roto las negociaciones con el Fiorentina: \u00abcuando viajaba a Mil\u00e1n recib\u00ed una llamada de <strong>Juan Onieva<\/strong> y el Real Madrid hizo una oferta por Trist\u00e1n. Viaj\u00e9 a Italia para escuchar la proposici\u00f3n del Fiorentina, pero no me convenci\u00f3 y volvimos a negociar con el Madrid. Ellos ofrec\u00edan una cantidad cercana a los 3.000 millones de pesetas y al camerun\u00e9s Samuel Eto\u2019o, por lo que decidimos aceptar. Ayer Trist\u00e1n ha firmado un contrato que tendr\u00e1 efecto si Sanz es presidente\u00bb.<\/p>\n<p><img loading=\"lazy\" decoding=\"async\" src=\"https:\/\/www.europesays.com\/es\/wp-content\/uploads\/2025\/10\/3474301.jpg\" border=\"0\" alt=\"\" width=\"1229\" height=\"1600\"\/>&#13;<br \/>\nInformaci\u00f3n de Ultima Hora de martes 18 de julio de 2000.&#13;<\/p>\n<p>Todo estaba cerrado, todo, menos la victoria de Lorenzo Sanz, que no se produjo. La llegada de Florentino P\u00e9rez fren\u00f3 la operaci\u00f3n y finalmente fue Luis Figo quien visti\u00f3 de blanco. Finalmente Diego fich\u00f3 por el Deportivo por id\u00e9ntica cifra. El resto, es historia.<\/p>\n<p>Diego Trist\u00e1n record\u00f3 qu\u00e9 sucedi\u00f3 en una entrevista en Relevo: \u00abYo estaba en Italia para fichar por la Fiorentina, que me ofrec\u00eda un contrato de 5 a\u00f1os y me pagaba una pasada. Entonces me llama mi representante y me dice que me quiere el Madrid, que me quiere Lorenzo Sanz para presentarme ma\u00f1ana mismo. Y yo le digo que hay que pillar el avi\u00f3n y volver a atr\u00e1s. Esa noche presentan a Munitis y Jos\u00e9 Mar\u00eda Garc\u00eda le da una ca\u00f1a brutal a Lorenzo Sanz porque eso no se puede hacer porque hay una gestora. Al final me meten en la candidatura, Sanz le da a Florentino la opci\u00f3n de firmarme pero no se dio, no me quiso y fich\u00e9 por el Deportivo. Llegu\u00e9 y no paraba de llover, pero al final fue lo mejor que me ha pasado\u00bb, relataba.<\/p>\n<p><img loading=\"lazy\" decoding=\"async\" src=\"https:\/\/www.europesays.com\/es\/wp-content\/uploads\/2025\/10\/3474297.jpg\" border=\"0\" alt=\"\" width=\"2048\" height=\"1557\"\/>&#13;<br \/>\nInformaci\u00f3n sobre la situaci\u00f3n de Diego Trist\u00e1n publicada el 19 de julio de 2000.&#13;<\/p>\n<p>Al final Diego Trist\u00e1n no fich\u00f3 ni por el Madrid ni por la Fiorentina y tanto \u00e9l como el Mallorca decidieron que lo mejor era que el futbolista se incorporara a la concentraci\u00f3n en K\u00f6ssen, Austria, a la espera de acontecimientos. No se cerraba del todo la puerta del Madrid, pero Florentino ped\u00eda una rebaja de los 2.800 millones de pesetas adem\u00e1s de pagarle mucho menos de ficha. La operaci\u00f3n termin\u00f3 por no convencer ni al atacante ni al club rojillo. Durante el stage lleg\u00f3 la oferta del Deportivo, que pag\u00f3 2.400 millones de las antiguas pesetas convirti\u00e9ndose en fichaje m\u00e1s caro de su historia hasta ese momento. Ese a\u00f1o se gast\u00f3 10.600 millones en refuerzos.<\/p>\n","protected":false},"excerpt":{"rendered":"El 16 de julio de 2000 Florentino P\u00e9rez gan\u00f3 las elecciones a la presidencia del Real Madrid. Venci\u00f3&hellip;\n","protected":false},"author":2,"featured_media":161040,"comment_status":"","ping_status":"","sticky":false,"template":"","format":"standard","meta":{"footnotes":""},"categories":[268],"tags":[1241,1941,168,25,24,13447,280,282,288,20635,1945,14023,281,23,167],"class_list":{"0":"post-161039","1":"post","2":"type-post","3":"status-publish","4":"format-standard","5":"has-post-thumbnail","7":"category-futbol","8":"tag-champions-league","9":"tag-copa-del-rey","10":"tag-deportes","11":"tag-es","12":"tag-espana","13":"tag-europa-league","14":"tag-football","15":"tag-futbol","16":"tag-laliga","17":"tag-liga-de-naciones","18":"tag-primera-division","19":"tag-real-mallorca","20":"tag-soccer","21":"tag-spain","22":"tag-sports"},"share_on_mastodon":{"url":"","error":""},"_links":{"self":[{"href":"https:\/\/www.europesays.com\/es\/wp-json\/wp\/v2\/posts\/161039","targetHints":{"allow":["GET"]}}],"collection":[{"href":"https:\/\/www.europesays.com\/es\/wp-json\/wp\/v2\/posts"}],"about":[{"href":"https:\/\/www.europesays.com\/es\/wp-json\/wp\/v2\/types\/post"}],"author":[{"embeddable":true,"href":"https:\/\/www.europesays.com\/es\/wp-json\/wp\/v2\/users\/2"}],"replies":[{"embeddable":true,"href":"https:\/\/www.europesays.com\/es\/wp-json\/wp\/v2\/comments?post=161039"}],"version-history":[{"count":0,"href":"https:\/\/www.europesays.com\/es\/wp-json\/wp\/v2\/posts\/161039\/revisions"}],"wp:featuredmedia":[{"embeddable":true,"href":"https:\/\/www.europesays.com\/es\/wp-json\/wp\/v2\/media\/161040"}],"wp:attachment":[{"href":"https:\/\/www.europesays.com\/es\/wp-json\/wp\/v2\/media?parent=161039"}],"wp:term":[{"taxonomy":"category","embeddable":true,"href":"https:\/\/www.europesays.com\/es\/wp-json\/wp\/v2\/categories?post=161039"},{"taxonomy":"post_tag","embeddable":true,"href":"https:\/\/www.europesays.com\/es\/wp-json\/wp\/v2\/tags?post=161039"}],"curies":[{"name":"wp","href":"https:\/\/api.w.org\/{rel}","templated":true}]}}