{"id":161043,"date":"2025-10-07T14:48:08","date_gmt":"2025-10-07T14:48:08","guid":{"rendered":"https:\/\/www.europesays.com\/es\/161043\/"},"modified":"2025-10-07T14:48:08","modified_gmt":"2025-10-07T14:48:08","slug":"pau-quesada-tenemos-que-dar-nuestra-mejor-version-y-demostrar-en-europa-lo-que-somos-realmadrid-com","status":"publish","type":"post","link":"https:\/\/www.europesays.com\/es\/161043\/","title":{"rendered":"Pau Quesada: \u201cTenemos que dar nuestra mejor versi\u00f3n y demostrar en Europa lo que somos&quot; &#8211; realmadrid.com"},"content":{"rendered":"<ol>\n<li><a href=\"https:\/\/news.google.com\/rss\/articles\/CBMingJBVV95cUxOY1ZIRmZWaG9FZl92SzlVSDRGN2pvTlhLYUNxdEUyRHBqMUp5NTZ3T0FMaVRqN2Y5Q1BBZ3lCTENDaVRiZnUweDFYTjJXYTkyNkRQaWpqUVJPaGlKV2xyTTJfRVktdG50c2FiNUhvaklPWDhRYmppcDdDTnJZcE1vOHFIVWpDVTJqNDV3R0dYSGZEdkowWC0xTmQ2RHZWU0tzRkhCeUpmeHhiVExtWUpxQmFNWkY5MkNvbGtFLXdldV9nYzA1ZnlZTXh3N2JGSTIyX1FsdnVEWTY4TEllaldMMEpKUTVHTVU3cXBaRlJtQnNiTzVyelUzZUE1azJZUHg3c05Wc1NTc1FnUXFwUTFKMEYza3A3Q2QzQXdhSF93?oc=5\" target=\"_blank\" rel=\"nofollow noopener\">Pau Quesada: \u201cTenemos que dar nuestra mejor versi\u00f3n y demostrar en Europa lo que somos\u00bb<\/a>&nbsp;&nbsp;realmadrid.com<\/li>\n<li><a href=\"https:\/\/news.google.com\/rss\/articles\/CBMiwAFBVV95cUxQeXB5ckZadE5YNzJIT0Q4Y2paY0ZzNGNCWjlLMERSTnphakhrUFJvOXhSMnJ2QmhqTUZSNHRRSmxBSGlOUk1GeXFDMEx4eVNMR254d2RtZHFVX29mM3JIWDlyQTBjRXZudmR1U3RaSWZTR21TaDNUN2NyYm9zNXZ0MTM2TkxFY1JvMHN1RExaX2JJZUFRcm9uaktveEdjLXhUbXhNRXpuN3Bod3R2Q2prcmRmYjJGSFNEVmtUTnp4TVXSAdQBQVVfeXFMTkljZWxYRXItYWd4YjVtY1ZPYzYtMS1CeWJZaXNvUk1TSElIb2VuN08zVVJPRGF0UXRySmtPaEJfYzVRRXdrMzNrajdNajBxcWdCc2ptVzdNWW9vdFlzdFFmbjJrX05mZ0pIWDkzZUpOcC1INmxCUFRpZlRsS1lqLV9QZ1c0RUFVQzF1eGFsVHEySlNBSS1ZdDNObDZnM1FjYmx0Wnc0SUU3MmNHSklsZXltajVPZ0ZKS0NEVE9SRGFNamx6a0I1c3VTT2NlOFNZaGxnRW0?oc=5\" target=\"_blank\" rel=\"nofollow noopener\">Pau Quesada: \u201cEstamos muy ilusionadas, queremos regalar un gran partido\u201d<\/a>&nbsp;&nbsp;Diario AS<\/li>\n<li><a href=\"https:\/\/news.google.com\/rss\/articles\/CBMi6AFBVV95cUxQcWx5aHBIVG93Ym1mMjYxYjhHMFExcG1EaGtRMnBFb3A2STRGZTh6TjYwMGFhbXJ4SkZDX1pRVEpXemVzYjNkdC1ycFdKSF9RVnBIeXVKRXA1SmlJOHVjNVNqUlJnYVRpTVVmUWJtRXRrb29fWWVNRzJVSm83V3FNRmdRTXJJclVFSFFKemdxZlFQLVZQbmt4bnR2T19hUUJfSUp3NEpicG5NeEpUYTQ1X1NCMElNMnZMbldRbElvSUc1T2owVDZsdmRWektUVU9Mcmx2T2NEXzBob19PZnE2VnZObHp3dkhw0gHwAUFVX3lxTE5ua1JHYklHaGtsSnhoeHMxTVlTazJoS2dYMGZoZTNzUnpKSG1iUW9Xd1B5N0JnN1E3aWp0UEY5SWQwakdRYlA2dUliVFRKSVpxOWY0bm5vaGpTb1FNWFNYMjZ3Vnk4TnRXYmxDWGwzVHFxelNwWUtlZ0FUUy12bTFiRWZaVUkwWFVWQnhCN3VLaUFpdTFJR0hQMC1abUpJUFVXcFNiOHplQ1Zna0tYS1dHTzh5b0tyZWtIcU9pQWJ1SGhqbC1KM3ZZcXUxVXIxM3pzNnNUVG94aFJwdmV6UXBieFd5MkZlM3B1al9UMWotNQ?oc=5\" target=\"_blank\" rel=\"nofollow noopener\">Real Madrid CF vs. AS Roma: horario, d\u00f3nde ver, estad\u00edsticas y pron\u00f3sticos<\/a>&nbsp;&nbsp;Betfair Espa\u00f1a<\/li>\n<li><a href=\"https:\/\/news.google.com\/rss\/articles\/CBMiygFBVV95cUxQUVBWS1VJSmFZUjUtdWZJYnBCWThIV3M1b0ZfTHZ3S2t6MmlseWdZdnpkR1lVQmRmclVpbVpySmpscTFIVzRuV2dVQ3ptNjZwWndfWVAyb1VTeEtUTGFrNzJIZUtVR3FQOHA0b082dlhuMWc4ODM2dlFnTksyb2VZeUJrZjR1ZWFyazJsWnk2OW81Sk9CR0c4YzlDMUFoeGFBekRCSWFHdjhSX0RNTkRRSDg0ekd2bXhIdy1aLVVYLUFyY0h0R0VBYnVR?oc=5\" target=\"_blank\" rel=\"nofollow noopener\">Real Madrid &#8211; Roma: pron\u00f3sticos y apuestas<\/a>&nbsp;&nbsp;Bet365<\/li>\n<li><a href=\"https:\/\/news.google.com\/rss\/articles\/CBMijgFBVV95cUxOOWxnR0sxSmZqRTBVaTdtWWY4MDViZEFNUU44TnVsR1kwNEM4M1lWNXhLM3ZvbE1ua2d3ZjYxc3BwSzR2emx4a09ZVGJYRFJXcEd5SkhCYWhydzRoMGVKU0wtbGIzaXhYR0tqOVNuZ1FFQkozQVNuOE4zUXVweDJveHV2bFh5dHpUZFlYTlFB?oc=5\" target=\"_blank\" rel=\"nofollow noopener\">El Real Madrid, obligado a no fallar ante el Roma<\/a>&nbsp;&nbsp;Vivir Ediciones<\/li>\n<\/ol>\n","protected":false},"excerpt":{"rendered":"Pau Quesada: \u201cTenemos que dar nuestra mejor versi\u00f3n y demostrar en Europa lo que somos\u00bb&nbsp;&nbsp;realmadrid.com Pau Quesada: \u201cEstamos&hellip;\n","protected":false},"author":2,"featured_media":159623,"comment_status":"","ping_status":"","sticky":false,"template":"","format":"standard","meta":{"footnotes":""},"categories":[93],"tags":[168,25,24,6523,3048,23,167],"class_list":{"0":"post-161043","1":"post","2":"type-post","3":"status-publish","4":"format-standard","5":"has-post-thumbnail","7":"category-deportes","8":"tag-deportes","9":"tag-es","10":"tag-espana","11":"tag-home","12":"tag-real-madrid","13":"tag-spain","14":"tag-sports"},"share_on_mastodon":{"url":"","error":""},"_links":{"self":[{"href":"https:\/\/www.europesays.com\/es\/wp-json\/wp\/v2\/posts\/161043","targetHints":{"allow":["GET"]}}],"collection":[{"href":"https:\/\/www.europesays.com\/es\/wp-json\/wp\/v2\/posts"}],"about":[{"href":"https:\/\/www.europesays.com\/es\/wp-json\/wp\/v2\/types\/post"}],"author":[{"embeddable":true,"href":"https:\/\/www.europesays.com\/es\/wp-json\/wp\/v2\/users\/2"}],"replies":[{"embeddable":true,"href":"https:\/\/www.europesays.com\/es\/wp-json\/wp\/v2\/comments?post=161043"}],"version-history":[{"count":0,"href":"https:\/\/www.europesays.com\/es\/wp-json\/wp\/v2\/posts\/161043\/revisions"}],"wp:featuredmedia":[{"embeddable":true,"href":"https:\/\/www.europesays.com\/es\/wp-json\/wp\/v2\/media\/159623"}],"wp:attachment":[{"href":"https:\/\/www.europesays.com\/es\/wp-json\/wp\/v2\/media?parent=161043"}],"wp:term":[{"taxonomy":"category","embeddable":true,"href":"https:\/\/www.europesays.com\/es\/wp-json\/wp\/v2\/categories?post=161043"},{"taxonomy":"post_tag","embeddable":true,"href":"https:\/\/www.europesays.com\/es\/wp-json\/wp\/v2\/tags?post=161043"}],"curies":[{"name":"wp","href":"https:\/\/api.w.org\/{rel}","templated":true}]}}