{"id":161061,"date":"2025-10-07T14:58:08","date_gmt":"2025-10-07T14:58:08","guid":{"rendered":"https:\/\/www.europesays.com\/es\/161061\/"},"modified":"2025-10-07T14:58:08","modified_gmt":"2025-10-07T14:58:08","slug":"el-mensaje-de-ilia-topuria-el-rey-esta-llegando","status":"publish","type":"post","link":"https:\/\/www.europesays.com\/es\/161061\/","title":{"rendered":"El mensaje de Ilia Topuria: \u00abEl rey est\u00e1 llegando&#8230;\u00bb"},"content":{"rendered":"<p data-mrf-recirculation=\"Links P\u00e1rrafos\" class=\"ue-c-article__paragraph paragraph ue-c-article--first-letter-highlighted\">El pasado 29 de julio, Ilia Topuria hizo <strong>historia<\/strong> al noquear a Charles Oliveira en el UFC 317 para convertirse en el <strong>primer doble campe\u00f3n invicto<\/strong>\u00a0de la compa\u00f1\u00eda. Desde entonces, se ha especulado con varios rivales y fechas para que &#8216;El Matador&#8217; realice su<strong> primera defensa<\/strong> de cintur\u00f3n. Tsarukyan, Gaethje, Pimblett&#8230; <strong>Ning\u00fan anuncio oficial.<\/strong> Sin embargo, el peleador hispanogeorgiano ha escrito un <strong>mensaje<\/strong> en redes que ha encendido las <strong>alarmas <\/strong>del mundo de las MMA, ya que su regreso podr\u00eda llegar <strong>antes de lo esperado.<\/strong><\/p>\n<p data-mrf-recirculation=\"Links P\u00e1rrafos\" class=\"ue-c-article__paragraph paragraph\">Cuatro meses despu\u00e9s de su <strong>gesta, <\/strong>Topuria ha compartido un enigm\u00e1tico texto. \u00ab<strong>El rey est\u00e1 llegando. <\/strong>Nadie est\u00e1 a salvo. Ponlos en fila. \u00a1La toma de poder contin\u00faa!\u00bb. En medio de todos los<strong> rumores <\/strong>acerca de un posible combate contra <strong>Justin Gaethje<\/strong> a inicios de 2026, &#8216;El Matador&#8217; ha querido alborotar el gallinero para generar a\u00fan <strong>m\u00e1s hype <\/strong>por su regreso al oct\u00e1gono.<\/p>\n<blockquote class=\"ue-c-article__blockquote\">\n<p>Nadie est\u00e1 a salvo. Ponlos en fila<\/p>\n<p>Ilia Topuria, en redes sociales<\/p><\/blockquote>\n<p data-mrf-recirculation=\"Links P\u00e1rrafos\" class=\"ue-c-article__paragraph paragraph\">Desde que consigui\u00f3 el cintur\u00f3n de <strong>peso pluma<\/strong> en febrero de 2024, Topuria solo ha peleado <strong>dos veces m\u00e1s.<\/strong> En octubre de 2024 para defender el t\u00edtulo ante Max Holloway, y en junio de este a\u00f1o para conseguir el cintur\u00f3n de <strong>peso ligero.<\/strong> Arman Tsarukyan ya tiene combate para el pr\u00f3ximo 22 de noviembre ante Dan Hooker, por lo que si quiere volver pronto solo hay\u00a0<strong>dos nombres disponibles<\/strong>: Justin Gaethje o Paddy Pimblett. La pelea contra el ingl\u00e9s ser\u00eda <strong>m\u00e1s medi\u00e1tica<\/strong>, y contra el americano <strong>m\u00e1s l\u00f3gica<\/strong> para la compa\u00f1\u00eda teniendo en cuenta los r\u00e1nkings.<\/p>\n<p><img decoding=\"async\" width=\"1980\" height=\"1320\" class=\"ue-c-article__image lazyload\" alt=\"Ilia Topuria, tras ganar el cintur\u00f3n mundial de la UFC.\" loading=\"lazy\" src=\"https:\/\/www.europesays.com\/es\/wp-content\/uploads\/2025\/10\/17163705663831.jpeg\"\/>Dana White siembra dudas<\/p>\n<p data-mrf-recirculation=\"Links P\u00e1rrafos\" class=\"ue-c-article__paragraph paragraph\">Si de por s\u00ed ya hab\u00eda<strong> incertidumbre<\/strong>\u00a0<strong\/>con Topuria, Dana White la ha aumentado con sus <strong>declaraciones<\/strong> durante la semana del UFC 320. La compa\u00f1\u00eda ha firmado un <strong>nuevo contrato<\/strong> con Paramount que entrar\u00e1 en vigor en 2026 por el que recibir\u00e1<strong> 7.700 millones <\/strong>de euros en siete a\u00f1os. Como el propio jefe de la UFC ha confirmado, los peleadores <strong>cobrar\u00e1n m\u00e1s<\/strong> por combate, y adem\u00e1s ha revelado que se realizar\u00e1n <strong>cuatro eventos<\/strong> muy grandes a lo largo del a\u00f1o.\u00a0<\/p>\n<blockquote class=\"ue-c-article__blockquote\">\n<p>Necesitamos hacer una cartelera masiva en enero. Va a ser divertido<\/p>\n<p>Dana White, jefe de la UFC<\/p><\/blockquote>\n<p data-mrf-recirculation=\"Links P\u00e1rrafos\" class=\"ue-c-article__paragraph paragraph\">Una de esas mega carteleras es probable que sea en <strong>enero,<\/strong> mes en el que empieza el acuerdo, para<strong> inaugurar<\/strong> por todo lo alto. \u00abNecesitamos hacer una <strong>cartelera masiva <\/strong>en enero. Va a ser divertido\u00bb, afirm\u00f3. Para cumplir con las expectativas, White necesita<strong> nombres importantes<\/strong>, y Topuria podr\u00eda ser la pieza clave. Alex Pereira est\u00e1 <strong>lesionado<\/strong>, Merab suele ser co estelar, y Aspinall pelear\u00e1 a finales de octubre. En noviembre estar\u00e1 en juego el cintur\u00f3n de peso w\u00e9lter, y en diciembre a\u00fan no hay <strong>nada anunciado<\/strong>, pero como m\u00ednimo habr\u00e1 otro t\u00edtulo m\u00e1s en juego.<\/p>\n<p data-mrf-recirculation=\"Links P\u00e1rrafos\" class=\"ue-c-article__paragraph paragraph\">Las opciones se van reduciendo hasta tener a Topuria, <strong>Khamzat Chimaev<\/strong> o Alexander Volkanovski. La UFC tambi\u00e9n podr\u00eda usar el comod\u00edn del <strong>Kayla Harrison vs Amanda Nunes<\/strong>, pero todo hace indicar que la compa\u00f1\u00eda se lo est\u00e1 reservando para la cartelera de la <strong>Casa Blanca<\/strong>. De momento, Ilia sabe que est\u00e1 en el<strong> foco medi\u00e1tico<\/strong>, y un mensaje como el que ha puesto en redes sabe que es una<strong> buena forma<\/strong> de que se siga hablando de \u00e9l.<\/p>\n","protected":false},"excerpt":{"rendered":"El pasado 29 de julio, Ilia Topuria hizo historia al noquear a Charles Oliveira en el UFC 317&hellip;\n","protected":false},"author":2,"featured_media":101541,"comment_status":"","ping_status":"","sticky":false,"template":"","format":"standard","meta":{"footnotes":""},"categories":[276],"tags":[168,25,24,23,167,343],"class_list":{"0":"post-161061","1":"post","2":"type-post","3":"status-publish","4":"format-standard","5":"has-post-thumbnail","7":"category-ufc","8":"tag-deportes","9":"tag-es","10":"tag-espana","11":"tag-spain","12":"tag-sports","13":"tag-ufc"},"share_on_mastodon":{"url":"","error":""},"_links":{"self":[{"href":"https:\/\/www.europesays.com\/es\/wp-json\/wp\/v2\/posts\/161061","targetHints":{"allow":["GET"]}}],"collection":[{"href":"https:\/\/www.europesays.com\/es\/wp-json\/wp\/v2\/posts"}],"about":[{"href":"https:\/\/www.europesays.com\/es\/wp-json\/wp\/v2\/types\/post"}],"author":[{"embeddable":true,"href":"https:\/\/www.europesays.com\/es\/wp-json\/wp\/v2\/users\/2"}],"replies":[{"embeddable":true,"href":"https:\/\/www.europesays.com\/es\/wp-json\/wp\/v2\/comments?post=161061"}],"version-history":[{"count":0,"href":"https:\/\/www.europesays.com\/es\/wp-json\/wp\/v2\/posts\/161061\/revisions"}],"wp:featuredmedia":[{"embeddable":true,"href":"https:\/\/www.europesays.com\/es\/wp-json\/wp\/v2\/media\/101541"}],"wp:attachment":[{"href":"https:\/\/www.europesays.com\/es\/wp-json\/wp\/v2\/media?parent=161061"}],"wp:term":[{"taxonomy":"category","embeddable":true,"href":"https:\/\/www.europesays.com\/es\/wp-json\/wp\/v2\/categories?post=161061"},{"taxonomy":"post_tag","embeddable":true,"href":"https:\/\/www.europesays.com\/es\/wp-json\/wp\/v2\/tags?post=161061"}],"curies":[{"name":"wp","href":"https:\/\/api.w.org\/{rel}","templated":true}]}}