{"id":161070,"date":"2025-10-07T15:07:14","date_gmt":"2025-10-07T15:07:14","guid":{"rendered":"https:\/\/www.europesays.com\/es\/161070\/"},"modified":"2025-10-07T15:07:14","modified_gmt":"2025-10-07T15:07:14","slug":"dos-nietas-de-pescadores-firman-el-primer-libro-sobre-la-historia-del-portus-radio-cartagena","status":"publish","type":"post","link":"https:\/\/www.europesays.com\/es\/161070\/","title":{"rendered":"Dos nietas de pescadores firman el primer libro sobre la historia del Port\u00fas | Radio Cartagena"},"content":{"rendered":"<p>El c\u00f3digo iframe se ha copiado en el portapapeles<\/p>\n<p class=\"tit\">Cati, Pepi y To\u00f1i, desde El Port\u00fas en Hoy por hoy Cartagena<\/p>\n<p>00:00:0015:58<\/p>\n<p>FacebookTwitterLinkedinWhatsAppCerrar<\/p>\n<p class=\"loc\">Cartagena<\/p>\n<p>El Port\u00fas ya cuenta con un libro que recoge su historia, costumbres y vida cotidiana gracias a la iniciativa de dos de sus descendientes, Cati Madrid y Pepi Ram\u00edrez. Nietas de los primeros pobladores, han plasmado en esta obra la memoria de generaciones de pescadores y familias ligadas al mar.<\/p>\n<p><img decoding=\"async\" src=\"https:\/\/www.europesays.com\/es\/wp-content\/uploads\/2025\/10\/BXIHORSZMZHCBPW7CTFXLF6MJM.jpg\" alt=\"To\u00f1i, Cati y Pepi en Hoy por hoy Cartagena\" width=\"4\" height=\"3\"  loading=\"lazy\"\/><\/p>\n<p>To\u00f1i, Cati y Pepi en Hoy por hoy Cartagena \/ Cadena SER<\/p>\n<p>Ampliar<img decoding=\"async\" src=\"https:\/\/www.europesays.com\/es\/wp-content\/uploads\/2025\/10\/1759849631_641_BXIHORSZMZHCBPW7CTFXLF6MJM.jpg\" alt=\"To\u00f1i, Cati y Pepi en Hoy por hoy Cartagena\" width=\"4\" height=\"3\" loading=\"lazy\"\/><\/p>\n<p>To\u00f1i, Cati y Pepi en Hoy por hoy Cartagena \/ Cadena SER<\/p>\n<p>Cerrar<\/p>\n<p>\u201cLa idea nos la propuso una se\u00f1ora sin ra\u00edces en el Port\u00fas, y nosotras cogimos el testigo. Hemos hecho este modesto libro que recoge la historia de nuestros antepasados\u201d, explica Cati. Pepi a\u00f1ade que el relato se centra \u201cen los gallegos que fueron los primeros pobladores oficiales, que se casaron con mujeres de Galifa y se asentaron all\u00ed con los medios que ten\u00edan\u201d.<\/p>\n<p><img decoding=\"async\" src=\"https:\/\/www.europesays.com\/es\/wp-content\/uploads\/2025\/10\/KBVF2TEUNZDYZLKKW7OYHVD2UA.jpg\" width=\"650\" height=\"1156\"  loading=\"lazy\"\/><\/p>\n<p>Isabel Andreu<\/p>\n<p>Ampliar<img decoding=\"async\" src=\"https:\/\/www.europesays.com\/es\/wp-content\/uploads\/2025\/10\/1759849632_166_KBVF2TEUNZDYZLKKW7OYHVD2UA.jpg\" width=\"650\" height=\"1156\" loading=\"lazy\"\/><\/p>\n<p>Isabel Andreu<\/p>\n<p>Cerrar<\/p>\n<p>El libro arranca con la llegada de aquellos pescadores, repasa la vida cotidiana hasta mediados del siglo XX y relata c\u00f3mo, en 1955, la Cofrad\u00eda de Pescadores construy\u00f3 nuevas casas en Santa Luc\u00eda, lo que transform\u00f3 el uso del Port\u00fas en lugar de veraneo.<\/p>\n<p>Recuerdos de infancia y vida marinera<\/p>\n<p>Las autoras comparten recuerdos personales de infancia y juventud ligados al mar. \u201cRecuerdo c\u00f3mo mi abuelo se acercaba a la playa en un &#8216;chinchorro&#8217;, solo para saludarnos y darnos un beso antes de seguir faenando\u201d, recuerda Cati. Pepi a\u00f1ade: \u201cLos ba\u00f1os con mis primos, mi abuela sentada en la puerta de casa&#8230; Son recuerdos maravillosos\u201d.<\/p>\n<p>Ambas destacan la dureza de la vida marinera: \u201cMi madre contaba los golpes de mar que cubr\u00edan el barco entero. Hasta que no los ve\u00edan volver, la familia sufr\u00eda much\u00edsimo\u201d, dice Cati. Pepi recuerda que las mujeres esperaban en la orilla: \u201cCuando hab\u00eda una &#8216;marej\u00e1&#8217;, nuestras abuelas estaban pendientes del marido y de los hijos en el mar\u201d.<\/p>\n<p>Tradiciones vivas: la j\u00e1bega<\/p>\n<p>El libro tambi\u00e9n recoge las tradiciones, como la j\u00e1bega, recreaci\u00f3n que cada agosto devuelve al Port\u00fas la estampa de los pescadores tirando de las redes. \u201cEs muy llamativa, participan ni\u00f1os y mujeres, y nos sirve para que las nuevas generaciones aprendan de sus mayores\u201d, explica To\u00f1i, presidenta de la Asociaci\u00f3n de Mujeres y vicepresidenta vecinal.<\/p>\n<p><img decoding=\"async\" src=\"https:\/\/www.europesays.com\/es\/wp-content\/uploads\/2025\/10\/NX6SNZIBJBERVF6Q5QLNKCNC6E.jpg\" alt=\"To\u00f1i, Cati y Pepi en Hoy por hoy Cartagena\" width=\"4\" height=\"3\"  loading=\"lazy\"\/><\/p>\n<p>To\u00f1i, Cati y Pepi en Hoy por hoy Cartagena \/ SER<\/p>\n<p>Ampliar<img decoding=\"async\" src=\"https:\/\/www.europesays.com\/es\/wp-content\/uploads\/2025\/10\/1759849634_921_NX6SNZIBJBERVF6Q5QLNKCNC6E.jpg\" alt=\"To\u00f1i, Cati y Pepi en Hoy por hoy Cartagena\" width=\"4\" height=\"3\" loading=\"lazy\"\/><\/p>\n<p>To\u00f1i, Cati y Pepi en Hoy por hoy Cartagena \/ SER<\/p>\n<p>Cerrar<\/p>\n<p>\u201cNuestro objetivo principal es que los j\u00f3venes conozcan sus or\u00edgenes, comparen y valoren la suerte que tienen hoy\u201d.<\/p>\n<p>El Port\u00fas durante la Guerra Civil<\/p>\n<p>El relato tambi\u00e9n incluye episodios duros, como los efectos de la Guerra Civil: \u201cNuestros abuelos fueron apresados, los acusaban de dar pescado al otro bando. Estuvieron 21 d\u00edas presos y los iban a fusilar. Los salvaron porque un cu\u00f1ado de mi abuelo era carabinero\u201d, cuenta Cati.<\/p>\n<p>Un libro como legado<\/p>\n<p>El libro, subvencionado por el Ayuntamiento, no est\u00e1 a la venta pero puede consultarse en el Archivo Municipal. \u201cEs un testimonio, un legado y un apego por el mar que queremos transmitir a nuestros hijos y nietos\u201d, afirma Cati.<\/p>\n<p>To\u00f1i lo resume con orgullo, \u00abgracias a ellas tenemos un libro que dice qui\u00e9nes somos y de d\u00f3nde venimos. Para los vecinos es una satisfacci\u00f3n enorme, porque nos da entidad\u201d.<\/p>\n","protected":false},"excerpt":{"rendered":"El c\u00f3digo iframe se ha copiado en el portapapeles Cati, Pepi y To\u00f1i, desde El Port\u00fas en Hoy&hellip;\n","protected":false},"author":2,"featured_media":161071,"comment_status":"","ping_status":"","sticky":false,"template":"","format":"standard","meta":{"footnotes":""},"categories":[172],"tags":[224,146,147,25,24,225,23],"class_list":{"0":"post-161070","1":"post","2":"type-post","3":"status-publish","4":"format-standard","5":"has-post-thumbnail","7":"category-libros","8":"tag-books","9":"tag-entertainment","10":"tag-entretenimiento","11":"tag-es","12":"tag-espana","13":"tag-libros","14":"tag-spain"},"share_on_mastodon":{"url":"","error":""},"_links":{"self":[{"href":"https:\/\/www.europesays.com\/es\/wp-json\/wp\/v2\/posts\/161070","targetHints":{"allow":["GET"]}}],"collection":[{"href":"https:\/\/www.europesays.com\/es\/wp-json\/wp\/v2\/posts"}],"about":[{"href":"https:\/\/www.europesays.com\/es\/wp-json\/wp\/v2\/types\/post"}],"author":[{"embeddable":true,"href":"https:\/\/www.europesays.com\/es\/wp-json\/wp\/v2\/users\/2"}],"replies":[{"embeddable":true,"href":"https:\/\/www.europesays.com\/es\/wp-json\/wp\/v2\/comments?post=161070"}],"version-history":[{"count":0,"href":"https:\/\/www.europesays.com\/es\/wp-json\/wp\/v2\/posts\/161070\/revisions"}],"wp:featuredmedia":[{"embeddable":true,"href":"https:\/\/www.europesays.com\/es\/wp-json\/wp\/v2\/media\/161071"}],"wp:attachment":[{"href":"https:\/\/www.europesays.com\/es\/wp-json\/wp\/v2\/media?parent=161070"}],"wp:term":[{"taxonomy":"category","embeddable":true,"href":"https:\/\/www.europesays.com\/es\/wp-json\/wp\/v2\/categories?post=161070"},{"taxonomy":"post_tag","embeddable":true,"href":"https:\/\/www.europesays.com\/es\/wp-json\/wp\/v2\/tags?post=161070"}],"curies":[{"name":"wp","href":"https:\/\/api.w.org\/{rel}","templated":true}]}}